{"id":352,"date":"2020-10-11T00:48:40","date_gmt":"2020-10-10T21:48:40","guid":{"rendered":"http:\/\/www.habertelgraf.com\/?p=352"},"modified":"2020-10-11T00:48:40","modified_gmt":"2020-10-10T21:48:40","slug":"istanbul-yabanci-yatirimci-icin-cazip-hale-geldi","status":"publish","type":"post","link":"http:\/\/www.habertelgraf.com\/?p=352","title":{"rendered":"\u0130stanbul yabanc\u0131 yat\u0131r\u0131mc\u0131 i\u00e7in cazip hale geldi"},"content":{"rendered":"\n<h2>\u0130stanbul&#8217;da Yabanc\u0131 Ortakl\u0131 Firma Say\u0131s\u0131 Artt\u0131<\/h2>\n\n\n\n<p>\u0130stanbul&#8217;da yabanc\u0131 ortakl\u0131 kurulan firma say\u0131lar\u0131 ve sermaye tutarlar\u0131, yeni tip koronavir\u00fcs (Kovid-19) salg\u0131n\u0131nda normalle\u015fme s\u00fcrecinin ba\u015flad\u0131\u011f\u0131 1 Haziran\u2019dan sonra \u2018V \u015feklinde \u00e7\u0131k\u0131\u015f\u2019<\/p>\n\n\n\n<p><\/p>\n\n\n\n<p>\u0130stanbul&#8217;da yabanc\u0131 ortakl\u0131 kurulan firma say\u0131lar\u0131 ve sermaye tutarlar\u0131, yeni tip koronavir\u00fcs (Kovid-19) salg\u0131n\u0131nda normalle\u015fme s\u00fcrecinin ba\u015flad\u0131\u011f\u0131 1 Haziran\u2019dan sonra \u2018V \u015feklinde \u00e7\u0131k\u0131\u015f\u2019 ger\u00e7ekle\u015ftirdi.<\/p>\n\n\n\n<p>\u0130stanbul Ticaret Odas\u0131\u2019n\u0131n (\u0130TO) Yabanc\u0131 Yat\u0131r\u0131mc\u0131 Pandemi Raporu&#8217;na g\u00f6re bu y\u0131l salg\u0131n \u00f6ncesi 1 Ocak-15 Mart d\u00f6neminde 2 bin 779 yabanc\u0131 ortak, 506 milyon 251 bin lira sermayeli firma kurdu. Vir\u00fcs\u00fcn zirve yapt\u0131\u011f\u0131 15 Mart-1 Haziran\u2019da yat\u0131r\u0131mc\u0131 say\u0131s\u0131 573\u2019e, sermaye tutar\u0131 ise 145 milyon 907 bin liraya geriledi. Ard\u0131ndan g\u00fc\u00e7l\u00fc bir y\u00fckseli\u015f ger\u00e7ekle\u015fti. Normalle\u015fme d\u00f6nemi olan 1 Haziran-10 Eyl\u00fcl aras\u0131nda 2 bin 678 yabanc\u0131 yat\u0131r\u0131mc\u0131, 647 milyon 407 bin lira sermayeli firma kurulu\u015funa imza att\u0131. \u0130TO Ba\u015fkan\u0131 \u015eekib Avdagi\u00e7, bu \u00e7\u0131k\u0131\u015f\u0131n hem normalle\u015fme s\u00fcrecinin ba\u015far\u0131s\u0131n\u0131 hem de k\u00fcresel al\u0131c\u0131lar\u0131n Uzakdo\u011fu\u2019ya alternatif olarak T\u00fcrkiye\u2019nin konumunu giderek daha fazla hesaba katt\u0131klar\u0131n\u0131 g\u00f6sterdi\u011fini ifade etti. Avdagi\u00e7, \u201cPandemi ortam\u0131nda b\u00fct\u00fcn al\u0131c\u0131lar, Uzakdo\u011fu\u2019ya alternatif bulmaya \u00e7al\u0131\u015f\u0131yorlar. Yat\u0131r\u0131mlarda ve lojistik tercihlerde \u00f6nemli de\u011fi\u015fiklikler olmaya ba\u015flad\u0131. Bu de\u011fi\u015fikli\u011fin en belirgin \u00f6zelli\u011fi, \u2018\u00dcretimin en ucuz oldu\u011fu yere konumlanma\u2019 stratejisinin de\u011fi\u015fmesidir. T\u00fcrkiye, bu noktada olu\u015fan bo\u015flu\u011fu doldurmaya ba\u015flad\u0131. \u0130stanbul Ticaret Odas\u0131 verileri de bu tespiti do\u011fruluyor\u201d diye konu\u015ftu.<\/p>\n\n\n\n<p>TEDAR\u0130K Z\u0130NC\u0130R\u0130NDE EN DO\u011eRU YERDEY\u0130Z<\/p>\n\n\n\n<p>\u015eekib Avdagi\u00e7, T\u00fcrkiye\u2019nin Kovid-19 sonras\u0131 yeniden yap\u0131lanan k\u00fcresel tedarik zincirlerinde en g\u00fc\u00e7l\u00fc halkas\u0131 oldu\u011funu s\u00f6yledi. Koronavir\u00fcs salg\u0131n\u0131n\u0131n ekonomide &#8220;f\u0131rsat&#8221; taraf\u0131nda bir numaral\u0131 maddesi oldu\u011funu kaydeden Avdagi\u00e7, \u201cBunun i\u00e7in \u00f6nemli \u00fcst\u00fcnl\u00fc\u011fe sahibiz. Tedarik zincirinde en do\u011fru yerdeyiz. Co\u011frafi lokasyon avantaj\u0131m\u0131z\u0131, do\u011fru \u015feklide kullanarak \u00f6ne \u00e7\u0131kmal\u0131y\u0131z&#8221; dedi. \u0130TO\u2019nun Yabanc\u0131 Yat\u0131r\u0131mc\u0131 Pandemi Raporu\u2019nun dikkati \u00e7ekici sonu\u00e7lar\u0131ndan birinin Avrupa Birli\u011fi\u2019nden gelen sermayedarlara ili\u015fkin oldu\u011funu belirten Avdagi\u00e7, \u015f\u00f6yle konu\u015ftu: \u201cNormalle\u015fme d\u00f6neminde Avrupa Birli\u011fi\u2019nden gelen yabanc\u0131 yat\u0131r\u0131mc\u0131 ilgisi de dikkati \u00e7ekici. Pandemi \u00f6ncesi AB \u00fclkelerinden firma kurmak i\u00e7in \u0130stanbul\u2019a 248 yat\u0131r\u0131mc\u0131 ortak gelirken, pandemi s\u0131ras\u0131nda bu say\u0131 64\u2019e geriledi. Ard\u0131ndan normalle\u015fmeyle birlikte AB\u2019li ortak say\u0131s\u0131, 234\u2019e y\u00fckseldi. Firma sermaye tutarlar\u0131 da pandemi \u00f6ncesindeki 85 milyon lira seviyesinden, pandemi sonras\u0131nda 124 milyon liraya \u00e7\u0131kt\u0131.&#8221; \u201cT\u00fcrkiye\u2019nin as\u0131l hikayesi korona sonras\u0131 k\u00fcreselde belli olacak\u201d ifadesini kullanan Avdagi\u00e7, \u201cT\u00fcrkiye, d\u00fcnyan\u0131n en b\u00fcy\u00fck ekonomilerinden biri olmay\u0131 ekonomisinin kapasitesi ve teknolojisiyle hak ediyor. T\u00fcrkiye\u2019nin \u0130talya\u2019dan \u00c7in Seddi\u2019ne uzanan co\u011frafyada, \u2018\u00fcretim g\u00fcc\u00fc ve verimlili\u011fi en y\u00fcksek \u00fclke\u2019 olarak konumlanaca\u011f\u0131ndan zerre kadar \u015f\u00fcphemiz yok\u201d de\u011ferlendirmesinde bulundu.<\/p>\n\n\n\n<p>\u0130TO\u2019NUN \u0130HRACATA \u0130LK ADIM PROGRAMI<\/p>\n\n\n\n<p>\u0130TO Ba\u015fkan\u0131 Avdagi\u00e7, yabanc\u0131 sermaye ile birlikte katma de\u011ferli ihracat\u0131n da T\u00fcrkiye\u2019nin gelece\u011fini belirleyece\u011fini kaydetti. T\u00fcrkiye\u2019nin gelecek y\u0131llardaki ihracat tahminlerinde \u00fc\u00e7 fakt\u00f6r\u00fcn etkili olaca\u011f\u0131n\u0131 bildiren Avdagi\u00e7, \u201cBirincisi, hedef pazarlar\u0131n ne kadar b\u00fcy\u00fcyece\u011fi. \u0130kincisi, petrol fiyat\u0131n\u0131n ne olaca\u011f\u0131. Ve son olarak Avro\/dolar paritesi&#8230; 2021\u2019de ihracatta y\u00fczde 11, ithalatta y\u00fczde 9.4 art\u0131\u015f beklentisi var. Bu y\u0131l y\u00fczde 8-10 civar\u0131nda daralmas\u0131 \u00f6ng\u00f6r\u00fclen AB ekonomisinin 2021\u2019de y\u00fczde 6 b\u00fcy\u00fcmesi bekleniyor. ABD\u2019nin ise y\u00fczde 4.5 b\u00fcy\u00fcyece\u011fi \u00f6ng\u00f6r\u00fcl\u00fcyor. Kom\u015fu ve \u00e7evre \u00fclkelerde ise b\u00fcy\u00fcme daha yava\u015f olacak. Ancak genel itibariyle hedef pazarlar\u0131m\u0131zda olduk\u00e7a iyi bir b\u00fcy\u00fcme g\u00f6rece\u011fiz&#8221; ifadelerini kulland\u0131. Avdagi\u00e7, \u00fcyelerinin y\u00fczde 99\u2019u KOB\u0130\u2019lerden olu\u015fan \u0130TO olarak ihracat art\u0131\u015f\u0131na katk\u0131da bulunmak amac\u0131yla \u0130TO \u0130hracata \u0130lk Ad\u0131m Program\u0131\u2019na pandemi d\u00f6neminde h\u0131z verdiklerini aktard\u0131. Program\u0131n 13. Etab\u0131n\u0131 \u015eubat &#8211; Eyl\u00fcl 2020 d\u00f6neminde tamamlad\u0131klar\u0131na i\u015faret eden Avdagi\u00e7, projenin bu etab\u0131na dahil olan 20 KOB\u0130\u2019nin 19\u2019unun 8 ayda ihracat yapt\u0131\u011f\u0131n\u0131 s\u00f6yledi. Avdagi\u00e7, \u201cOtomotiv sekt\u00f6r\u00fcnde faaliyet g\u00f6stermekte olan bir firmam\u0131z, 3 \u00fclkeye toplamda 1 milyon 45 bin Avro tutar\u0131nda ihracat yapmay\u0131 ba\u015fard\u0131. Firmalar\u0131m\u0131z 25 \u00fclkeye ihracat yapt\u0131lar. \u0130hracat\u0131n tutar\u0131 da 6 milyon 822 bin dolar oldu. Bir \u00f6nceki etapta yer alan firmalar\u0131n ihracat\u0131 ise 3 milyon 17 bin dolar olmu\u015ftu. Bu da \u015funu g\u00f6steriyor. Pandemi bizim firmalar\u0131m\u0131za engel de\u011fil, f\u0131rsat olmu\u015ftur&#8221; diye konu\u015ftu. \u0130TO\u2019nun uluslararas\u0131 faaliyetlerine devam etti\u011fini kaydeden Avdagi\u00e7, \u015funlar\u0131 kaydetti: \u201cBu ama\u00e7la iki \u00f6nemli a\u00e7\u0131l\u0131m ger\u00e7ekle\u015ftirdik. Biri, K\u00f6rfez\u2019deki \u00f6nemli dost ve m\u00fcttefikimiz Katar a\u00e7\u0131l\u0131m\u0131, di\u011feri de Latin Amerika\u2019n\u0131n g\u00fc\u00e7l\u00fc \u00fclkelerinden Uruguay\u2019a y\u00f6nelik Uruguay a\u00e7\u0131l\u0131m\u0131. Katarl\u0131 i\u015fadamlar\u0131na \u0130stanbul\u2019un i\u015f imkanlar\u0131n\u0131 aktard\u0131k. Uruguay A\u00e7\u0131l\u0131m\u0131 ile de tarihimizde ilk defa Uruguay Ticaret Odalar\u0131 ile \u0130stanbul Ticaret Odas\u0131 olarak Mutabakat Zapt\u0131 imzalad\u0131k. Bu arada Tunus Ticaret ve Sanayi Odas\u0131 Ba\u015fkan\u0131 Mounir Mouakhar da odam\u0131z\u0131 ziyaret etti. \u0130ki kurum aras\u0131nda ticari ve ekonomik ili\u015fkiyi geli\u015ftirmek amac\u0131yla i\u015fbirli\u011fi anla\u015fmas\u0131 imzalad\u0131k.\u201d<\/p>\n","protected":false},"excerpt":{"rendered":"<p>\u0130stanbul&#8217;da Yabanc\u0131 Ortakl\u0131 Firma Say\u0131s\u0131 Artt\u0131 \u0130stanbul&#8217;da yabanc\u0131 ortakl\u0131 kurulan firma say\u0131lar\u0131 ve sermaye tutarlar\u0131, yeni tip koronavir\u00fcs (Kovid-19) salg\u0131n\u0131nda normalle\u015fme s\u00fcrecinin ba\u015flad\u0131\u011f\u0131 1 Haziran\u2019dan sonra \u2018V \u015feklinde \u00e7\u0131k\u0131\u015f\u2019 \u0130stanbul&#8217;da yabanc\u0131 ortakl\u0131 kurulan firma say\u0131lar\u0131 ve sermaye tutarlar\u0131, yeni tip koronavir\u00fcs (Kovid-19) salg\u0131n\u0131nda normalle\u015fme s\u00fcrecinin ba\u015flad\u0131\u011f\u0131 1 Haziran\u2019dan sonra \u2018V \u015feklinde \u00e7\u0131k\u0131\u015f\u2019 ger\u00e7ekle\u015ftirdi. \u0130stanbul Ticaret &hellip;<\/p>\n","protected":false},"author":1,"featured_media":0,"comment_status":"open","ping_status":"open","sticky":false,"template":"","format":"standard","meta":[],"categories":[3],"tags":[],"_links":{"self":[{"href":"http:\/\/www.habertelgraf.com\/index.php?rest_route=\/wp\/v2\/posts\/352"}],"collection":[{"href":"http:\/\/www.habertelgraf.com\/index.php?rest_route=\/wp\/v2\/posts"}],"about":[{"href":"http:\/\/www.habertelgraf.com\/index.php?rest_route=\/wp\/v2\/types\/post"}],"author":[{"embeddable":true,"href":"http:\/\/www.habertelgraf.com\/index.php?rest_route=\/wp\/v2\/users\/1"}],"replies":[{"embeddable":true,"href":"http:\/\/www.habertelgraf.com\/index.php?rest_route=%2Fwp%2Fv2%2Fcomments&post=352"}],"version-history":[{"count":1,"href":"http:\/\/www.habertelgraf.com\/index.php?rest_route=\/wp\/v2\/posts\/352\/revisions"}],"predecessor-version":[{"id":353,"href":"http:\/\/www.habertelgraf.com\/index.php?rest_route=\/wp\/v2\/posts\/352\/revisions\/353"}],"wp:attachment":[{"href":"http:\/\/www.habertelgraf.com\/index.php?rest_route=%2Fwp%2Fv2%2Fmedia&parent=352"}],"wp:term":[{"taxonomy":"category","embeddable":true,"href":"http:\/\/www.habertelgraf.com\/index.php?rest_route=%2Fwp%2Fv2%2Fcategories&post=352"},{"taxonomy":"post_tag","embeddable":true,"href":"http:\/\/www.habertelgraf.com\/index.php?rest_route=%2Fwp%2Fv2%2Ftags&post=352"}],"curies":[{"name":"wp","href":"https:\/\/api.w.org\/{rel}","templated":true}]}}