{"id":354,"date":"2020-10-11T01:24:09","date_gmt":"2020-10-10T22:24:09","guid":{"rendered":"http:\/\/www.habertelgraf.com\/?p=354"},"modified":"2020-10-11T01:25:04","modified_gmt":"2020-10-10T22:25:04","slug":"hatay-yangini-sosyal-medyayi-da-salladi","status":"publish","type":"post","link":"http:\/\/www.habertelgraf.com\/?p=354","title":{"rendered":"Hatay yang\u0131n\u0131 sosyal medyay\u0131 da sallad\u0131!"},"content":{"rendered":"\n<h2>Skandal \u00f6tesi Hatay payla\u015f\u0131mlar\u0131<\/h2>\n\n\n\n<div class=\"is-layout-flow wp-block-group has-black-color has-text-color\"><div class=\"wp-block-group__inner-container\">\n<p>Hatay&#8217;daki yang\u0131nla ilgili sosyal medyada binlerce yorum yap\u0131ld\u0131.<\/p>\n<\/div><\/div>\n\n\n\n<p>Yang\u0131n sonras\u0131 ter\u00f6r \u00f6rg\u00fct\u00fcne yak\u0131n gruplar olay\u0131 \u00fcstlenerek yang\u0131n\u0131n neden ve nas\u0131l ba\u015flad\u0131\u011f\u0131n\u0131 da itiraf etmi\u015f oldu.<\/p>\n\n\n\n<figure class=\"wp-block-embed-instagram wp-block-embed is-type-rich is-provider-instagram\"><div class=\"wp-block-embed__wrapper\">\n<blockquote class=\"instagram-media\" data-instgrm-captioned data-instgrm-permalink=\"https:\/\/www.instagram.com\/p\/CGLctgdq29n\/?utm_source=ig_embed&amp;utm_campaign=loading\" data-instgrm-version=\"12\" style=\" background:#FFF; border:0; border-radius:3px; box-shadow:0 0 1px 0 rgba(0,0,0,0.5),0 1px 10px 0 rgba(0,0,0,0.15); margin: 1px; max-width:658px; min-width:326px; padding:0; width:99.375%; width:-webkit-calc(100% - 2px); width:calc(100% - 2px);\"><div style=\"padding:16px;\"> <a href=\"https:\/\/www.instagram.com\/p\/CGLctgdq29n\/?utm_source=ig_embed&amp;utm_campaign=loading\" style=\" background:#FFFFFF; line-height:0; padding:0 0; text-align:center; text-decoration:none; width:100%;\" target=\"_blank\"> <div style=\" display: flex; flex-direction: row; align-items: center;\"> <div style=\"background-color: #F4F4F4; border-radius: 50%; flex-grow: 0; height: 40px; margin-right: 14px; width: 40px;\"><\/div> <div style=\"display: flex; flex-direction: column; flex-grow: 1; justify-content: center;\"> <div style=\" background-color: #F4F4F4; border-radius: 4px; flex-grow: 0; height: 14px; margin-bottom: 6px; width: 100px;\"><\/div> <div style=\" background-color: #F4F4F4; border-radius: 4px; flex-grow: 0; height: 14px; width: 60px;\"><\/div><\/div><\/div><div style=\"padding: 19% 0;\"><\/div> <div style=\"display:block; height:50px; margin:0 auto 12px; width:50px;\"><svg width=\"50px\" height=\"50px\" viewBox=\"0 0 60 60\" version=\"1.1\" xmlns=\"https:\/\/www.w3.org\/2000\/svg\" xmlns:xlink=\"https:\/\/www.w3.org\/1999\/xlink\"><g stroke=\"none\" stroke-width=\"1\" fill=\"none\" fill-rule=\"evenodd\"><g transform=\"translate(-511.000000, -20.000000)\" fill=\"#000000\"><g><path d=\"M556.869,30.41 C554.814,30.41 553.148,32.076 553.148,34.131 C553.148,36.186 554.814,37.852 556.869,37.852 C558.924,37.852 560.59,36.186 560.59,34.131 C560.59,32.076 558.924,30.41 556.869,30.41 M541,60.657 C535.114,60.657 530.342,55.887 530.342,50 C530.342,44.114 535.114,39.342 541,39.342 C546.887,39.342 551.658,44.114 551.658,50 C551.658,55.887 546.887,60.657 541,60.657 M541,33.886 C532.1,33.886 524.886,41.1 524.886,50 C524.886,58.899 532.1,66.113 541,66.113 C549.9,66.113 557.115,58.899 557.115,50 C557.115,41.1 549.9,33.886 541,33.886 M565.378,62.101 C565.244,65.022 564.756,66.606 564.346,67.663 C563.803,69.06 563.154,70.057 562.106,71.106 C561.058,72.155 560.06,72.803 558.662,73.347 C557.607,73.757 556.021,74.244 553.102,74.378 C549.944,74.521 548.997,74.552 541,74.552 C533.003,74.552 532.056,74.521 528.898,74.378 C525.979,74.244 524.393,73.757 523.338,73.347 C521.94,72.803 520.942,72.155 519.894,71.106 C518.846,70.057 518.197,69.06 517.654,67.663 C517.244,66.606 516.755,65.022 516.623,62.101 C516.479,58.943 516.448,57.996 516.448,50 C516.448,42.003 516.479,41.056 516.623,37.899 C516.755,34.978 517.244,33.391 517.654,32.338 C518.197,30.938 518.846,29.942 519.894,28.894 C520.942,27.846 521.94,27.196 523.338,26.654 C524.393,26.244 525.979,25.756 528.898,25.623 C532.057,25.479 533.004,25.448 541,25.448 C548.997,25.448 549.943,25.479 553.102,25.623 C556.021,25.756 557.607,26.244 558.662,26.654 C560.06,27.196 561.058,27.846 562.106,28.894 C563.154,29.942 563.803,30.938 564.346,32.338 C564.756,33.391 565.244,34.978 565.378,37.899 C565.522,41.056 565.552,42.003 565.552,50 C565.552,57.996 565.522,58.943 565.378,62.101 M570.82,37.631 C570.674,34.438 570.167,32.258 569.425,30.349 C568.659,28.377 567.633,26.702 565.965,25.035 C564.297,23.368 562.623,22.342 560.652,21.575 C558.743,20.834 556.562,20.326 553.369,20.18 C550.169,20.033 549.148,20 541,20 C532.853,20 531.831,20.033 528.631,20.18 C525.438,20.326 523.257,20.834 521.349,21.575 C519.376,22.342 517.703,23.368 516.035,25.035 C514.368,26.702 513.342,28.377 512.574,30.349 C511.834,32.258 511.326,34.438 511.181,37.631 C511.035,40.831 511,41.851 511,50 C511,58.147 511.035,59.17 511.181,62.369 C511.326,65.562 511.834,67.743 512.574,69.651 C513.342,71.625 514.368,73.296 516.035,74.965 C517.703,76.634 519.376,77.658 521.349,78.425 C523.257,79.167 525.438,79.673 528.631,79.82 C531.831,79.965 532.853,80.001 541,80.001 C549.148,80.001 550.169,79.965 553.369,79.82 C556.562,79.673 558.743,79.167 560.652,78.425 C562.623,77.658 564.297,76.634 565.965,74.965 C567.633,73.296 568.659,71.625 569.425,69.651 C570.167,67.743 570.674,65.562 570.82,62.369 C570.966,59.17 571,58.147 571,50 C571,41.851 570.966,40.831 570.82,37.631\"><\/path><\/g><\/g><\/g><\/svg><\/div><div style=\"padding-top: 8px;\"> <div style=\" color:#3897f0; font-family:Arial,sans-serif; font-size:14px; font-style:normal; font-weight:550; line-height:18px;\"> View this post on Instagram<\/div><\/div><div style=\"padding: 12.5% 0;\"><\/div> <div style=\"display: flex; flex-direction: row; margin-bottom: 14px; align-items: center;\"><div> <div style=\"background-color: #F4F4F4; border-radius: 50%; height: 12.5px; width: 12.5px; transform: translateX(0px) translateY(7px);\"><\/div> <div style=\"background-color: #F4F4F4; height: 12.5px; transform: rotate(-45deg) translateX(3px) translateY(1px); width: 12.5px; flex-grow: 0; margin-right: 14px; margin-left: 2px;\"><\/div> <div style=\"background-color: #F4F4F4; border-radius: 50%; height: 12.5px; width: 12.5px; transform: translateX(9px) translateY(-18px);\"><\/div><\/div><div style=\"margin-left: 8px;\"> <div style=\" background-color: #F4F4F4; border-radius: 50%; flex-grow: 0; height: 20px; width: 20px;\"><\/div> <div style=\" width: 0; height: 0; border-top: 2px solid transparent; border-left: 6px solid #f4f4f4; border-bottom: 2px solid transparent; transform: translateX(16px) translateY(-4px) rotate(30deg)\"><\/div><\/div><div style=\"margin-left: auto;\"> <div style=\" width: 0px; border-top: 8px solid #F4F4F4; border-right: 8px solid transparent; transform: translateY(16px);\"><\/div> <div style=\" background-color: #F4F4F4; flex-grow: 0; height: 12px; width: 16px; transform: translateY(-4px);\"><\/div> <div style=\" width: 0; height: 0; border-top: 8px solid #F4F4F4; border-left: 8px solid transparent; transform: translateY(-4px) translateX(8px);\"><\/div><\/div><\/div><\/a> <p style=\" margin:8px 0 0 0; padding:0 4px;\"> <a href=\"https:\/\/www.instagram.com\/p\/CGLctgdq29n\/?utm_source=ig_embed&amp;utm_campaign=loading\" style=\" color:#000; font-family:Arial,sans-serif; font-size:14px; font-style:normal; font-weight:normal; line-height:17px; text-decoration:none; word-wrap:break-word;\" target=\"_blank\">#hatay yang\u0131n\u0131 ile ilgili ter\u00f6r yanda\u015flar\u0131n\u0131n payla\u015f\u0131m\u0131 Ba\u015fka fail aramaya gerek yok yani.<\/a><\/p> <p style=\" color:#c9c8cd; font-family:Arial,sans-serif; font-size:14px; line-height:17px; margin-bottom:0; margin-top:8px; overflow:hidden; padding:8px 0 7px; text-align:center; text-overflow:ellipsis; white-space:nowrap;\">A post shared by @<a href=\"https:\/\/www.instagram.com\/habertelgrafinsta\/?utm_source=ig_embed&amp;utm_campaign=loading\" style=\" color:#c9c8cd; font-family:Arial,sans-serif; font-size:14px; font-style:normal; font-weight:normal; line-height:17px;\" target=\"_blank\"> habertelgrafinsta<\/a> on <time style=\" font-family:Arial,sans-serif; font-size:14px; line-height:17px;\" datetime=\"2020-10-10T21:56:22+00:00\">Oct 10, 2020 at 2:56pm PDT<\/time><\/p><\/div><\/blockquote><script async src=\"\/\/www.instagram.com\/embed.js\"><\/script>\n<\/div><\/figure>\n\n\n\n<p><\/p>\n\n\n\n<p><\/p>\n\n\n\n<p><\/p>\n\n\n\n<p><\/p>\n\n\n\n<p><\/p>\n\n\n\n<p><\/p>\n\n\n\n<p>Binlerce hektar alan k\u00fcl olurken yap\u0131lan payla\u015f\u0131mlarda ormanlar\u0131 yakana lanetler okundu.<\/p>\n\n\n\n<p>Gazeteci M. Mustafa Y\u0131ld\u0131z ba\u015ftaki tepkilerle sonradan g\u00f6steriler tepkisizli\u011fe vurgu yapt\u0131<\/p>\n\n\n\n<p><\/p>\n\n\n\n<figure class=\"wp-block-embed-twitter wp-block-embed is-type-rich is-provider-twitter\"><div class=\"wp-block-embed__wrapper\">\n<blockquote class=\"twitter-tweet\" data-width=\"550\" data-dnt=\"true\"><p lang=\"tr\" dir=\"ltr\">Herhalde bir ileti\u015fim kopuklu\u011fu ya\u015fad\u0131lar:<br><br>Canda\u015f medya: Hatay&#39;\u0131 maden sahas\u0131 i\u00e7in yakt\u0131lar<br>HDP: Hatay&#39;\u0131 maden sahas\u0131 i\u00e7in yakt\u0131lar<br>Baz\u0131 HDP&#39;liler: Doyurucu a\u00e7\u0131klama bekliyoruz<br>Elit (!) kesim: K\u00fcresel \u0131s\u0131nmad\u0131r o<br><br>B\u00f6l\u00fcc\u00fcler: Hatay&#39;\u0131 biz yakt\u0131k<br><br>HDP twiti sildi di\u011ferleri sus pus<\/p>&mdash; M.Mustafa Y\u0131ld\u0131z (@memuyi) <a href=\"https:\/\/twitter.com\/memuyi\/status\/1315054228038062081?ref_src=twsrc%5Etfw\">October 10, 2020<\/a><\/blockquote><script async src=\"https:\/\/platform.twitter.com\/widgets.js\" charset=\"utf-8\"><\/script>\n<\/div><\/figure>\n\n\n\n<p><\/p>\n\n\n\n<p><\/p>\n\n\n\n<figure class=\"wp-block-embed-twitter wp-block-embed is-type-rich is-provider-twitter\"><div class=\"wp-block-embed__wrapper\">\n<blockquote class=\"twitter-tweet\" data-width=\"550\" data-dnt=\"true\"><p lang=\"tr\" dir=\"ltr\">O ate\u015f d\u00f6n\u00fcp dola\u015f\u0131p sizi  yakacak.<br>Onbinlerce a\u011fac\u0131n, y\u00fczbinlerce hayvan\u0131n laneti ve ac\u0131s\u0131 pe\u015finizi b\u0131rakmayacak.<br>Cem Y\u0131lmaz ve sol sosyetenin orman duyar\u0131 kasmad\u0131\u011f\u0131na veya sizi zikretmeden k\u0131nama ge\u00e7i\u015ftirmelerine aldanmay\u0131n, t\u00fcm g\u00fcvendi\u011finiz da\u011flar size mezar olacak. <a href=\"https:\/\/t.co\/rHr6EkQBPU\">pic.twitter.com\/rHr6EkQBPU<\/a><\/p>&mdash; Mustafa \u00d6zkaya (@ozkaya_mustafa) <a href=\"https:\/\/twitter.com\/ozkaya_mustafa\/status\/1314969340672868353?ref_src=twsrc%5Etfw\">October 10, 2020<\/a><\/blockquote><script async src=\"https:\/\/platform.twitter.com\/widgets.js\" charset=\"utf-8\"><\/script>\n<\/div><\/figure>\n\n\n\n<p><\/p>\n\n\n\n<p>Turgay G\u00fcler de ter\u00f6r \u00f6rg\u00fct\u00fcn\u00fc lanetledi<\/p>\n\n\n\n<figure class=\"wp-block-embed-twitter wp-block-embed is-type-rich is-provider-twitter\"><div class=\"wp-block-embed__wrapper\">\n<blockquote class=\"twitter-tweet\" data-width=\"550\" data-dnt=\"true\"><p lang=\"tr\" dir=\"ltr\">Ate\u015fin \u00e7ocuklar\u0131ym\u0131\u015f!!!!<br>Bozduracaklar a\u011fz\u0131m\u0131!<br>Kalle\u015fler! <a href=\"https:\/\/t.co\/JBZ2qnx85J\">pic.twitter.com\/JBZ2qnx85J<\/a><\/p>&mdash; Turgay G\u00fcler (@turgayguler) <a href=\"https:\/\/twitter.com\/turgayguler\/status\/1314916167790866432?ref_src=twsrc%5Etfw\">October 10, 2020<\/a><\/blockquote><script async src=\"https:\/\/platform.twitter.com\/widgets.js\" charset=\"utf-8\"><\/script>\n<\/div><\/figure>\n\n\n\n<p>HDP&#8217;den yap\u0131lan payla\u015f\u0131mlarsa b\u00fcy\u00fck tepki toplad\u0131. Nedeni tam olarak bilinmese de HDP bir s\u00fcre sonra tweeti sildi.<\/p>\n\n\n\n<p><\/p>\n\n\n\n<p><a href=\"https:\/\/twitter.com\/hdpekoloji\/status\/1314873895334412292\">https:\/\/twitter.com\/hdpekoloji\/status\/1314873895334412292<\/a><\/p>\n\n\n\n<p><\/p>\n\n\n\n<p>Bar\u0131\u015f Atay doyurucu a\u00e7\u0131klama bekledi\u011fini s\u00f6yledi<\/p>\n\n\n\n<figure class=\"wp-block-embed-twitter wp-block-embed is-type-rich is-provider-twitter\"><div class=\"wp-block-embed__wrapper\">\n<blockquote class=\"twitter-tweet\" data-width=\"550\" data-dnt=\"true\"><p lang=\"tr\" dir=\"ltr\">\u00dc\u00e7 il\u00e7ede yang\u0131n var. D\u00fcnden beri durmuyor, durdurulam\u0131yor. Ne doyurucu bir a\u00e7\u0131klama ne bir haber bir haber var. Ne yapmaya \u00e7al\u0131\u015f\u0131yorsunuz? <a href=\"https:\/\/twitter.com\/hashtag\/HatayYan%C4%B1yor?src=hash&amp;ref_src=twsrc%5Etfw\">#HatayYan\u0131yor<\/a><\/p>&mdash; Bar\u0131\u015f Atay (@barisatay) <a href=\"https:\/\/twitter.com\/barisatay\/status\/1314881643191193603?ref_src=twsrc%5Etfw\">October 10, 2020<\/a><\/blockquote><script async src=\"https:\/\/platform.twitter.com\/widgets.js\" charset=\"utf-8\"><\/script>\n<\/div><\/figure>\n\n\n\n<p><\/p>\n\n\n\n<p>Bar\u0131\u015f Atay&#8217;\u0131n payla\u015f\u0131m\u0131na tepki ya\u011fd\u0131.<\/p>\n\n\n\n<figure class=\"wp-block-embed-twitter wp-block-embed is-type-rich is-provider-twitter\"><div class=\"wp-block-embed__wrapper\">\n<blockquote class=\"twitter-tweet\" data-width=\"550\" data-dnt=\"true\"><p lang=\"tr\" dir=\"ltr\">Doyurucu a\u00e7\u0131klama bekliyordun ya, i\u015fte sizin \u00e7ocuklar yapm\u0131\u015f!<br>Yani sizin \u00e7ocuklar yakm\u0131\u015f!<br>Daha doymad\u0131ysan s\u00f6yleyeyim: PKK sadece insan \u00f6ld\u00fcren de\u011fil, hayvan ve a\u011fa\u00e7lar\u0131 da katleden, her canl\u0131n\u0131n d\u00fc\u015fman\u0131 bir \u00f6rg\u00fctt\u00fcr.<br>Siz de onun kravatl\u0131 temsilcilerisiniz! <a href=\"https:\/\/t.co\/oNPQUqcIWu\">https:\/\/t.co\/oNPQUqcIWu<\/a><\/p>&mdash; M. M\u00fccahit K\u00fc\u00e7\u00fcky\u0131lmaz \ud83c\uddf9\ud83c\uddf7 (@mucahitkyilmaz) <a href=\"https:\/\/twitter.com\/mucahitkyilmaz\/status\/1314926166608875522?ref_src=twsrc%5Etfw\">October 10, 2020<\/a><\/blockquote><script async src=\"https:\/\/platform.twitter.com\/widgets.js\" charset=\"utf-8\"><\/script>\n<\/div><\/figure>\n\n\n\n<figure class=\"wp-block-embed-twitter wp-block-embed is-type-rich is-provider-twitter\"><div class=\"wp-block-embed__wrapper\">\n<blockquote class=\"twitter-tweet\" data-width=\"550\" data-dnt=\"true\"><p lang=\"tr\" dir=\"ltr\">Sahiden ne yapmaya \u00e7al\u0131\u015f\u0131yorsunuz??? <a href=\"https:\/\/t.co\/HTz8VRbu56\">pic.twitter.com\/HTz8VRbu56<\/a><\/p>&mdash; Zafer \u015eahin (@zafersahin06) <a href=\"https:\/\/twitter.com\/zafersahin06\/status\/1314935818893643777?ref_src=twsrc%5Etfw\">October 10, 2020<\/a><\/blockquote><script async src=\"https:\/\/platform.twitter.com\/widgets.js\" charset=\"utf-8\"><\/script>\n<\/div><\/figure>\n\n\n\n<figure class=\"wp-block-embed-twitter wp-block-embed is-type-rich is-provider-twitter\"><div class=\"wp-block-embed__wrapper\">\n<blockquote class=\"twitter-tweet\" data-width=\"550\" data-dnt=\"true\"><p lang=\"tr\" dir=\"ltr\">Kandil peydahlamas\u0131 ekolojik haramzadeler b\u0131rak\u0131n Hatay\u0131, Izmir&#39;i Marmarisi yakmay\u0131, palya\u00e7o suratl\u0131 \u015febek ve avanesinin k\u0131\u00e7\u0131ndaki donu ate\u015fe verse yine de sesleri \u00e7\u0131kmaz.<a href=\"https:\/\/twitter.com\/hashtag\/HatayiPkkYakti?src=hash&amp;ref_src=twsrc%5Etfw\">#HatayiPkkYakti<\/a><\/p>&mdash; Yusuf Alabarda (@yusufalabarda) <a href=\"https:\/\/twitter.com\/yusufalabarda\/status\/1314949772973932544?ref_src=twsrc%5Etfw\">October 10, 2020<\/a><\/blockquote><script async src=\"https:\/\/platform.twitter.com\/widgets.js\" charset=\"utf-8\"><\/script>\n<\/div><\/figure>\n\n\n\n<p>Tepkilerden en ilgin\u00e7 ve sert olan\u0131 ise Nev\u015fehir Belediyesinin hesab\u0131ndan yap\u0131lan payla\u015f\u0131md\u0131.<\/p>\n\n\n\n<p><\/p>\n\n\n\n<figure class=\"wp-block-embed-twitter wp-block-embed is-type-rich is-provider-twitter\"><div class=\"wp-block-embed__wrapper\">\n<blockquote class=\"twitter-tweet\" data-width=\"550\" data-dnt=\"true\"><p lang=\"tr\" dir=\"ltr\">Belediyeler de bela okur.<br><br>Yakan PKK\u2019n\u0131n ve PKK yakt\u0131\u011f\u0131 i\u00e7in susan herkesin Allah belas\u0131n\u0131 versin. <a href=\"https:\/\/t.co\/yi5XxHA10Q\">pic.twitter.com\/yi5XxHA10Q<\/a><\/p>&mdash; Nev\u015fehir Belediyesi (@nevsehir_bel) <a href=\"https:\/\/twitter.com\/nevsehir_bel\/status\/1314950681128775681?ref_src=twsrc%5Etfw\">October 10, 2020<\/a><\/blockquote><script async src=\"https:\/\/platform.twitter.com\/widgets.js\" charset=\"utf-8\"><\/script>\n<\/div><\/figure>\n\n\n\n<p><\/p>\n\n\n\n<p><\/p>\n\n\n\n<p><\/p>\n\n\n\n<p>Tacettin Kutay olayla dalga ge\u00e7en payla\u015f\u0131ma tepki g\u00f6sterdi<\/p>\n\n\n\n<figure class=\"wp-block-embed-twitter wp-block-embed is-type-rich is-provider-twitter\"><div class=\"wp-block-embed__wrapper\">\n<blockquote class=\"twitter-tweet\" data-width=\"550\" data-dnt=\"true\"><p lang=\"tr\" dir=\"ltr\">\u015eu itlerin anas\u0131 danas\u0131 hi\u00e7 birisi \u00e7ekilir tip de\u011fil, ancak en tahamm\u00fcl edilmez olanlar\u0131 \u015fu entellekt\u00fcel taklidi yapan barzolar. Roma&#39;n\u0131n yand\u0131\u011f\u0131ndan da haberdar bak hele barzoya sen! <a href=\"https:\/\/t.co\/dQ3DBtLHvi\">pic.twitter.com\/dQ3DBtLHvi<\/a><\/p>&mdash; Taceddin Kutay (@Taceddin_Kutay) <a href=\"https:\/\/twitter.com\/Taceddin_Kutay\/status\/1315014506351820802?ref_src=twsrc%5Etfw\">October 10, 2020<\/a><\/blockquote><script async src=\"https:\/\/platform.twitter.com\/widgets.js\" charset=\"utf-8\"><\/script>\n<\/div><\/figure>\n\n\n\n<p>Genar ara\u015ft\u0131rma Ba\u015fkan\u0131 \u0130hsan Akta\u015f, Asl\u0131 Ayd\u0131nta\u015fba\u015f&#8217;\u0131n payla\u015f\u0131m\u0131na tepkiliydi<\/p>\n\n\n\n<figure class=\"wp-block-embed-twitter wp-block-embed is-type-rich is-provider-twitter\"><div class=\"wp-block-embed__wrapper\">\n<blockquote class=\"twitter-tweet\" data-width=\"550\" data-dnt=\"true\"><p lang=\"tr\" dir=\"ltr\">PKK zarar g\u00f6rmesin diye kanat \u00e7\u0131rpan, ekolojik, solcu, k\u00fcreselci kelebekler var <a href=\"https:\/\/t.co\/XhWSJrE5AP\">pic.twitter.com\/XhWSJrE5AP<\/a><\/p>&mdash; ihsan aktas (@ihsanaktas) <a href=\"https:\/\/twitter.com\/ihsanaktas\/status\/1315015663019229186?ref_src=twsrc%5Etfw\">October 10, 2020<\/a><\/blockquote><script async src=\"https:\/\/platform.twitter.com\/widgets.js\" charset=\"utf-8\"><\/script>\n<\/div><\/figure>\n\n\n\n<figure class=\"wp-block-embed-twitter wp-block-embed is-type-rich is-provider-twitter\"><div class=\"wp-block-embed__wrapper\">\n<blockquote class=\"twitter-tweet\" data-width=\"550\" data-dnt=\"true\"><p lang=\"tr\" dir=\"ltr\">\u00dclkemizin akci\u011ferlerini pkk kundaklayarak yak\u0131yor ama s\u00f6zde \u00e7evreciler susuyor.<a href=\"https:\/\/twitter.com\/hashtag\/HatayYak%C4%B1l%C4%B1yor?src=hash&amp;ref_src=twsrc%5Etfw\">#HatayYak\u0131l\u0131yor<\/a> <a href=\"https:\/\/twitter.com\/hashtag\/hatayyaniyor?src=hash&amp;ref_src=twsrc%5Etfw\">#hatayyaniyor<\/a> <a href=\"https:\/\/t.co\/z5ozAHSUd1\">pic.twitter.com\/z5ozAHSUd1<\/a><\/p>&mdash; Ahmet Selim K\u00f6ro\u011flu\ud83c\uddf9\ud83c\uddf7 (@aselimkoroglu) <a href=\"https:\/\/twitter.com\/aselimkoroglu\/status\/1314871617630109696?ref_src=twsrc%5Etfw\">October 10, 2020<\/a><\/blockquote><script async src=\"https:\/\/platform.twitter.com\/widgets.js\" charset=\"utf-8\"><\/script>\n<\/div><\/figure>\n\n\n\n<p><\/p>\n\n\n\n<p>\u00d6te yandan yang\u0131n\u0131 s\u00f6nd\u00fcrmek i\u00e7in Hatayl\u0131lar da seferber oldu. Onlardan biri de H\u00fcseyin Yayman&#8217;d\u0131<\/p>\n\n\n\n<figure class=\"wp-block-embed-twitter wp-block-embed is-type-rich is-provider-twitter\"><div class=\"wp-block-embed__wrapper\">\n<blockquote class=\"twitter-tweet\" data-width=\"550\" data-dnt=\"true\"><p lang=\"tr\" dir=\"ltr\"><a href=\"https:\/\/twitter.com\/hashtag\/C%C4%B0%C4%9EERLER%C4%B0M%C4%B0ZYANIYOR?src=hash&amp;ref_src=twsrc%5Etfw\">#C\u0130\u011eERLER\u0130M\u0130ZYANIYOR<\/a><br><br>\u0130kinci g\u00fcn\u00fcnde s\u00f6nd\u00fcrme \u00e7al\u0131\u015fmalar\u0131 devam ediyor. \u0130nsan \u00fcst\u00fc \u00e7al\u0131\u015fmalara ra\u011fmen Yang\u0131n\u0131 hen\u00fcz kontrol alt\u0131na alamad\u0131k<br><br>R\u00fczgar nedeniyle hava ara\u00e7lar\u0131 maalesef u\u00e7am\u0131yor. Orman te\u015fkilat\u0131 ile itfaiyecilerin \u00e7abalar\u0131 ve Allah\u0131n izniyle bu ate\u015fi s\u00f6nd\u00fcrece\u011fiz \ud83c\uddf9\ud83c\uddf7 <a href=\"https:\/\/t.co\/o2VV98wxxi\">pic.twitter.com\/o2VV98wxxi<\/a><\/p>&mdash; H\u00fcseyin Yayman \ud83c\uddf9\ud83c\uddf7 (@HuseyinYayman) <a href=\"https:\/\/twitter.com\/HuseyinYayman\/status\/1314883770395353092?ref_src=twsrc%5Etfw\">October 10, 2020<\/a><\/blockquote><script async src=\"https:\/\/platform.twitter.com\/widgets.js\" charset=\"utf-8\"><\/script>\n<\/div><\/figure>\n","protected":false},"excerpt":{"rendered":"<p>Skandal \u00f6tesi Hatay payla\u015f\u0131mlar\u0131 Hatay&#8217;daki yang\u0131nla ilgili sosyal medyada binlerce yorum yap\u0131ld\u0131. Yang\u0131n sonras\u0131 ter\u00f6r \u00f6rg\u00fct\u00fcne yak\u0131n gruplar olay\u0131 \u00fcstlenerek yang\u0131n\u0131n neden ve nas\u0131l ba\u015flad\u0131\u011f\u0131n\u0131 da itiraf etmi\u015f oldu. Binlerce hektar alan k\u00fcl olurken yap\u0131lan payla\u015f\u0131mlarda ormanlar\u0131 yakana lanetler okundu. Gazeteci M. Mustafa Y\u0131ld\u0131z ba\u015ftaki tepkilerle sonradan g\u00f6steriler tepkisizli\u011fe vurgu yapt\u0131 Turgay G\u00fcler de ter\u00f6r &hellip;<\/p>\n","protected":false},"author":1,"featured_media":0,"comment_status":"open","ping_status":"open","sticky":false,"template":"","format":"standard","meta":[],"categories":[1],"tags":[],"_links":{"self":[{"href":"http:\/\/www.habertelgraf.com\/index.php?rest_route=\/wp\/v2\/posts\/354"}],"collection":[{"href":"http:\/\/www.habertelgraf.com\/index.php?rest_route=\/wp\/v2\/posts"}],"about":[{"href":"http:\/\/www.habertelgraf.com\/index.php?rest_route=\/wp\/v2\/types\/post"}],"author":[{"embeddable":true,"href":"http:\/\/www.habertelgraf.com\/index.php?rest_route=\/wp\/v2\/users\/1"}],"replies":[{"embeddable":true,"href":"http:\/\/www.habertelgraf.com\/index.php?rest_route=%2Fwp%2Fv2%2Fcomments&post=354"}],"version-history":[{"count":2,"href":"http:\/\/www.habertelgraf.com\/index.php?rest_route=\/wp\/v2\/posts\/354\/revisions"}],"predecessor-version":[{"id":356,"href":"http:\/\/www.habertelgraf.com\/index.php?rest_route=\/wp\/v2\/posts\/354\/revisions\/356"}],"wp:attachment":[{"href":"http:\/\/www.habertelgraf.com\/index.php?rest_route=%2Fwp%2Fv2%2Fmedia&parent=354"}],"wp:term":[{"taxonomy":"category","embeddable":true,"href":"http:\/\/www.habertelgraf.com\/index.php?rest_route=%2Fwp%2Fv2%2Fcategories&post=354"},{"taxonomy":"post_tag","embeddable":true,"href":"http:\/\/www.habertelgraf.com\/index.php?rest_route=%2Fwp%2Fv2%2Ftags&post=354"}],"curies":[{"name":"wp","href":"https:\/\/api.w.org\/{rel}","templated":true}]}}