{"id":357,"date":"2020-10-15T16:13:46","date_gmt":"2020-10-15T13:13:46","guid":{"rendered":"http:\/\/www.habertelgraf.com\/?p=357"},"modified":"2020-10-15T16:15:08","modified_gmt":"2020-10-15T13:15:08","slug":"357","status":"publish","type":"post","link":"http:\/\/www.habertelgraf.com\/?p=357","title":{"rendered":"Analiz: Yapay zeka \u00fcss\u00fc kuruluyor"},"content":{"rendered":"\n<p>Sanayi ve Teknoloji Bakan\u0131 Varank, T\u00fcrkiye&#8217;nin kamu, \u00f6zel sekt\u00f6r ve akademi ortakl\u0131\u011f\u0131yla haz\u0131rlanan Ulusal Yapay Zeka Stratejisi&#8217;nin yak\u0131nda a\u00e7\u0131klanaca\u011f\u0131n\u0131 s\u00f6yledi. Peki bunun anlam\u0131 ne?<\/p>\n\n\n\n<p>Sizler i\u00e7in ara\u015ft\u0131rd\u0131k&#8230;<\/p>\n\n\n\n<p>Bakan Varank, yapay zeka politikalar\u0131nda ABD ve \u00c7in gibi \u00fclkelerin yapt\u0131\u011f\u0131 \u00e7al\u0131\u015fmalara dikkati \u00e7ekti. Varank,<strong>&nbsp;&#8220;Bu alana yeterince dikkat g\u00f6stermezsek geride kalaca\u011f\u0131z. Paradigma de\u011fi\u015ftirecek bu ger\u00e7eklik i\u00e7in erken harekete ge\u00e7meliyiz. Sosyal refah, insani de\u011ferler, adil bir yasal yap\u0131, uygun ekosistem ve yat\u0131r\u0131m te\u015fvik mekanizmalar\u0131n\u0131 destekleyecek b\u00fct\u00fcnsel bir yapay zeka politikas\u0131 haz\u0131rlamak politika yap\u0131c\u0131lar olarak bizim temel sorumlulu\u011fumuz.&#8221;&nbsp;<\/strong>diye konu\u015ftu.<\/p>\n\n\n\n<p>Ulusal Yapay Zeka Enstit\u00fcs\u00fcn\u00fc de yap\u0131land\u0131rma s\u00fcrecinde olduklar\u0131n\u0131 belirten Varank, s\u00f6z konusu enstit\u00fcn\u00fcn, ara\u015ft\u0131rmac\u0131lar\u0131, \u00f6zel sekt\u00f6r \u015firketlerini, giri\u015fimcileri ve kamu kurumlar\u0131n\u0131 bir araya getirece\u011fini s\u00f6yledi.<\/p>\n\n\n\n<p><\/p>\n\n\n\n<p>Yapay zeka \u00e7al\u0131\u015fmalar\u0131 \u00e7ok say\u0131da teknolojik etkinli\u011fin daha az zaman ve maliyetle daha h\u0131zl\u0131 \u015fekilde yap\u0131lmas\u0131n\u0131 sa\u011fl\u0131yor<\/p>\n\n\n\n<p>T\u00fcrkiye yapay zeka uygulamalar\u0131na hi\u00e7 de uzak bir \u00fclke de\u011fil.<\/p>\n\n\n\n<p>\u00d6zellikle ter\u00f6rle m\u00fccadele alan\u0131nda bir s\u00fcreden beri bu teknoloji kullan\u0131l\u0131yor.<\/p>\n\n\n\n<p>Bunun yan\u0131s\u0131ra meteoroloji, sa\u011fl\u0131k, ula\u015f\u0131m gibi baz\u0131 alanlarda da yayg\u0131n olmasa da proje bazl\u0131 olarak yapay zeka kullan\u0131ld\u0131\u011f\u0131 biliniyor.<\/p>\n\n\n\n<p>\u0130nsan kayna\u011f\u0131na yat\u0131r\u0131m yapman\u0131n da bu alandaki temel \u00f6nceliklerden biri oldu\u011funa dikkati \u00e7eken Varank, yak\u0131n zamanda 4 \u00fcniversitede &#8220;Yapay Zeka&#8221; b\u00f6l\u00fcm\u00fc kuruldu\u011funu an\u0131msatt\u0131.<\/p>\n\n\n\n<p>Varank, ge\u00e7en y\u0131l ba\u015flat\u0131lan Uluslararas\u0131 Lider Ara\u015ft\u0131rmac\u0131lar Program\u0131&#8217;na da de\u011finerek, &#8220;Programla yapay zekaya ili\u015fkin alanlara da burs veriyoruz. B\u00fcy\u00fck veri, do\u011fal dil i\u015fleme, g\u00f6r\u00fcnt\u00fc i\u015fleme, otonom s\u00fcr\u00fc\u015f ve ses tan\u0131ma bu alanlardan sadece birka\u00e7\u0131.&#8221; dedi.<\/p>\n","protected":false},"excerpt":{"rendered":"<p>Sanayi ve Teknoloji Bakan\u0131 Varank, T\u00fcrkiye&#8217;nin kamu, \u00f6zel sekt\u00f6r ve akademi ortakl\u0131\u011f\u0131yla haz\u0131rlanan Ulusal Yapay Zeka Stratejisi&#8217;nin yak\u0131nda a\u00e7\u0131klanaca\u011f\u0131n\u0131 s\u00f6yledi. Peki bunun anlam\u0131 ne? Sizler i\u00e7in ara\u015ft\u0131rd\u0131k&#8230; Bakan Varank, yapay zeka politikalar\u0131nda ABD ve \u00c7in gibi \u00fclkelerin yapt\u0131\u011f\u0131 \u00e7al\u0131\u015fmalara dikkati \u00e7ekti. Varank,&nbsp;&#8220;Bu alana yeterince dikkat g\u00f6stermezsek geride kalaca\u011f\u0131z. Paradigma de\u011fi\u015ftirecek bu ger\u00e7eklik i\u00e7in erken harekete &hellip;<\/p>\n","protected":false},"author":1,"featured_media":0,"comment_status":"open","ping_status":"open","sticky":false,"template":"","format":"standard","meta":[],"categories":[3],"tags":[],"_links":{"self":[{"href":"http:\/\/www.habertelgraf.com\/index.php?rest_route=\/wp\/v2\/posts\/357"}],"collection":[{"href":"http:\/\/www.habertelgraf.com\/index.php?rest_route=\/wp\/v2\/posts"}],"about":[{"href":"http:\/\/www.habertelgraf.com\/index.php?rest_route=\/wp\/v2\/types\/post"}],"author":[{"embeddable":true,"href":"http:\/\/www.habertelgraf.com\/index.php?rest_route=\/wp\/v2\/users\/1"}],"replies":[{"embeddable":true,"href":"http:\/\/www.habertelgraf.com\/index.php?rest_route=%2Fwp%2Fv2%2Fcomments&post=357"}],"version-history":[{"count":2,"href":"http:\/\/www.habertelgraf.com\/index.php?rest_route=\/wp\/v2\/posts\/357\/revisions"}],"predecessor-version":[{"id":359,"href":"http:\/\/www.habertelgraf.com\/index.php?rest_route=\/wp\/v2\/posts\/357\/revisions\/359"}],"wp:attachment":[{"href":"http:\/\/www.habertelgraf.com\/index.php?rest_route=%2Fwp%2Fv2%2Fmedia&parent=357"}],"wp:term":[{"taxonomy":"category","embeddable":true,"href":"http:\/\/www.habertelgraf.com\/index.php?rest_route=%2Fwp%2Fv2%2Fcategories&post=357"},{"taxonomy":"post_tag","embeddable":true,"href":"http:\/\/www.habertelgraf.com\/index.php?rest_route=%2Fwp%2Fv2%2Ftags&post=357"}],"curies":[{"name":"wp","href":"https:\/\/api.w.org\/{rel}","templated":true}]}}