{"id":360,"date":"2020-10-15T16:20:46","date_gmt":"2020-10-15T13:20:46","guid":{"rendered":"http:\/\/www.habertelgraf.com\/?p=360"},"modified":"2020-10-15T16:20:47","modified_gmt":"2020-10-15T13:20:47","slug":"15-10-2020-spordan-basliklar","status":"publish","type":"post","link":"http:\/\/www.habertelgraf.com\/?p=360","title":{"rendered":"15.10.2020 Spordan ba\u015fl\u0131klar"},"content":{"rendered":"\n<p>Spordan \u00f6nemli ba\u015fl\u0131klar\u0131 derledik<\/p>\n\n\n\n<h1>Galatasaray&#8217;a Saracchi&#8217;den m\u00fcjdeli haber<\/h1>\n\n\n\n<blockquote class=\"wp-block-quote\"><p>S\u00fcper Lig&#8217;de Alanyaspor ile kar\u015f\u0131la\u015facak Galatasaray&#8217;a Marcelo Saracchi&#8217;den iyi haber geldi.<\/p><\/blockquote>\n\n\n\n<p>\u0130spanyol ekibi Celta Vigo&#8217;da bu sezon 5 ma\u00e7ta da forma giyen Emre Mor&#8217;un ya\u015fad\u0131\u011f\u0131 de\u011fi\u015fimi tak\u0131m arkada\u015f\u0131 Denis Suarez anlatt\u0131.<\/p>\n\n\n\n<p><\/p>\n\n\n\n<p>MHK, Gaziantep FK-Trabzonspor ma\u00e7\u0131ndan sonra kar\u015f\u0131la\u015fman\u0131n g\u00f6zlemcisi Yunus Y\u0131ld\u0131r\u0131m ile bir restoranda yemek yerken \u00e7ekilen g\u00f6r\u00fcnt\u00fcleri sosyal medyaya d\u00fc\u015fen hakem F\u0131rat Ayd\u0131nus hakk\u0131nda harekete ge\u00e7ti.<\/p>\n","protected":false},"excerpt":{"rendered":"<p>Spordan \u00f6nemli ba\u015fl\u0131klar\u0131 derledik Galatasaray&#8217;a Saracchi&#8217;den m\u00fcjdeli haber S\u00fcper Lig&#8217;de Alanyaspor ile kar\u015f\u0131la\u015facak Galatasaray&#8217;a Marcelo Saracchi&#8217;den iyi haber geldi. \u0130spanyol ekibi Celta Vigo&#8217;da bu sezon 5 ma\u00e7ta da forma giyen Emre Mor&#8217;un ya\u015fad\u0131\u011f\u0131 de\u011fi\u015fimi tak\u0131m arkada\u015f\u0131 Denis Suarez anlatt\u0131. MHK, Gaziantep FK-Trabzonspor ma\u00e7\u0131ndan sonra kar\u015f\u0131la\u015fman\u0131n g\u00f6zlemcisi Yunus Y\u0131ld\u0131r\u0131m ile bir restoranda yemek yerken \u00e7ekilen g\u00f6r\u00fcnt\u00fcleri &hellip;<\/p>\n","protected":false},"author":1,"featured_media":0,"comment_status":"open","ping_status":"open","sticky":false,"template":"","format":"standard","meta":[],"categories":[4],"tags":[],"_links":{"self":[{"href":"http:\/\/www.habertelgraf.com\/index.php?rest_route=\/wp\/v2\/posts\/360"}],"collection":[{"href":"http:\/\/www.habertelgraf.com\/index.php?rest_route=\/wp\/v2\/posts"}],"about":[{"href":"http:\/\/www.habertelgraf.com\/index.php?rest_route=\/wp\/v2\/types\/post"}],"author":[{"embeddable":true,"href":"http:\/\/www.habertelgraf.com\/index.php?rest_route=\/wp\/v2\/users\/1"}],"replies":[{"embeddable":true,"href":"http:\/\/www.habertelgraf.com\/index.php?rest_route=%2Fwp%2Fv2%2Fcomments&post=360"}],"version-history":[{"count":1,"href":"http:\/\/www.habertelgraf.com\/index.php?rest_route=\/wp\/v2\/posts\/360\/revisions"}],"predecessor-version":[{"id":361,"href":"http:\/\/www.habertelgraf.com\/index.php?rest_route=\/wp\/v2\/posts\/360\/revisions\/361"}],"wp:attachment":[{"href":"http:\/\/www.habertelgraf.com\/index.php?rest_route=%2Fwp%2Fv2%2Fmedia&parent=360"}],"wp:term":[{"taxonomy":"category","embeddable":true,"href":"http:\/\/www.habertelgraf.com\/index.php?rest_route=%2Fwp%2Fv2%2Fcategories&post=360"},{"taxonomy":"post_tag","embeddable":true,"href":"http:\/\/www.habertelgraf.com\/index.php?rest_route=%2Fwp%2Fv2%2Ftags&post=360"}],"curies":[{"name":"wp","href":"https:\/\/api.w.org\/{rel}","templated":true}]}}