{"id":362,"date":"2020-10-15T16:29:40","date_gmt":"2020-10-15T13:29:40","guid":{"rendered":"http:\/\/www.habertelgraf.com\/?p=362"},"modified":"2020-10-15T16:29:41","modified_gmt":"2020-10-15T13:29:41","slug":"icisleri-bakanligindan-81-ilin-valisine-genelge","status":"publish","type":"post","link":"http:\/\/www.habertelgraf.com\/?p=362","title":{"rendered":"\u0130\u00e7i\u015fleri Bakanl\u0131\u011f\u0131&#8217;ndan 81 ilin valisine genelge"},"content":{"rendered":"\n<p>\u00dcLKE GENEL\u0130NDE \u201cSA\u011eLIK \u0130\u00c7\u0130N HEP\u0130M\u0130Z \u0130\u00c7\u0130N\u201d MOTTOSUYLA YARIN KAPSAMLI KORONAV\u0130R\u00dcS DENET\u0130M\u0130 GER\u00c7EKLE\u015eT\u0130R\u0130LECEK<\/p>\n\n\n\n<p>DENET\u0130ME, B\u0130ZZAT VAL\u0130LER, KAYMAKAMLAR, BELED\u0130YE BA\u015eKANLARI, \u0130LG\u0130L\u0130 KAMU KURUM VE KURULU\u015eLARININ Y\u00d6NET\u0130C\u0130LER\u0130 VE PERSONEL\u0130, K\u00d6Y\/MAHALLE MUHTARLARI, MESLEK ODALARI, GENEL KOLLUK B\u0130R\u0130MLER\u0130 KATILACAK<\/p>\n\n\n\n<p>DENET\u0130MLER VATANDA\u015eLARIN YO\u011eUN OLARAK BULUNDU\u011eU BA\u015eTA \u015eEH\u0130R \u0130\u00c7\u0130 VE \u015eEH\u0130RLERARASI TOPLU ULA\u015eIM ARA\u00c7LARI \u0130LE LOKANTA, KAFE, RESTORANLAR OLMAK \u00dcZERE B\u0130LUMUM YA\u015eAM ALANLARINI KAPSAYACAK \u015eEK\u0130LDE PLANLANACAK<\/p>\n\n\n\n<p>DENET\u0130MLERDE GECE KUL\u00dcB\u00dc, PAVYON, BAR, B\u0130RAHANE G\u0130B\u0130 FAAL\u0130YETLER\u0130NE \u0130Z\u0130N VER\u0130LMEYEN \u0130\u015eYERLER\u0130N\u0130N A\u00c7IK TUTULUP TUTULMADIKLARI, 24.00\u2019TEN SONRA M\u00dcZ\u0130K YAYINI YAPILIP YAPILMADI\u011eI \u0130LE \u015eEH\u0130RLER ARASI TOPLU ULA\u015eIMDA HES KODU ZORUNLULU\u011eU HUSUSLARINA A\u011eIRLIK VER\u0130LECEK<\/p>\n\n\n\n<p>DENET\u0130MLERDE AYRICA KADEMEL\u0130 OLARAK A\u00c7ILAN OKULLARIN \u00c7EVRELER\u0130NDEK\u0130 KAFE, RESTORAN, \u0130NTERNET KAFE VB. YERLER \u0130LE OKUL SERV\u0130SLER\u0130N\u0130N DENET\u0130M\u0130NE \u00d6ZEN G\u00d6STER\u0130LECEK<\/p>\n\n\n\n<p>\u0130\u00e7i\u015fleri Bakanl\u0131\u011f\u0131 81 \u0130l Valili\u011fine yar\u0131n ger\u00e7ekle\u015ftirilecek olan koronavir\u00fcs denetimleriyle ilgili genelge g\u00f6nderdi. Genelgede, koronavir\u00fcs salg\u0131n\u0131yla m\u00fccadelede i\u00e7erisinde bulunulan kontroll\u00fc sosyal hayat d\u00f6neminde temel prensipler olan temizlik, maske ve mesafe kurallar\u0131n\u0131n yan\u0131 s\u0131ra t\u00fcm i\u015f kollar\u0131 ve ya\u015fam alanlar\u0131 i\u00e7in belirlenen tedbirlere uyulmas\u0131 ve vali\/kaymakamlar koordinasyonunda s\u00fcrd\u00fcr\u00fclen denetim faaliyetlerinin, salg\u0131nla m\u00fccadelede ba\u015far\u0131 a\u00e7\u0131s\u0131ndan b\u00fcy\u00fck \u00f6nem ta\u015f\u0131d\u0131\u011f\u0131na vurgu yap\u0131ld\u0131.<\/p>\n\n\n\n<p>\u0130\u00e7i\u015fleri Bakanl\u0131\u011f\u0131nca bug\u00fcne kadar sahada ger\u00e7ekle\u015ftirilen ve kamuoyunda g\u00f6r\u00fcn\u00fcrl\u00fc\u011f\u00fc y\u00fcksek olan denetim faaliyetlerinin toplumda hastal\u0131\u011fa kar\u015f\u0131 bilin\u00e7 olu\u015fturulmas\u0131 ve tedbirlere uymayanlara yapt\u0131r\u0131m uygulanmas\u0131n\u0131n salg\u0131nla m\u00fccadeleye \u00f6nemli katk\u0131 sundu\u011fu ifade edildi.<\/p>\n\n\n\n<p>Genelgede yar\u0131n ger\u00e7ekle\u015ftirilecek denetimlerin kapsam\u0131yla ilgili de bilgilere de yer verildi: Buna g\u00f6re;<\/p>\n\n\n\n<p>-16 Ekim 2020 Cuma g\u00fcn\u00fc t\u00fcm il ve il\u00e7elerde, bizzat valiler, kaymakamlar, belediye ba\u015fkanlar\u0131, ilgili kamu kurum ve kurulu\u015flar\u0131n\u0131n y\u00f6neticileri ve personeli, k\u00f6y\/mahalle muhtarlar\u0131, meslek odalar\u0131, genel kolluk birimleri (polis, jandarma, sahil g\u00fcvenlik) ve \u00f6zel kolluk g\u00f6revlilerinin (zab\u0131ta, \u00f6zel g\u00fcvenlik vb.) kat\u0131l\u0131m\u0131yla olu\u015fturulan ekipler taraf\u0131ndan \u201cSA\u011eLIK \u0130\u00c7\u0130N HEP\u0130M\u0130Z \u0130\u00c7\u0130N\u201d mottosu ile ya\u015fam\u0131n t\u00fcm alanlar\u0131n\u0131 kapsayacak \u015fekilde genel denetimler ger\u00e7ekle\u015ftirilecek.<\/p>\n\n\n\n<p>-Bu denetimler; vatanda\u015flar\u0131n yo\u011fun olarak bulundu\u011fu ba\u015fta \u015fehir i\u00e7i ve \u015fehirleraras\u0131 toplu ula\u015f\u0131m ara\u00e7lar\u0131 ile lokanta, kafe, restoranlar olmak \u00fczere, konaklama tesisleri, al\u0131\u015fveri\u015f merkezleri, pazar yerleri, sosyete pazarlar\u0131, kahvehane, k\u0131raathane, \u00e7ay bah\u00e7esi, nik\u00e2h merasimi \u015feklinde yap\u0131lan d\u00fc\u011f\u00fcn t\u00f6renleri, berber\/kuaf\u00f6r\/g\u00fczellik merkezleri, internet kafe\/salon ve elektronik oyun yerleri, otogarlar, ticari taksiler, taksi duraklar\u0131, park\/piknik alanlar\u0131, lunapark\/tematik parklar ve bilumum ya\u015fam alanlar\u0131n\u0131 (plajlar, cadde ve sokaklar vb.) kapsayacak \u015fekilde planlanacak.<\/p>\n\n\n\n<p>-Denetimlerin vatanda\u015flar\u0131n g\u00fcn i\u00e7erisinde toplu olarak bulunduklar\u0131 ana caddeler, al\u0131\u015fveri\u015f yerleri, park ve bah\u00e7eler, otogarlar vb. kalabal\u0131k yerlerde yo\u011funla\u015ft\u0131r\u0131lacak.<\/p>\n\n\n\n<p>-Denetimlerde gece kul\u00fcb\u00fc, pavyon, bar, birahane gibi genelgeler \u00e7er\u00e7evesinde faaliyetlerine izin verilmeyen i\u015fyerlerinin fiilen a\u00e7\u0131k tutulup tutulmad\u0131klar\u0131, 24.00\u2019ten sonra m\u00fczik yay\u0131n\u0131 yap\u0131l\u0131p yap\u0131lmad\u0131\u011f\u0131 ve \u015fehirleraras\u0131 toplu ula\u015f\u0131mda HES Kodu zorunlulu\u011funa uyulup uyulmad\u0131\u011f\u0131 hususlar\u0131na a\u011f\u0131rl\u0131k verilecek.<\/p>\n\n\n\n<p>Okullar\u0131n kademeli olarak a\u00e7\u0131lmas\u0131 sebebiyle okullar\u0131n \u00e7evresindeki kafe, restoran, internet kafe vb. yerler ile okul servislerinin denetlenmesi konusunda \u00f6zen g\u00f6sterilecek.<\/p>\n\n\n\n<p>Denetim faaliyetleri \u015fu esaslar \u00e7er\u00e7evesinde yerine getirilecek:<\/p>\n\n\n\n<p>-Denetim ekipleri her bir i\u015f kolu ya da mek\u00e2n\u0131n uzmanl\u0131k bilgisi g\u00f6z \u00f6n\u00fcnde bulundurularak ilgili kamu kurum ve kurulu\u015flar\u0131 (kolluk, yerel y\u00f6netimler, il\/il\u00e7e m\u00fcd\u00fcrl\u00fckleri vb.), k\u00f6y\/mahalle muhtarlar\u0131 ile meslek odalar\u0131n\u0131n temsilcilerinden olu\u015facak \u015fekilde belirlenecek.<\/p>\n\n\n\n<p>-Denetimlerde vatanda\u015flar\u0131m\u0131z\u0131n kalabal\u0131klar halinde bir araya gelebildikleri etkinlik (nik\u00e2h merasimi \u015feklindeki d\u00fc\u011f\u00fcn, nik\u00e2h, cenaze, taziye vb.) ve yerlerde (plajlar, cadde ve sokaklar, park alanlar\u0131 vb.) temizlik, maske ve fiziki mesafe kurallar\u0131na uyulup uyulmad\u0131\u011f\u0131na \u00f6zellikle dikkat edilecek.<\/p>\n\n\n\n<p>-Denetim faaliyetlerinin etkinli\u011fi ve g\u00f6r\u00fcn\u00fcrl\u00fc\u011f\u00fc en \u00fcst seviyede tutulacak.<\/p>\n\n\n\n<p>-Denetimler s\u0131ras\u0131nda vatanda\u015flar\u0131m\u0131za y\u00f6nelik rehberlik edici ve bilin\u00e7lendirmeye y\u00f6nelik faaliyetlere a\u011f\u0131rl\u0131k verilecek.<\/p>\n\n\n\n<ul><li>Hemen giderilebilir nitelikte anl\u0131k uygulamalardan kaynakl\u0131 s\u00fcreklilik ta\u015f\u0131mayan ayk\u0131r\u0131l\u0131klar i\u00e7in birinci ihlalde uyar\u0131, ikinci ihlalde idari para cezas\u0131, i\u015fyeri, ticari taksi ve toplu ula\u015f\u0131m ara\u00e7lar\u0131 i\u00e7in \u00fc\u00e7\u00fcnc\u00fc ihlalde 1 g\u00fcn, d\u00f6rd\u00fcnc\u00fc ihlalde 3 g\u00fcn \u015feklinde faaliyet durdurma cezas\u0131 teklifleri m\u00fclki idare amirine iletilecek.<\/li><li>Halk sa\u011fl\u0131\u011f\u0131 a\u00e7\u0131s\u0131ndan ciddi anlamda risk olu\u015fturan ve s\u00fcreklilik olu\u015fturan ya da kurallara\/\u00f6nlemlere ayk\u0131r\u0131 davran\u0131\u015flarda \u0131srar edilen ayk\u0131r\u0131l\u0131klar i\u00e7in ise \u0130l\/\u0130l\u00e7e Umumi H\u0131fz\u0131ss\u0131hha Kurullar\u0131nca belirlenecek cezalar m\u00fclki idare amirlerince uygulanacak.<\/li><li>Denetimlerde Sa\u011fl\u0131k Bakanl\u0131\u011f\u0131 Salg\u0131n \u00c7al\u0131\u015fma ve Y\u00f6netim Rehberi ve daha \u00f6nce denetimler ile ilgili g\u00f6nderilen genelge eklerinde yer alan formlardan yararlan\u0131lacak.<\/li><\/ul>\n\n\n\n<p>Bu ba\u011flamda Vali ve Kaymakamlar taraf\u0131ndan yerel y\u00f6netimler, genel kolluk kuvvetleri, kamu kurum ve kurulu\u015flar\u0131, k\u00f6y\/mahalle muhtarlar\u0131 ile meslek odalar\u0131 aras\u0131nda koordinasyon sa\u011flanarak gerekli planlamalar yap\u0131lacak ve uygulamada herhangi bir aksakl\u0131\u011fa meydan verilmeyecek.<\/p>\n","protected":false},"excerpt":{"rendered":"<p>\u00dcLKE GENEL\u0130NDE \u201cSA\u011eLIK \u0130\u00c7\u0130N HEP\u0130M\u0130Z \u0130\u00c7\u0130N\u201d MOTTOSUYLA YARIN KAPSAMLI KORONAV\u0130R\u00dcS DENET\u0130M\u0130 GER\u00c7EKLE\u015eT\u0130R\u0130LECEK DENET\u0130ME, B\u0130ZZAT VAL\u0130LER, KAYMAKAMLAR, BELED\u0130YE BA\u015eKANLARI, \u0130LG\u0130L\u0130 KAMU KURUM VE KURULU\u015eLARININ Y\u00d6NET\u0130C\u0130LER\u0130 VE PERSONEL\u0130, K\u00d6Y\/MAHALLE MUHTARLARI, MESLEK ODALARI, GENEL KOLLUK B\u0130R\u0130MLER\u0130 KATILACAK DENET\u0130MLER VATANDA\u015eLARIN YO\u011eUN OLARAK BULUNDU\u011eU BA\u015eTA \u015eEH\u0130R \u0130\u00c7\u0130 VE \u015eEH\u0130RLERARASI TOPLU ULA\u015eIM ARA\u00c7LARI \u0130LE LOKANTA, KAFE, RESTORANLAR OLMAK \u00dcZERE B\u0130LUMUM YA\u015eAM &hellip;<\/p>\n","protected":false},"author":1,"featured_media":0,"comment_status":"open","ping_status":"open","sticky":false,"template":"","format":"standard","meta":[],"categories":[1],"tags":[],"_links":{"self":[{"href":"http:\/\/www.habertelgraf.com\/index.php?rest_route=\/wp\/v2\/posts\/362"}],"collection":[{"href":"http:\/\/www.habertelgraf.com\/index.php?rest_route=\/wp\/v2\/posts"}],"about":[{"href":"http:\/\/www.habertelgraf.com\/index.php?rest_route=\/wp\/v2\/types\/post"}],"author":[{"embeddable":true,"href":"http:\/\/www.habertelgraf.com\/index.php?rest_route=\/wp\/v2\/users\/1"}],"replies":[{"embeddable":true,"href":"http:\/\/www.habertelgraf.com\/index.php?rest_route=%2Fwp%2Fv2%2Fcomments&post=362"}],"version-history":[{"count":1,"href":"http:\/\/www.habertelgraf.com\/index.php?rest_route=\/wp\/v2\/posts\/362\/revisions"}],"predecessor-version":[{"id":364,"href":"http:\/\/www.habertelgraf.com\/index.php?rest_route=\/wp\/v2\/posts\/362\/revisions\/364"}],"wp:attachment":[{"href":"http:\/\/www.habertelgraf.com\/index.php?rest_route=%2Fwp%2Fv2%2Fmedia&parent=362"}],"wp:term":[{"taxonomy":"category","embeddable":true,"href":"http:\/\/www.habertelgraf.com\/index.php?rest_route=%2Fwp%2Fv2%2Fcategories&post=362"},{"taxonomy":"post_tag","embeddable":true,"href":"http:\/\/www.habertelgraf.com\/index.php?rest_route=%2Fwp%2Fv2%2Ftags&post=362"}],"curies":[{"name":"wp","href":"https:\/\/api.w.org\/{rel}","templated":true}]}}