{"id":365,"date":"2020-10-15T16:50:03","date_gmt":"2020-10-15T13:50:03","guid":{"rendered":"http:\/\/www.habertelgraf.com\/?p=365"},"modified":"2020-10-15T16:54:40","modified_gmt":"2020-10-15T13:54:40","slug":"cumhurbaskani-erdogandan-cumartesi-yeni-mujde-geliyor","status":"publish","type":"post","link":"http:\/\/www.habertelgraf.com\/?p=365","title":{"rendered":"Cumhurba\u015fkan\u0131 Erdo\u011fan&#8217;dan Cumartesi yeni m\u00fcjde geliyor"},"content":{"rendered":"\n<p>Cumhurba\u015fkan\u0131 Erdo\u011fan Cumartesi g\u00fcn\u00fc yeni bir m\u00fcjde verece\u011fini duyurdu.<\/p>\n\n\n\n<p>&#8220;Cumartesi g\u00fcn\u00fc Fatih sondaj gemimize giderek hem \u00e7al\u0131\u015fmalar\u0131 bizzat yerinde g\u00f6recek hem de yeni rezerv miktar\u0131n\u0131 a\u00e7\u0131klayaca\u011f\u0131z.&#8221; dedi<\/p>\n\n\n\n<p>M\u00fcjde haberi t\u00fcm T\u00fcrkiye&#8217;yi \u00fcmitledirdi.<\/p>\n\n\n\n<p>Son zamanlarda ekonomi alan\u0131nda morallerin bozuk oldu\u011funu belirten uzmanlar gelecek m\u00fcjdenin b\u00fcy\u00fck ya da k\u00fc\u00e7\u00fck olmas\u0131na bakmaks\u0131z\u0131n piyasalara nefes ald\u0131raca\u011f\u0131n\u0131n alt\u0131n\u0131 \u00e7izdiler<\/p>\n","protected":false},"excerpt":{"rendered":"<p>Cumhurba\u015fkan\u0131 Erdo\u011fan Cumartesi g\u00fcn\u00fc yeni bir m\u00fcjde verece\u011fini duyurdu. &#8220;Cumartesi g\u00fcn\u00fc Fatih sondaj gemimize giderek hem \u00e7al\u0131\u015fmalar\u0131 bizzat yerinde g\u00f6recek hem de yeni rezerv miktar\u0131n\u0131 a\u00e7\u0131klayaca\u011f\u0131z.&#8221; dedi M\u00fcjde haberi t\u00fcm T\u00fcrkiye&#8217;yi \u00fcmitledirdi. Son zamanlarda ekonomi alan\u0131nda morallerin bozuk oldu\u011funu belirten uzmanlar gelecek m\u00fcjdenin b\u00fcy\u00fck ya da k\u00fc\u00e7\u00fck olmas\u0131na bakmaks\u0131z\u0131n piyasalara nefes ald\u0131raca\u011f\u0131n\u0131n alt\u0131n\u0131 \u00e7izdiler<\/p>\n","protected":false},"author":1,"featured_media":0,"comment_status":"open","ping_status":"open","sticky":false,"template":"","format":"standard","meta":[],"categories":[3],"tags":[],"_links":{"self":[{"href":"http:\/\/www.habertelgraf.com\/index.php?rest_route=\/wp\/v2\/posts\/365"}],"collection":[{"href":"http:\/\/www.habertelgraf.com\/index.php?rest_route=\/wp\/v2\/posts"}],"about":[{"href":"http:\/\/www.habertelgraf.com\/index.php?rest_route=\/wp\/v2\/types\/post"}],"author":[{"embeddable":true,"href":"http:\/\/www.habertelgraf.com\/index.php?rest_route=\/wp\/v2\/users\/1"}],"replies":[{"embeddable":true,"href":"http:\/\/www.habertelgraf.com\/index.php?rest_route=%2Fwp%2Fv2%2Fcomments&post=365"}],"version-history":[{"count":1,"href":"http:\/\/www.habertelgraf.com\/index.php?rest_route=\/wp\/v2\/posts\/365\/revisions"}],"predecessor-version":[{"id":366,"href":"http:\/\/www.habertelgraf.com\/index.php?rest_route=\/wp\/v2\/posts\/365\/revisions\/366"}],"wp:attachment":[{"href":"http:\/\/www.habertelgraf.com\/index.php?rest_route=%2Fwp%2Fv2%2Fmedia&parent=365"}],"wp:term":[{"taxonomy":"category","embeddable":true,"href":"http:\/\/www.habertelgraf.com\/index.php?rest_route=%2Fwp%2Fv2%2Fcategories&post=365"},{"taxonomy":"post_tag","embeddable":true,"href":"http:\/\/www.habertelgraf.com\/index.php?rest_route=%2Fwp%2Fv2%2Ftags&post=365"}],"curies":[{"name":"wp","href":"https:\/\/api.w.org\/{rel}","templated":true}]}}