{"id":374,"date":"2020-10-18T21:58:41","date_gmt":"2020-10-18T18:58:41","guid":{"rendered":"http:\/\/www.habertelgraf.com\/?p=374"},"modified":"2020-10-18T22:00:31","modified_gmt":"2020-10-18T19:00:31","slug":"374","status":"publish","type":"post","link":"http:\/\/www.habertelgraf.com\/?p=374","title":{"rendered":"KKTC se\u00e7imlerine siyaset d\u00fcnyas\u0131ndan yorumlar"},"content":{"rendered":"\n<p>KKTC se\u00e7imleri Ana vatan T\u00fcrkiye&#8217;de de dikkatle takip edildi. En \u00e7ok tart\u0131\u015f\u0131lar konular aras\u0131na giren se\u00e7imlerde Ersin Tatar&#8217;\u0131n galibiyet ipini g\u00f6\u011f\u00fcslemesi sosyal medyada da g\u00fcndem oldu.<\/p>\n\n\n\n<p>Siyaset d\u00fcnyas\u0131ndan KKTC se\u00e7imerine gelen ilk tepkiler ise \u015f\u00f6yle oldu.<\/p>\n\n\n\n<p>Cumhurba\u015fkan\u0131 Recep Tayyip Erdo\u011fan:<\/p>\n\n\n\n<p>Kuzey K\u0131br\u0131s T\u00fcrk Cumhuriyeti Cumhurba\u015fkan\u0131 se\u00e7ilen Say\u0131n Ersin Tatar&#8217;\u0131 \u015fahs\u0131m ve T\u00fcrk Milleti ad\u0131na tebrik ediyorum. T\u00fcrkiye, K\u0131br\u0131s T\u00fcrk halk\u0131n\u0131n hak ve hukukunun korunmas\u0131 i\u00e7in gereken her t\u00fcrl\u00fc \u00e7abay\u0131 g\u00f6stermeyi s\u00fcrd\u00fcrecektir.<\/p>\n\n\n\n<figure class=\"wp-block-embed-twitter wp-block-embed is-type-rich is-provider-twitter\"><div class=\"wp-block-embed__wrapper\">\n<blockquote class=\"twitter-tweet\" data-width=\"550\" data-dnt=\"true\"><p lang=\"tr\" dir=\"ltr\">Kuzey K\u0131br\u0131s T\u00fcrk Cumhuriyeti Cumhurba\u015fkan\u0131 se\u00e7ilen Say\u0131n Ersin Tatar&#39;\u0131 \u015fahs\u0131m ve T\u00fcrk Milleti ad\u0131na tebrik ediyorum.<br><br>T\u00fcrkiye, K\u0131br\u0131s T\u00fcrk halk\u0131n\u0131n hak ve hukukunun korunmas\u0131 i\u00e7in gereken her t\u00fcrl\u00fc \u00e7abay\u0131 g\u00f6stermeyi s\u00fcrd\u00fcrecektir.<\/p>&mdash; Recep Tayyip Erdo\u011fan (@RTErdogan) <a href=\"https:\/\/twitter.com\/RTErdogan\/status\/1317876322019008513?ref_src=twsrc%5Etfw\">October 18, 2020<\/a><\/blockquote><script async src=\"https:\/\/platform.twitter.com\/widgets.js\" charset=\"utf-8\"><\/script>\n<\/div><\/figure>\n\n\n\n<p><\/p>\n\n\n\n<p>D\u0131\u015fi\u015fleri Bakan\u0131 Mevl\u00fct \u00c7avu\u015fo\u011flu:<\/p>\n\n\n\n<p>KKTC Cumhurba\u015fkanl\u0131\u011f\u0131 se\u00e7imini kazanan Ersin Tatar\u2019\u0131 g\u00f6n\u00fclden kutluyoruz. K\u0131br\u0131s T\u00fcrk\u00fcn\u00fcn refah\u0131, kalk\u0131nmas\u0131 ve g\u00fcvenli\u011fi i\u00e7in hep birlikte \u00e7al\u0131\u015faca\u011f\u0131z. <a href=\"https:\/\/twitter.com\/hashtag\/KKTC?src=hashtag_click\">#KKTC<\/a>\u2019nin Do\u011fu Akdeniz\u2019deki me\u015fru hak ve \u00e7\u0131karlar\u0131n\u0131 hep birlikte koruyaca\u011f\u0131z. <a href=\"https:\/\/twitter.com\/ersinrtatar\">@ersinrtatar<\/a><\/p>\n\n\n\n<p><\/p>\n\n\n\n<figure class=\"wp-block-embed-twitter wp-block-embed is-type-rich is-provider-twitter\"><div class=\"wp-block-embed__wrapper\">\n<blockquote class=\"twitter-tweet\" data-width=\"550\" data-dnt=\"true\"><p lang=\"tr\" dir=\"ltr\">KKTC Cumhurba\u015fkanl\u0131\u011f\u0131 se\u00e7imini kazanan Ersin Tatar\u2019\u0131 g\u00f6n\u00fclden kutluyoruz. K\u0131br\u0131s T\u00fcrk\u00fcn\u00fcn refah\u0131, kalk\u0131nmas\u0131 ve g\u00fcvenli\u011fi i\u00e7in hep birlikte \u00e7al\u0131\u015faca\u011f\u0131z. <a href=\"https:\/\/twitter.com\/hashtag\/KKTC?src=hash&amp;ref_src=twsrc%5Etfw\">#KKTC<\/a>\u2019nin Do\u011fu Akdeniz\u2019deki me\u015fru hak ve \u00e7\u0131karlar\u0131n\u0131 hep birlikte koruyaca\u011f\u0131z. <a href=\"https:\/\/twitter.com\/ersinrtatar?ref_src=twsrc%5Etfw\">@ersinrtatar<\/a> <a href=\"https:\/\/t.co\/iVNT7GV0Rt\">pic.twitter.com\/iVNT7GV0Rt<\/a><\/p>&mdash; Mevl\u00fct \u00c7avu\u015fo\u011flu (@MevlutCavusoglu) <a href=\"https:\/\/twitter.com\/MevlutCavusoglu\/status\/1317870523800576000?ref_src=twsrc%5Etfw\">October 18, 2020<\/a><\/blockquote><script async src=\"https:\/\/platform.twitter.com\/widgets.js\" charset=\"utf-8\"><\/script>\n<\/div><\/figure>\n\n\n\n<p><\/p>\n\n\n\n<p><a href=\"https:\/\/twitter.com\/hasandogan\" data-type=\"URL\" data-id=\"https:\/\/twitter.com\/hasandogan\"><a href=\"https:\/\/twitter.com\/hasandogan\">Hasan Do\u011fan<\/a><\/a> CB \u00f6zel kalemi<\/p>\n\n\n\n<p>Kuzey K\u0131br\u0131s T\u00fcrk Cumhuriyeti Cumhurba\u015fkanl\u0131\u011f\u0131 se\u00e7im sonu\u00e7lar\u0131 hay\u0131rl\u0131 olsun. Tebrikler <a href=\"https:\/\/twitter.com\/hashtag\/ErsinTatar?src=hashtag_click\">#ErsinTatar<\/a><\/p>\n\n\n\n<p><\/p>\n\n\n\n<figure class=\"wp-block-embed-twitter wp-block-embed is-type-rich is-provider-twitter\"><div class=\"wp-block-embed__wrapper\">\n<blockquote class=\"twitter-tweet\" data-width=\"550\" data-dnt=\"true\"><p lang=\"tr\" dir=\"ltr\">Kuzey K\u0131br\u0131s T\u00fcrk Cumhuriyeti Cumhurba\u015fkanl\u0131\u011f\u0131 se\u00e7im sonu\u00e7lar\u0131 hay\u0131rl\u0131 olsun. Tebrikler <a href=\"https:\/\/twitter.com\/hashtag\/ErsinTatar?src=hash&amp;ref_src=twsrc%5Etfw\">#ErsinTatar<\/a> <a href=\"https:\/\/t.co\/Ir9OU6a6zS\">pic.twitter.com\/Ir9OU6a6zS<\/a><\/p>&mdash; Hasan Do\u011fan \u062d\u0633\u0646 (@hasandogan) <a href=\"https:\/\/twitter.com\/hasandogan\/status\/1317879082508570627?ref_src=twsrc%5Etfw\">October 18, 2020<\/a><\/blockquote><script async src=\"https:\/\/platform.twitter.com\/widgets.js\" charset=\"utf-8\"><\/script>\n<\/div><\/figure>\n\n\n\n<p>\u0130stanbul Valisi Ali Yerlikaya <\/p>\n\n\n\n<p>Kuzey K\u0131br\u0131s T\u00fcrk Cumhuriyeti Cumhurba\u015fkanl\u0131\u011f\u0131 se\u00e7imini kazanan Say\u0131n Ersin Tatar\u2019\u0131 tebrik ediyor, g\u00f6revinde ba\u015far\u0131lar diliyorum. Hay\u0131rl\u0131 olsun. <a href=\"https:\/\/twitter.com\/hashtag\/KKTC?src=hashtag_click\">#KKTC<\/a><\/p>\n\n\n\n<p><\/p>\n\n\n\n<figure class=\"wp-block-embed-twitter wp-block-embed is-type-rich is-provider-twitter\"><div class=\"wp-block-embed__wrapper\">\n<blockquote class=\"twitter-tweet\" data-width=\"550\" data-dnt=\"true\"><p lang=\"tr\" dir=\"ltr\">Kuzey K\u0131br\u0131s T\u00fcrk Cumhuriyeti Cumhurba\u015fkanl\u0131\u011f\u0131 se\u00e7imini kazanan Say\u0131n Ersin Tatar\u2019\u0131 tebrik ediyor, g\u00f6revinde ba\u015far\u0131lar diliyorum. <br><br>Hay\u0131rl\u0131 olsun.<a href=\"https:\/\/twitter.com\/hashtag\/KKTC?src=hash&amp;ref_src=twsrc%5Etfw\">#KKTC<\/a> <a href=\"https:\/\/t.co\/4IDtksXjKT\">pic.twitter.com\/4IDtksXjKT<\/a><\/p>&mdash; Ali Yerlikaya (@AliYerlikaya) <a href=\"https:\/\/twitter.com\/AliYerlikaya\/status\/1317879502656208898?ref_src=twsrc%5Etfw\">October 18, 2020<\/a><\/blockquote><script async src=\"https:\/\/platform.twitter.com\/widgets.js\" charset=\"utf-8\"><\/script>\n<\/div><\/figure>\n","protected":false},"excerpt":{"rendered":"<p>KKTC se\u00e7imleri Ana vatan T\u00fcrkiye&#8217;de de dikkatle takip edildi. En \u00e7ok tart\u0131\u015f\u0131lar konular aras\u0131na giren se\u00e7imlerde Ersin Tatar&#8217;\u0131n galibiyet ipini g\u00f6\u011f\u00fcslemesi sosyal medyada da g\u00fcndem oldu. Siyaset d\u00fcnyas\u0131ndan KKTC se\u00e7imerine gelen ilk tepkiler ise \u015f\u00f6yle oldu. Cumhurba\u015fkan\u0131 Recep Tayyip Erdo\u011fan: Kuzey K\u0131br\u0131s T\u00fcrk Cumhuriyeti Cumhurba\u015fkan\u0131 se\u00e7ilen Say\u0131n Ersin Tatar&#8217;\u0131 \u015fahs\u0131m ve T\u00fcrk Milleti ad\u0131na tebrik &hellip;<\/p>\n","protected":false},"author":1,"featured_media":0,"comment_status":"open","ping_status":"open","sticky":false,"template":"","format":"standard","meta":[],"categories":[1],"tags":[],"_links":{"self":[{"href":"http:\/\/www.habertelgraf.com\/index.php?rest_route=\/wp\/v2\/posts\/374"}],"collection":[{"href":"http:\/\/www.habertelgraf.com\/index.php?rest_route=\/wp\/v2\/posts"}],"about":[{"href":"http:\/\/www.habertelgraf.com\/index.php?rest_route=\/wp\/v2\/types\/post"}],"author":[{"embeddable":true,"href":"http:\/\/www.habertelgraf.com\/index.php?rest_route=\/wp\/v2\/users\/1"}],"replies":[{"embeddable":true,"href":"http:\/\/www.habertelgraf.com\/index.php?rest_route=%2Fwp%2Fv2%2Fcomments&post=374"}],"version-history":[{"count":2,"href":"http:\/\/www.habertelgraf.com\/index.php?rest_route=\/wp\/v2\/posts\/374\/revisions"}],"predecessor-version":[{"id":376,"href":"http:\/\/www.habertelgraf.com\/index.php?rest_route=\/wp\/v2\/posts\/374\/revisions\/376"}],"wp:attachment":[{"href":"http:\/\/www.habertelgraf.com\/index.php?rest_route=%2Fwp%2Fv2%2Fmedia&parent=374"}],"wp:term":[{"taxonomy":"category","embeddable":true,"href":"http:\/\/www.habertelgraf.com\/index.php?rest_route=%2Fwp%2Fv2%2Fcategories&post=374"},{"taxonomy":"post_tag","embeddable":true,"href":"http:\/\/www.habertelgraf.com\/index.php?rest_route=%2Fwp%2Fv2%2Ftags&post=374"}],"curies":[{"name":"wp","href":"https:\/\/api.w.org\/{rel}","templated":true}]}}