{"id":382,"date":"2020-10-18T22:23:20","date_gmt":"2020-10-18T19:23:20","guid":{"rendered":"http:\/\/www.habertelgraf.com\/?p=382"},"modified":"2020-10-18T22:26:12","modified_gmt":"2020-10-18T19:26:12","slug":"bekir-coskun-hayatini-kaybetti","status":"publish","type":"post","link":"http:\/\/www.habertelgraf.com\/?p=382","title":{"rendered":"Bekir Co\u015fkun hayat\u0131n\u0131 kaybetti"},"content":{"rendered":"\n<p>Gazeteci yazar Bekir Co\u015fkun hayat\u0131n\u0131 kaybetti.x<\/p>\n\n\n\n<p>Akci\u011fer kanseri tedavisi g\u00f6ren 75 ya\u015f\u0131ndaki Co\u015fkun vefat etti.<\/p>\n\n\n\n<p>Uzun s\u00fcredir kanser tedavisi g\u00f6ren S\u00f6zc\u00fc gazetesi yazar\u0131 Bekir Co\u015fkun  Ankara \u015eehir Hastanesi\u2019nde ya\u015fam\u0131n\u0131 yitirdi.<\/p>\n\n\n\n<p>1945\u2019te \u015eanl\u0131urfa\u2019da memur bir baban\u0131n \u00e7ocu\u011fu olarak d\u00fcnyaya gelen Bekir Co\u015fkun, Ankara\u2019da Y\u00fcksek Gazetecilik Okulu\u2019ndan mezun oldu.<\/p>\n\n\n\n<p>1974&#8217;te mesle\u011fe foto muhabiri olarak ba\u015flayan ard\u0131ndan emniyet ve parlamento muhabirli\u011fi yapan Bekir Co\u015fkun, G\u00fcnayd\u0131n Gazetesi\u2019nde Dokuzuncu K\u00f6y adl\u0131 k\u00f6\u015fede yazarl\u0131k yapt\u0131.<\/p>\n\n\n\n<p>1987&#8217;de Sabah Gazetesi\u2019nde Onuncu K\u00f6y ba\u015fl\u0131kl\u0131 k\u00f6\u015fesini yazmaya ba\u015flad\u0131. 1993\u2019te H\u00fcrriyet Gazetesi&#8217;ne ge\u00e7en Co\u015fkun, 2009 y\u0131l\u0131nda Habert\u00fcrk&#8217;e transfer oldu. 2010 y\u0131l\u0131nda Cumhuriyet gazetesiyle anla\u015fan Co\u015fkun, 14 Mart 2014&#8217;te S\u00f6zc\u00fc&#8217;deki ilk yaz\u0131s\u0131n\u0131 yazd\u0131.<\/p>\n\n\n\n<p>2017 y\u0131l\u0131nda yaz\u0131lar\u0131 ara vermek zorunda kald\u0131.<\/p>\n\n\n\n<figure class=\"wp-block-embed-twitter wp-block-embed is-type-rich is-provider-twitter\"><div class=\"wp-block-embed__wrapper\">\n<blockquote class=\"twitter-tweet\" data-width=\"550\" data-dnt=\"true\"><p lang=\"tr\" dir=\"ltr\">En az s\u00f6zc\u00fckle en fazla \u015fey anlatan efsane yazar, kalemini halk\u0131n ger\u00e7ekleri \u00f6\u011frenme hakk\u0131na adam\u0131\u015f<br>b\u00fcy\u00fck gazeteci, mizah ustas\u0131, d\u00fcr\u00fcstl\u00fck ve mertlik simgesi sevgili arkada\u015f\u0131m, karde\u015fim Bekir Co\u015fkun&#39;u kaybetmenin tarifsiz ac\u0131s\u0131 i\u00e7indeyim.<br>Allah rahmet eylesin, nur i\u00e7inde yats\u0131n. <a href=\"https:\/\/t.co\/lMrKlBYivS\">pic.twitter.com\/lMrKlBYivS<\/a><\/p>&mdash; U\u011fur D\u00fcndar (@ugurdundarsozcu) <a href=\"https:\/\/twitter.com\/ugurdundarsozcu\/status\/1317906180719652867?ref_src=twsrc%5Etfw\">October 18, 2020<\/a><\/blockquote><script async src=\"https:\/\/platform.twitter.com\/widgets.js\" charset=\"utf-8\"><\/script>\n<\/div><\/figure>\n\n\n\n<p><\/p>\n\n\n\n<figure class=\"wp-block-embed-twitter wp-block-embed is-type-rich is-provider-twitter\"><div class=\"wp-block-embed__wrapper\">\n<blockquote class=\"twitter-tweet\" data-width=\"550\" data-dnt=\"true\"><p lang=\"tr\" dir=\"ltr\">Mesle\u011findeki d\u00fcr\u00fcstl\u00fc\u011f\u00fc ile gen\u00e7 ku\u015faklara \u00f6rnek oldu. Sadece ger\u00e7ekleri yazd\u0131. \u0130yi bir yazar, ger\u00e7ek bir gazeteciydi. Kalemini satmayan, kimseye boyun e\u011fmeyendi. Kendisine Allah\u2019tan rahmet, ailesine ve t\u00fcm sevenlerine ba\u015fsa\u011fl\u0131\u011f\u0131 diliyorum.  Ho\u015f\u00e7akal hem\u015ferim.  <a href=\"https:\/\/twitter.com\/hashtag\/bekir%C3%A7o%C5%9Fkun?src=hash&amp;ref_src=twsrc%5Etfw\">#bekir\u00e7o\u015fkun<\/a> <a href=\"https:\/\/t.co\/rwF18XZ2z7\">pic.twitter.com\/rwF18XZ2z7<\/a><\/p>&mdash; Mahsun K\u0131rm\u0131z\u0131g\u00fcl (@Mhsnkrmzgl) <a href=\"https:\/\/twitter.com\/Mhsnkrmzgl\/status\/1317907949604474881?ref_src=twsrc%5Etfw\">October 18, 2020<\/a><\/blockquote><script async src=\"https:\/\/platform.twitter.com\/widgets.js\" charset=\"utf-8\"><\/script>\n<\/div><\/figure>\n","protected":false},"excerpt":{"rendered":"<p>Gazeteci yazar Bekir Co\u015fkun hayat\u0131n\u0131 kaybetti.x Akci\u011fer kanseri tedavisi g\u00f6ren 75 ya\u015f\u0131ndaki Co\u015fkun vefat etti. Uzun s\u00fcredir kanser tedavisi g\u00f6ren S\u00f6zc\u00fc gazetesi yazar\u0131 Bekir Co\u015fkun Ankara \u015eehir Hastanesi\u2019nde ya\u015fam\u0131n\u0131 yitirdi. 1945\u2019te \u015eanl\u0131urfa\u2019da memur bir baban\u0131n \u00e7ocu\u011fu olarak d\u00fcnyaya gelen Bekir Co\u015fkun, Ankara\u2019da Y\u00fcksek Gazetecilik Okulu\u2019ndan mezun oldu. 1974&#8217;te mesle\u011fe foto muhabiri olarak ba\u015flayan ard\u0131ndan emniyet &hellip;<\/p>\n","protected":false},"author":1,"featured_media":0,"comment_status":"open","ping_status":"open","sticky":false,"template":"","format":"standard","meta":[],"categories":[1],"tags":[],"_links":{"self":[{"href":"http:\/\/www.habertelgraf.com\/index.php?rest_route=\/wp\/v2\/posts\/382"}],"collection":[{"href":"http:\/\/www.habertelgraf.com\/index.php?rest_route=\/wp\/v2\/posts"}],"about":[{"href":"http:\/\/www.habertelgraf.com\/index.php?rest_route=\/wp\/v2\/types\/post"}],"author":[{"embeddable":true,"href":"http:\/\/www.habertelgraf.com\/index.php?rest_route=\/wp\/v2\/users\/1"}],"replies":[{"embeddable":true,"href":"http:\/\/www.habertelgraf.com\/index.php?rest_route=%2Fwp%2Fv2%2Fcomments&post=382"}],"version-history":[{"count":2,"href":"http:\/\/www.habertelgraf.com\/index.php?rest_route=\/wp\/v2\/posts\/382\/revisions"}],"predecessor-version":[{"id":384,"href":"http:\/\/www.habertelgraf.com\/index.php?rest_route=\/wp\/v2\/posts\/382\/revisions\/384"}],"wp:attachment":[{"href":"http:\/\/www.habertelgraf.com\/index.php?rest_route=%2Fwp%2Fv2%2Fmedia&parent=382"}],"wp:term":[{"taxonomy":"category","embeddable":true,"href":"http:\/\/www.habertelgraf.com\/index.php?rest_route=%2Fwp%2Fv2%2Fcategories&post=382"},{"taxonomy":"post_tag","embeddable":true,"href":"http:\/\/www.habertelgraf.com\/index.php?rest_route=%2Fwp%2Fv2%2Ftags&post=382"}],"curies":[{"name":"wp","href":"https:\/\/api.w.org\/{rel}","templated":true}]}}