{"id":385,"date":"2020-10-18T22:32:27","date_gmt":"2020-10-18T19:32:27","guid":{"rendered":"http:\/\/www.habertelgraf.com\/?p=385"},"modified":"2020-10-18T22:40:59","modified_gmt":"2020-10-18T19:40:59","slug":"kktc-secimlerinde-cakilan-anketciler","status":"publish","type":"post","link":"http:\/\/www.habertelgraf.com\/?p=385","title":{"rendered":"KKTC se\u00e7imlerinde \u00e7ak\u0131lan anket\u00e7iler"},"content":{"rendered":"\n<p>KKTC Se\u00e7imleri Ersin Tatar&#8217;\u0131n galibiyetiyle sona erdi<\/p>\n\n\n\n<p>Tatar&#8217;\u0131n Cumhurba\u015fkan\u0131 se\u00e7ild\u011fi se\u00e7imler \u00f6ncesinde anket \u015firketi sahibi A. G\u00fcr sonu\u00e7lar\u0131n y\u00fczde 60&#8217;a y\u00fczde 40 Mustafa Ak\u0131nc\u0131 lehine olaca\u011f\u0131n\u0131 s\u00f6ylemi\u015fti<\/p>\n\n\n\n<figure class=\"wp-block-embed-youtube wp-block-embed is-type-video is-provider-youtube wp-embed-aspect-16-9 wp-has-aspect-ratio\"><div class=\"wp-block-embed__wrapper\">\n<iframe loading=\"lazy\" title=\"Adil G\u00fcr KKTC se\u00e7im sonu\u00e7lar\u0131n\u0131 bilemedi\" width=\"960\" height=\"540\" src=\"https:\/\/www.youtube.com\/embed\/xegviyR8QQg?feature=oembed\" frameborder=\"0\" allow=\"accelerometer; autoplay; clipboard-write; encrypted-media; gyroscope; picture-in-picture\" allowfullscreen><\/iframe>\n<\/div><\/figure>\n","protected":false},"excerpt":{"rendered":"<p>KKTC Se\u00e7imleri Ersin Tatar&#8217;\u0131n galibiyetiyle sona erdi Tatar&#8217;\u0131n Cumhurba\u015fkan\u0131 se\u00e7ild\u011fi se\u00e7imler \u00f6ncesinde anket \u015firketi sahibi A. G\u00fcr sonu\u00e7lar\u0131n y\u00fczde 60&#8217;a y\u00fczde 40 Mustafa Ak\u0131nc\u0131 lehine olaca\u011f\u0131n\u0131 s\u00f6ylemi\u015fti<\/p>\n","protected":false},"author":1,"featured_media":0,"comment_status":"open","ping_status":"open","sticky":false,"template":"","format":"standard","meta":[],"categories":[1],"tags":[],"_links":{"self":[{"href":"http:\/\/www.habertelgraf.com\/index.php?rest_route=\/wp\/v2\/posts\/385"}],"collection":[{"href":"http:\/\/www.habertelgraf.com\/index.php?rest_route=\/wp\/v2\/posts"}],"about":[{"href":"http:\/\/www.habertelgraf.com\/index.php?rest_route=\/wp\/v2\/types\/post"}],"author":[{"embeddable":true,"href":"http:\/\/www.habertelgraf.com\/index.php?rest_route=\/wp\/v2\/users\/1"}],"replies":[{"embeddable":true,"href":"http:\/\/www.habertelgraf.com\/index.php?rest_route=%2Fwp%2Fv2%2Fcomments&post=385"}],"version-history":[{"count":2,"href":"http:\/\/www.habertelgraf.com\/index.php?rest_route=\/wp\/v2\/posts\/385\/revisions"}],"predecessor-version":[{"id":388,"href":"http:\/\/www.habertelgraf.com\/index.php?rest_route=\/wp\/v2\/posts\/385\/revisions\/388"}],"wp:attachment":[{"href":"http:\/\/www.habertelgraf.com\/index.php?rest_route=%2Fwp%2Fv2%2Fmedia&parent=385"}],"wp:term":[{"taxonomy":"category","embeddable":true,"href":"http:\/\/www.habertelgraf.com\/index.php?rest_route=%2Fwp%2Fv2%2Fcategories&post=385"},{"taxonomy":"post_tag","embeddable":true,"href":"http:\/\/www.habertelgraf.com\/index.php?rest_route=%2Fwp%2Fv2%2Ftags&post=385"}],"curies":[{"name":"wp","href":"https:\/\/api.w.org\/{rel}","templated":true}]}}