{"id":395,"date":"2020-10-20T21:05:31","date_gmt":"2020-10-20T18:05:31","guid":{"rendered":"http:\/\/www.habertelgraf.com\/?p=395"},"modified":"2020-10-20T21:05:32","modified_gmt":"2020-10-20T18:05:32","slug":"cumhurbaskani-erdogan-yeni-bir-baslangicin-sinyalini-mi-verdi","status":"publish","type":"post","link":"http:\/\/www.habertelgraf.com\/?p=395","title":{"rendered":"Cumhurba\u015fkan\u0131 Erdo\u011fan yeni bir ba\u015flang\u0131c\u0131n sinyalini mi verdi?"},"content":{"rendered":"\n<p>Cumhurba\u015fkan\u0131 Erdo\u011fan kabine toplant\u0131s\u0131 sonras\u0131nda tarihi bir konu\u015fma yapt\u0131 <\/p>\n\n\n\n<p>Ard\u0131ndan sosyal medya hesab\u0131ndan \u015fu payla\u015f\u0131m\u0131 yapt\u0131<\/p>\n\n\n\n<p>T\u00fcrkiye\u2019nin bug\u00fcne kadar ger\u00e7ekle\u015ftirdi\u011fi yap\u0131sal reformlar sadece \u00e7ok daha b\u00fcy\u00fck hamlelerin temeliydi. Bu temel \u00fczerinde 2053 vizyonumuzun esas\u0131n\u0131 olu\u015fturacak olan b\u00fcy\u00fck ve g\u00fc\u00e7l\u00fc T\u00fcrkiye\u2019nin in\u015fas\u0131na yeni ba\u015fl\u0131yoruz.<\/p>\n\n\n\n<figure class=\"wp-block-embed-twitter wp-block-embed is-type-rich is-provider-twitter\"><div class=\"wp-block-embed__wrapper\">\n<blockquote class=\"twitter-tweet\" data-width=\"550\" data-dnt=\"true\"><p lang=\"tr\" dir=\"ltr\">T\u00fcrkiye\u2019nin bug\u00fcne kadar ger\u00e7ekle\u015ftirdi\u011fi yap\u0131sal reformlar sadece \u00e7ok daha b\u00fcy\u00fck hamlelerin temeliydi. <br><br>Bu temel \u00fczerinde 2053 vizyonumuzun esas\u0131n\u0131 olu\u015fturacak olan b\u00fcy\u00fck ve g\u00fc\u00e7l\u00fc T\u00fcrkiye\u2019nin in\u015fas\u0131na yeni ba\u015fl\u0131yoruz. <a href=\"https:\/\/t.co\/HcWge9SqNp\">pic.twitter.com\/HcWge9SqNp<\/a><\/p>&mdash; Recep Tayyip Erdo\u011fan (@RTErdogan) <a href=\"https:\/\/twitter.com\/RTErdogan\/status\/1318608689499197448?ref_src=twsrc%5Etfw\">October 20, 2020<\/a><\/blockquote><script async src=\"https:\/\/platform.twitter.com\/widgets.js\" charset=\"utf-8\"><\/script>\n<\/div><\/figure>\n","protected":false},"excerpt":{"rendered":"<p>Cumhurba\u015fkan\u0131 Erdo\u011fan kabine toplant\u0131s\u0131 sonras\u0131nda tarihi bir konu\u015fma yapt\u0131 Ard\u0131ndan sosyal medya hesab\u0131ndan \u015fu payla\u015f\u0131m\u0131 yapt\u0131 T\u00fcrkiye\u2019nin bug\u00fcne kadar ger\u00e7ekle\u015ftirdi\u011fi yap\u0131sal reformlar sadece \u00e7ok daha b\u00fcy\u00fck hamlelerin temeliydi. Bu temel \u00fczerinde 2053 vizyonumuzun esas\u0131n\u0131 olu\u015fturacak olan b\u00fcy\u00fck ve g\u00fc\u00e7l\u00fc T\u00fcrkiye\u2019nin in\u015fas\u0131na yeni ba\u015fl\u0131yoruz.<\/p>\n","protected":false},"author":1,"featured_media":0,"comment_status":"open","ping_status":"open","sticky":false,"template":"","format":"standard","meta":[],"categories":[1],"tags":[],"_links":{"self":[{"href":"http:\/\/www.habertelgraf.com\/index.php?rest_route=\/wp\/v2\/posts\/395"}],"collection":[{"href":"http:\/\/www.habertelgraf.com\/index.php?rest_route=\/wp\/v2\/posts"}],"about":[{"href":"http:\/\/www.habertelgraf.com\/index.php?rest_route=\/wp\/v2\/types\/post"}],"author":[{"embeddable":true,"href":"http:\/\/www.habertelgraf.com\/index.php?rest_route=\/wp\/v2\/users\/1"}],"replies":[{"embeddable":true,"href":"http:\/\/www.habertelgraf.com\/index.php?rest_route=%2Fwp%2Fv2%2Fcomments&post=395"}],"version-history":[{"count":1,"href":"http:\/\/www.habertelgraf.com\/index.php?rest_route=\/wp\/v2\/posts\/395\/revisions"}],"predecessor-version":[{"id":396,"href":"http:\/\/www.habertelgraf.com\/index.php?rest_route=\/wp\/v2\/posts\/395\/revisions\/396"}],"wp:attachment":[{"href":"http:\/\/www.habertelgraf.com\/index.php?rest_route=%2Fwp%2Fv2%2Fmedia&parent=395"}],"wp:term":[{"taxonomy":"category","embeddable":true,"href":"http:\/\/www.habertelgraf.com\/index.php?rest_route=%2Fwp%2Fv2%2Fcategories&post=395"},{"taxonomy":"post_tag","embeddable":true,"href":"http:\/\/www.habertelgraf.com\/index.php?rest_route=%2Fwp%2Fv2%2Ftags&post=395"}],"curies":[{"name":"wp","href":"https:\/\/api.w.org\/{rel}","templated":true}]}}