{"id":404,"date":"2020-10-22T13:58:44","date_gmt":"2020-10-22T10:58:44","guid":{"rendered":"http:\/\/www.habertelgraf.com\/?p=404"},"modified":"2020-10-22T13:58:53","modified_gmt":"2020-10-22T10:58:53","slug":"alevi-provokasyonuna-net-yanit","status":"publish","type":"post","link":"http:\/\/www.habertelgraf.com\/?p=404","title":{"rendered":"Alevi provokasyonuna net yan\u0131t"},"content":{"rendered":"\n<p><\/p>\n\n\n\n<p>\u0130\u00e7i\u015fleri Bakan yard\u0131mc\u0131s\u0131 \u0130smail \u00c7atakl\u0131 Pendik te ya\u015fanan olayla ilgili a\u00e7\u0131klama yapt\u0131.<\/p>\n\n\n\n<p>A\u00e7\u0131klamada \u015funlar kaydedildi.<\/p>\n\n\n\n<p>&#8220;Vatanda\u015flar\u0131m\u0131z m\u00fcsterih olsunlar.<\/p>\n\n\n\n<p>Bin y\u0131ld\u0131r karde\u015flik i\u00e7inde ya\u015fad\u0131\u011f\u0131m\u0131z Anadolu topraklar\u0131nda karde\u015fli\u011fimizi ve huzurumuzu tehdit etmeye y\u00f6nelik giri\u015fimlere bundan \u00f6nce m\u00fcsaade edilmedi\u011fi gibi bundan sonra da m\u00fcsaade edilmeyecek&#8221;<\/p>\n\n\n\n<figure class=\"wp-block-embed-twitter wp-block-embed is-type-rich is-provider-twitter\"><div class=\"wp-block-embed__wrapper\">\n<blockquote class=\"twitter-tweet\" data-width=\"550\" data-dnt=\"true\"><p lang=\"tr\" dir=\"ltr\">Vatanda\u015flar\u0131m\u0131z m\u00fcsterih olsunlar.<br><br>Bin y\u0131ld\u0131r karde\u015flik i\u00e7inde ya\u015fad\u0131\u011f\u0131m\u0131z Anadolu topraklar\u0131nda karde\u015fli\u011fimizi ve huzurumuzu tehdit etmeye y\u00f6nelik giri\u015fimlere bundan \u00f6nce m\u00fcsaade edilmedi\u011fi gibi bundan sonra da m\u00fcsaade edilmeyecek \u2b07\ufe0f <a href=\"https:\/\/t.co\/TqMissMluD\">pic.twitter.com\/TqMissMluD<\/a><\/p>&mdash; \u0130smail \u00c7ATAKLI (@ismailcatakli) <a href=\"https:\/\/twitter.com\/ismailcatakli\/status\/1319229454321930241?ref_src=twsrc%5Etfw\">October 22, 2020<\/a><\/blockquote><script async src=\"https:\/\/platform.twitter.com\/widgets.js\" charset=\"utf-8\"><\/script>\n<\/div><\/figure>\n","protected":false},"excerpt":{"rendered":"<p>\u0130\u00e7i\u015fleri Bakan yard\u0131mc\u0131s\u0131 \u0130smail \u00c7atakl\u0131 Pendik te ya\u015fanan olayla ilgili a\u00e7\u0131klama yapt\u0131. A\u00e7\u0131klamada \u015funlar kaydedildi. &#8220;Vatanda\u015flar\u0131m\u0131z m\u00fcsterih olsunlar. Bin y\u0131ld\u0131r karde\u015flik i\u00e7inde ya\u015fad\u0131\u011f\u0131m\u0131z Anadolu topraklar\u0131nda karde\u015fli\u011fimizi ve huzurumuzu tehdit etmeye y\u00f6nelik giri\u015fimlere bundan \u00f6nce m\u00fcsaade edilmedi\u011fi gibi bundan sonra da m\u00fcsaade edilmeyecek&#8221;<\/p>\n","protected":false},"author":1,"featured_media":0,"comment_status":"open","ping_status":"open","sticky":false,"template":"","format":"standard","meta":[],"categories":[1],"tags":[],"_links":{"self":[{"href":"http:\/\/www.habertelgraf.com\/index.php?rest_route=\/wp\/v2\/posts\/404"}],"collection":[{"href":"http:\/\/www.habertelgraf.com\/index.php?rest_route=\/wp\/v2\/posts"}],"about":[{"href":"http:\/\/www.habertelgraf.com\/index.php?rest_route=\/wp\/v2\/types\/post"}],"author":[{"embeddable":true,"href":"http:\/\/www.habertelgraf.com\/index.php?rest_route=\/wp\/v2\/users\/1"}],"replies":[{"embeddable":true,"href":"http:\/\/www.habertelgraf.com\/index.php?rest_route=%2Fwp%2Fv2%2Fcomments&post=404"}],"version-history":[{"count":2,"href":"http:\/\/www.habertelgraf.com\/index.php?rest_route=\/wp\/v2\/posts\/404\/revisions"}],"predecessor-version":[{"id":406,"href":"http:\/\/www.habertelgraf.com\/index.php?rest_route=\/wp\/v2\/posts\/404\/revisions\/406"}],"wp:attachment":[{"href":"http:\/\/www.habertelgraf.com\/index.php?rest_route=%2Fwp%2Fv2%2Fmedia&parent=404"}],"wp:term":[{"taxonomy":"category","embeddable":true,"href":"http:\/\/www.habertelgraf.com\/index.php?rest_route=%2Fwp%2Fv2%2Fcategories&post=404"},{"taxonomy":"post_tag","embeddable":true,"href":"http:\/\/www.habertelgraf.com\/index.php?rest_route=%2Fwp%2Fv2%2Ftags&post=404"}],"curies":[{"name":"wp","href":"https:\/\/api.w.org\/{rel}","templated":true}]}}