{"id":408,"date":"2020-10-26T09:09:37","date_gmt":"2020-10-26T06:09:37","guid":{"rendered":"http:\/\/www.habertelgraf.com\/?p=408"},"modified":"2020-10-26T09:12:54","modified_gmt":"2020-10-26T06:12:54","slug":"analiz-kara-trenden-yuksek-hizli-tren-sistemine-nasil-gelindi","status":"publish","type":"post","link":"http:\/\/www.habertelgraf.com\/?p=408","title":{"rendered":"ANAL\u0130Z: Kara trenden Y\u00fcksek H\u0131zl\u0131 Tren sistemine nas\u0131l gelindi?"},"content":{"rendered":"\n<p><\/p>\n\n\n\n<p>Ula\u015ft\u0131rma ve Altyap\u0131 Bakanl\u0131\u011f\u0131 taraf\u0131ndan Sirkeci Gar\u0131&#8217;nda d\u00fczenlenen T\u00fcrk Demiryolu Zirvesi tamamland\u0131. D\u00f6rt g\u00fcn boyunca tarihi Sirkeci Gar\u0131&#8217;nda ziyaret\u00e7ilerini a\u011f\u0131rlayan zirve, online platformlarda da yo\u011fun ilgi g\u00f6rd\u00fc. 21-24 Ekim tarihleri aras\u0131nda d\u00fczenlenen zirveyi, 9.5 milyon ki\u015fi sosyal mecralarda online olarak takip etti.<\/p>\n\n\n\n<p><a href=\"https:\/\/www.instagram.com\/p\/CGy80XnqGig\/\">https:\/\/www.instagram.com\/p\/CGy80XnqGig\/<\/a><\/p>\n\n\n\n<p>Zirvenin demiryolu k\u00fclt\u00fcr\u00fcm\u00fcz\u00fc yans\u0131tmas\u0131 a\u00e7\u0131s\u0131ndan b\u00fcy\u00fck \u00f6nem ta\u015f\u0131d\u0131\u011f\u0131n\u0131 belirten Ula\u015ft\u0131rma ve Altyap\u0131 Bakan\u0131 Adil Karaismailo\u011flu, &#8220;Zirvemize kat\u0131l\u0131p fikirlerini payla\u015fan yerli ve yabanc\u0131 t\u00fcm kat\u0131l\u0131mc\u0131lar\u0131m\u0131z\u0131n fikirleri bizim i\u00e7in \u00e7ok de\u011ferli. Buradaki fikirlerin ileride yapaca\u011f\u0131m\u0131z devrim niteli\u011findeki b\u00fcy\u00fck yat\u0131r\u0131mlara y\u00f6n verece\u011fini d\u00fc\u015f\u00fcn\u00fcyorum.&#8221; dedi.<\/p>\n\n\n\n<p>Ula\u015ft\u0131rma ve Altyap\u0131 Bakanl\u0131\u011f\u0131 taraf\u0131ndan organize edilen ve Sirkeci Gar\u0131&#8217;nda d\u00fczenlenen, demiryolu sekt\u00f6r\u00fcn\u00fcn liderlerini alan\u0131nda uzman isimlerle bulu\u015fturan T\u00fcrk Demiryolu Zirvesi tamamland\u0131. T\u00fcrkiye&#8217;de ilk kez d\u00fczenlenen zirvede, T\u00fcrk demiryolu d\u00fcnyas\u0131ndaki en \u00f6nemli g\u00fcndem maddeleri sekt\u00f6r\u00fcn \u00f6nc\u00fc isimleri taraf\u0131ndan masaya yat\u0131r\u0131ld\u0131. T\u00fcrkiye&#8217;nin demiryolu alan\u0131ndaki geli\u015fiminin g\u00f6zler \u00f6n\u00fcne serildi\u011fi T\u00fcrk Demiryolu Zirvesi&#8217;ne, yerli ve yabanc\u0131 sekt\u00f6r \u00f6nc\u00fcleri kat\u0131ld\u0131. Avrupa&#8217;dan T\u00fcrk Demiryolu Zirvesi&#8217;ne kat\u0131lan \u00f6nemli isimler hem kendi \u00fclkelerindeki demiryollar\u0131nda yap\u0131lan reformlar\u0131 de\u011ferlendirdiler hem de T\u00fcrkiye ile bu alanda yap\u0131labilecek i\u015f birliklerini g\u00fcndeme getirdiler. Tarihi Sirkeci Gar\u0131&#8217;nda deneyim alanlar\u0131 ve \u00e7e\u015fitli sergileri ziyaret\u00e7ilerine a\u00e7an T\u00fcrk Demiryolu Zirvesi ayn\u0131 zamanda sosyal medya platformlar\u0131, zirve web sitesi ve mobil uygulamalar dahil, t\u00fcm online platformlardan canl\u0131 olarak izlendi. D\u00f6rt g\u00fcn boyunca b\u00fcy\u00fck bir ilgiyle takip edilen T\u00fcrk Demiryolu Zirvesi&#8217;ni 9.5 milyon ki\u015fi sosyal mecralardan takip etti.<\/p>\n\n\n\n<p>&#8220;DEVR\u0130M N\u0130TEL\u0130\u011e\u0130NDEK\u0130 B\u00dcY\u00dcK YATIRIMLARA Y\u00d6N VERECEK&#8221;<\/p>\n\n\n\n<p>&#8220;T\u00fcrk Demiryolu Zirvesi&#8221;, Ula\u015ft\u0131rma ve Altyap\u0131 Bakan\u0131 Adil Karaismailo\u011flu&#8217;nun kat\u0131l\u0131m\u0131 ile ger\u00e7ekle\u015ftirilen, moderat\u00f6rl\u00fc\u011f\u00fcn\u00fc Hakan \u00c7elik&#8217;in yapt\u0131\u011f\u0131 &#8220;2023 Demiryolu Vizyonu Oturumu&#8221; ile kapan\u0131\u015f\u0131 yapt\u0131. Bakan Adil Karaismailo\u011flu, demiryollar\u0131nda devrim niteli\u011finde at\u0131l\u0131mlar yapacaklar\u0131n\u0131 ve T\u00fcrk Demiryolu Zirvesi&#8217;nin de yap\u0131lacak bu at\u0131l\u0131mlara \u0131\u015f\u0131k tutacak bir etkinlik oldu\u011funu dile getirerek, &#8220;T\u00fcrkiye&#8217;de var olan 164 y\u0131ll\u0131k demiryolu k\u00fclt\u00fcr\u00fcn\u00fc oturtmaya \u00e7al\u0131\u015f\u0131yoruz. Zirvemiz demiryolu k\u00fclt\u00fcr\u00fcm\u00fcz\u00fc yans\u0131tmas\u0131 a\u00e7\u0131s\u0131ndan b\u00fcy\u00fck \u00f6nem ta\u015f\u0131yor. Etkinlik kapsam\u0131nda Anadolu topraklar\u0131ndan getirip sergiledi\u011fimiz &#8216;Kara Tren&#8217; ile &#8216;H\u0131zl\u0131 Tren&#8217;i bir arada g\u00f6rmek T\u00fcrkiye&#8217;nin demiryolu alan\u0131ndaki geli\u015fimini g\u00f6rmek a\u00e7\u0131s\u0131ndan \u00f6nemli. 21-24 Ekim tarihleri aras\u0131nda d\u00fczenledi\u011fimiz zirvemize kat\u0131l\u0131p fikirlerini payla\u015fan yerli ve yabanc\u0131 t\u00fcm kat\u0131l\u0131mc\u0131lar\u0131m\u0131z\u0131n fikirleri bizim i\u00e7in \u00e7ok de\u011ferli. Buradaki fikirlerin ileride yapaca\u011f\u0131m\u0131z devrim niteli\u011findeki b\u00fcy\u00fck yat\u0131r\u0131mlara y\u00f6n verece\u011fini d\u00fc\u015f\u00fcn\u00fcyorum&#8221; dedi.<\/p>\n\n\n\n<p>&#8220;HEDEF\u0130M\u0130Z DEM\u0130RYOLLARINI Y\u00dcKSELTMEK&#8221;<\/p>\n\n\n\n<p>Hedeflerinin demiryolu yat\u0131r\u0131mlar\u0131n\u0131 y\u00fckseltmek oldu\u011funu aktaran Bakan Karaismailo\u011flu, &#8220;18 y\u0131lda devrim niteli\u011finde ula\u015ft\u0131rma-altyap\u0131 yat\u0131r\u0131mlar\u0131 yapt\u0131k. Ula\u015ft\u0131rma altyap\u0131s\u0131na yakla\u015f\u0131k 907 milyar TL&#8217;lik yat\u0131r\u0131m yapt\u0131k. Bunun da y\u00fczde 18&#8217;i demir yolu. Tabii bunda a\u011f\u0131rl\u0131kl\u0131 olarak kara yollar\u0131 yat\u0131r\u0131mlar\u0131 var. Eyl\u00fcl 2020 itibar\u0131yla art\u0131k kara yollar\u0131 ile demir yolu yat\u0131r\u0131mlar\u0131 ba\u015fa ba\u015f geldi. Hedefimiz bundan sonra kara yollar\u0131n\u0131 biraz daha a\u015fa\u011f\u0131 \u00e7ekerek, demir yollar\u0131n\u0131 biraz daha y\u00fckseltmek. Oradaki eksikli\u011fimizi tamam\u0131yla giderip lojistik anlamda bu yat\u0131r\u0131mlar\u0131 tamamlayaca\u011f\u0131z ve \u00fclkemizin hizmetine sunaca\u011f\u0131z&#8221; \u015feklinde konu\u015ftu.<\/p>\n\n\n\n<p>&#8220;S\u0130RKEC\u0130 GARI, TAR\u0130H\u0130 DEM\u0130YOLU M\u00dcZES\u0130 OLARAK H\u0130ZMET VERECEK&#8221;<\/p>\n\n\n\n<p>Sirkeci Gar\u0131&#8217;n\u0131n \u00f6n\u00fcm\u00fczdeki d\u00f6nemde a\u011f\u0131rl\u0131kl\u0131 olarak m\u00fcze \u015feklinde de\u011ferlendirilece\u011fini aktaran Karaismailo\u011flu, &#8220;Sirkeci Gar\u0131 ile Kazl\u0131\u00e7e\u015fme aras\u0131nda bisiklet yollar\u0131, sosyal alanlar ve rekreasyon alanlar\u0131 olan bir yap\u0131 kurmay\u0131 hedefliyoruz. Sirkeci gar\u0131 da a\u011f\u0131rl\u0131kl\u0131 olarak elden ge\u00e7irilerek &#8216;Tarihi Demiryolu M\u00fczesi&#8217; olarak hizmet verecek. Bununla ilgili bir \u00e7al\u0131\u015fma haz\u0131rl\u0131yoruz. Onun planlamas\u0131n\u0131 yapt\u0131k, k\u0131sa zamanda tan\u0131t\u0131m\u0131n\u0131 da yapar\u0131z. Art\u0131k trenden inen bir yolcu, bir mikro hareketlilik arac\u0131yla k\u0131sa mesafede ula\u015fmak istedi\u011fi yere rahatl\u0131kla ula\u015facak. Sirkeci Gar\u0131&#8217;nda \u00e7al\u0131\u015fmalara ba\u015flayaca\u011f\u0131z&#8221; ifadelerini kulland\u0131.<\/p>\n\n\n\n<p>Z\u0130RVE YO\u011eUN \u0130LG\u0130 G\u00d6RD\u00dc<\/p>\n\n\n\n<p>Birbirinden ilgi \u00e7eken etkinliklere ve sunumlara ev sahipli\u011fi yapan zirvede, T\u00fcrkiye Cumhuriyeti Devlet Demiryollar\u0131 (TCDD) taraf\u0131ndan hayata ge\u00e7irilen keyifli ve farkl\u0131 aktiviteler kat\u0131l\u0131mc\u0131lar taraf\u0131ndan yo\u011fun ilgi g\u00f6rd\u00fc. Markal\u0131 \u00dcr\u00fcnler Vagonu, &#8220;Tam O An&#8221; Do\u011fu Ekspresi Foto\u011fraf Yar\u0131\u015fmas\u0131 foto\u011fraflar\u0131n\u0131n sergilendi\u011fi Do\u011fu Ekspresi \u00d6zel Sergisi, TCDD&#8217;ye ait eski tren, lokomotif gibi ara\u00e7lar\u0131n sergilendi\u011fi Demiryolu M\u00fczesi ve TCDD personelleri i\u00e7in ge\u00e7mi\u015ften g\u00fcn\u00fcm\u00fcze tasarlanm\u0131\u015f \u00fcniformalar\u0131n sergilendi\u011fi &#8220;Tarihi K\u0131yafetler Sergisi&#8221; alan\u0131 etkinli\u011fin en merak uyand\u0131ran alanlar\u0131 aras\u0131nda yer ald\u0131. T\u00fcrk Demiryollar\u0131 Zirvesi kapsam\u0131nda kat\u0131l\u0131mc\u0131lar\u0131n edindikleri becerileri profesyonel bir hobi halinde devam ettirebilmeleri amac\u0131yla pek \u00e7ok at\u00f6lyeler de ger\u00e7ekle\u015fti. Seyahat Foto\u011fraf\u00e7\u0131l\u0131\u011f\u0131 At\u00f6lyesi, Minyat\u00fcr At\u00f6lyesi, F\u00fct\u00fcrist Tren Tasar\u0131m At\u00f6lyesi kat\u0131l\u0131mc\u0131lar taraf\u0131ndan ilgiyle takip edilen at\u00f6lyeler oldu.<\/p>\n","protected":false},"excerpt":{"rendered":"<p>Ula\u015ft\u0131rma ve Altyap\u0131 Bakanl\u0131\u011f\u0131 taraf\u0131ndan Sirkeci Gar\u0131&#8217;nda d\u00fczenlenen T\u00fcrk Demiryolu Zirvesi tamamland\u0131. D\u00f6rt g\u00fcn boyunca tarihi Sirkeci Gar\u0131&#8217;nda ziyaret\u00e7ilerini a\u011f\u0131rlayan zirve, online platformlarda da yo\u011fun ilgi g\u00f6rd\u00fc. 21-24 Ekim tarihleri aras\u0131nda d\u00fczenlenen zirveyi, 9.5 milyon ki\u015fi sosyal mecralarda online olarak takip etti. https:\/\/www.instagram.com\/p\/CGy80XnqGig\/ Zirvenin demiryolu k\u00fclt\u00fcr\u00fcm\u00fcz\u00fc yans\u0131tmas\u0131 a\u00e7\u0131s\u0131ndan b\u00fcy\u00fck \u00f6nem ta\u015f\u0131d\u0131\u011f\u0131n\u0131 belirten Ula\u015ft\u0131rma ve Altyap\u0131 &hellip;<\/p>\n","protected":false},"author":1,"featured_media":0,"comment_status":"open","ping_status":"open","sticky":false,"template":"","format":"standard","meta":[],"categories":[3],"tags":[],"_links":{"self":[{"href":"http:\/\/www.habertelgraf.com\/index.php?rest_route=\/wp\/v2\/posts\/408"}],"collection":[{"href":"http:\/\/www.habertelgraf.com\/index.php?rest_route=\/wp\/v2\/posts"}],"about":[{"href":"http:\/\/www.habertelgraf.com\/index.php?rest_route=\/wp\/v2\/types\/post"}],"author":[{"embeddable":true,"href":"http:\/\/www.habertelgraf.com\/index.php?rest_route=\/wp\/v2\/users\/1"}],"replies":[{"embeddable":true,"href":"http:\/\/www.habertelgraf.com\/index.php?rest_route=%2Fwp%2Fv2%2Fcomments&post=408"}],"version-history":[{"count":3,"href":"http:\/\/www.habertelgraf.com\/index.php?rest_route=\/wp\/v2\/posts\/408\/revisions"}],"predecessor-version":[{"id":411,"href":"http:\/\/www.habertelgraf.com\/index.php?rest_route=\/wp\/v2\/posts\/408\/revisions\/411"}],"wp:attachment":[{"href":"http:\/\/www.habertelgraf.com\/index.php?rest_route=%2Fwp%2Fv2%2Fmedia&parent=408"}],"wp:term":[{"taxonomy":"category","embeddable":true,"href":"http:\/\/www.habertelgraf.com\/index.php?rest_route=%2Fwp%2Fv2%2Fcategories&post=408"},{"taxonomy":"post_tag","embeddable":true,"href":"http:\/\/www.habertelgraf.com\/index.php?rest_route=%2Fwp%2Fv2%2Ftags&post=408"}],"curies":[{"name":"wp","href":"https:\/\/api.w.org\/{rel}","templated":true}]}}