{"id":414,"date":"2020-10-27T09:28:09","date_gmt":"2020-10-27T06:28:09","guid":{"rendered":"http:\/\/www.habertelgraf.com\/?p=414"},"modified":"2020-10-27T09:28:09","modified_gmt":"2020-10-27T06:28:09","slug":"muslumanlar-kutsal-topraklarla-ne-zaman-bulusacak","status":"publish","type":"post","link":"http:\/\/www.habertelgraf.com\/?p=414","title":{"rendered":"M\u00fcsl\u00fcmanlar, kutsal topraklarla ne zaman bulu\u015facak?"},"content":{"rendered":"\n<p><\/p>\n\n\n\n<p>T\u00dcRSAB Y\u00f6netim Kurulu \u00dcyesi Diyaeddin \u015eahin Suudi Arabistan\u2019\u0131n umre a\u00e7\u0131klamas\u0131 hakk\u0131nda de\u011ferlendirmelerde bulundu.<\/p>\n\n\n\n<p><\/p>\n\n\n\n<p><\/p>\n\n\n\n<p><a href=\"https:\/\/www.instagram.com\/p\/CAVcb8EpEpH\/\">https:\/\/www.instagram.com\/p\/CAVcb8EpEpH\/<\/a><\/p>\n\n\n\n<p><\/p>\n\n\n\n<p>Suudi Arabistan h\u00fck\u00fcmeti taraf\u0131ndan 27 \u015eubat 2020 tarihinde al\u0131nan resmi kararla birlikte umre ziyaretleri COVID-19 sebebiyle ge\u00e7ici olarak durdurulmu\u015f, b\u00f6lgedeki ziyaret\u00e7ilerin tedbir maksatl\u0131 \u00fclkelerine d\u00f6n\u00fc\u015f yapmalar\u0131 istenmi\u015fti. 23 Eyl\u00fcl 2020 tarihinde al\u0131nan resmi karar \u00e7er\u00e7evesinde ise Suudi Arabistan h\u00fck\u00fcmeti, umre ziyaretlerinin 1 Kas\u0131m\u2019dan itibaren kademeli ve belli kriterlere uygun olarak ba\u015flayaca\u011f\u0131n\u0131 ilan etti. T\u00dcRSAB Y\u00f6netim Kurulu \u00dcyesi Diyaeddin \u015eahin hac ve umre turizminin \u00f6nemli g\u00fcndem maddeleri hakk\u0131nda de\u011ferlendirmelerde bulundu.<\/p>\n\n\n\n<p><\/p>\n\n\n\n<p>\u201cGELEN HABER B\u0130ZLERE UMUT OLDU\u201d<\/p>\n\n\n\n<p><\/p>\n\n\n\n<p>T\u00dcRSAB Y\u00f6netim Kurulu \u00dcyesi Diyaeddin \u015eahin, yapt\u0131\u011f\u0131 a\u00e7\u0131klamada Suudi Arabistan h\u00fck\u00fcmeti taraf\u0131ndan verilen karar\u0131n sekt\u00f6re ve Mescid-i Nebevi sevdal\u0131lar\u0131na umut oldu\u011funu belirterek karara ili\u015fkin ayr\u0131nt\u0131lar\u0131n \u00e7ok iyi anla\u015f\u0131lmas\u0131 gerekti\u011fini vurgulad\u0131. \u201c4 Ekim\u2019den itibaren umre maksad\u0131 ile K\u00e2be a\u00e7\u0131lacak. \u00c7ok kat\u0131 bir kurallar zinciri var. PCR testi isteniyor, onun d\u0131\u015f\u0131nda Suudi h\u00fck\u00fcmetinin geli\u015ftirdi\u011fi bir cep telefonu uygulamas\u0131 var. O uygulamadan randevu talep edilmesi gerekiyor, o randevunun onay\u0131na g\u00f6re yine Mekke\u2019de belirlenen noktalara insanlar\u0131n gitmesi, oradan da devlet taraf\u0131ndan K\u00e2be\u2019ye ta\u015f\u0131nmalar\u0131 gerekiyor\u201d ifadelerini kullanarak, uygulanacak prosed\u00fcrlere de\u011findi ve \u015fu anda vatanda\u015flar\u0131m\u0131z\u0131n rahat gidebilece\u011fi bir ortam olmad\u0131\u011f\u0131n\u0131n alt\u0131n\u0131 \u00e7izdi.<\/p>\n\n\n\n<p><\/p>\n\n\n\n<p>\u201c1 KASIM\u2019DAN \u0130T\u0130BAREN SEYAHATLER\u0130N BA\u015eLAYACA\u011eI \u015eEKL\u0130NDE B\u0130R \u00d6NG\u00d6R\u00dcM\u00dcZ YOK\u201d<\/p>\n\n\n\n<p><\/p>\n\n\n\n<p>\u0130lk etapta K\u00f6rfez Arap \u00dclkeleri \u0130\u015f birli\u011fi Konseyi \u00fcyesi \u00fclkelerin vizesiz seyahat ayr\u0131cal\u0131klar\u0131n\u0131 kullanarak al\u0131nan karar neticesinde seyahate ba\u015flayacaklar\u0131n\u0131 kaydeden \u015eahin, uygulaman\u0131n i\u015flevselli\u011fi ortaya \u00e7\u0131kt\u0131k\u00e7a kademeli olarak daha rahat seyahatler planlanabilece\u011fini belirtti. 1 Kas\u0131m tarihinden itibaren yo\u011fun bir trafi\u011fin ya\u015fanmayaca\u011f\u0131n\u0131 dile getirerek \u00fclkemizdeki uygulamalara de\u011finen T\u00dcRSAB Y\u00f6netim Kurulu \u00dcyesi Diyaeddin \u015eahin, \u201cYasayla kurulmu\u015f olan Bakanl\u0131klararas\u0131 Hac ve Umre Kurulumuz bu t\u00fcr durumlarda bizlere k\u0131lavuzluk ediyor. Bakanl\u0131k temsilcileriyle birlikte T\u00dcRSAB olarak bizim de i\u00e7erisinde yer ald\u0131\u011f\u0131m\u0131z bir kurum. Bu kuruldan \u00e7\u0131kacak karara g\u00f6re hareket edece\u011fiz. 1 Kas\u0131m\u2019dan itibaren T\u00fcrkiye\u2019den umreye gidilecek gibi bir alg\u0131ya itibar edilmemesi gerekiyor\u201d diyerek, ilgili kurullar\u0131n koyaca\u011f\u0131 kurallar\u0131n beklenmesi gerekti\u011finin \u00f6nemine vurgu yapt\u0131.<\/p>\n\n\n\n<p>\u201cSOSYAL MEDYADAK\u0130 YANLI\u015e ALGILARA D\u0130KKAT ED\u0130LMEL\u0130\u201d<\/p>\n\n\n\n<p>Resmi a\u00e7\u0131klaman\u0131n ard\u0131ndan verilen tarihle ilgili olarak sosyal medyada rastlanan yan\u0131lt\u0131c\u0131 i\u00e7eriklere de de\u011finen T\u00dcRSAB Y\u00f6netim Kurulu \u00dcyesi Diyaeddin \u015eahin, \u201c5 Kas\u0131m\u2019da umreye gidiyoruz, fiyat\u0131m\u0131z da \u015fu \u015feklinde baz\u0131 a\u00e7\u0131klamalar g\u00f6r\u00fcyoruz. Buna itibar edilmemesini rica ediyorum. Bakanl\u0131klararas\u0131 Hac ve Umre Kurulu taraf\u0131ndan a\u00e7\u0131k bir karar verilip kamuoyu ile payla\u015f\u0131lmad\u0131\u011f\u0131 m\u00fcddet\u00e7e l\u00fctfen umrecilerimiz Mekke ve Medine\u2019ye olan a\u00e7l\u0131klar\u0131n\u0131 ba\u015fka yollarla tatmin etmeye gitmesinler. \u00d6zlemlerini dindirmek i\u00e7in ilgili kurumlar\u0131n karar\u0131n\u0131 beklesinler. T\u00dcRSAB olarak biz de bu konunun \u00fczerinde hassasiyetle duruyoruz. Bug\u00fcnden itibaren \u015fu tarihte gidiyoruz \u015feklindeki b\u00fct\u00fcn organizasyonlar ger\u00e7ek d\u0131\u015f\u0131d\u0131r\u201d mesaj\u0131n\u0131 verdi.<\/p>\n\n\n\n<p>\u201cSEYAHAT \u00d6NCES\u0130 YAPILMASI GEREKEN UYGULAMALARI \u0130Y\u0130 B\u0130LMEK GEREK\u0130YOR\u201d<\/p>\n\n\n\n<p><\/p>\n\n\n\n<p><\/p>\n\n\n\n<p>Seyahat \u00f6ncesinde yap\u0131lmas\u0131 gerekenler hususunda da bilgilendirmelerde bulunan \u015eahin, ilk etapta 48 saat i\u00e7erisinde yap\u0131lm\u0131\u015f PCR testi sonucunun gerekti\u011fini dile getirdi. \u201cArt\u0131k aileler haricinde 2 ki\u015fiden fazla konaklama ortadan kalkt\u0131. \u0130\u00e7 i\u00e7e ortamlarda olu\u015fan kalabal\u0131klar\u0131n \u00f6n\u00fcne ge\u00e7ildi. Toplanma merkezlerinden K\u00e2be\u2019ye gidilecek ve bu i\u015flem \u00f6ncesinde randevu ve ruhsat talebi olacak. Hastal\u0131\u011f\u0131n\u0131n seyrinin nereye evrilece\u011fi konusunda \u00e7ekinceler olsa da \u00e7ok ciddi bir talep var. M\u00fcsl\u00fcmanlar K\u00e2be\u2019yi \u00e7ok \u00f6zledi. Uygulamalar\u0131n ba\u015far\u0131s\u0131 ve gidi\u015fat\u0131 bizim de seyahat trafi\u011fimizi etkileyecek\u201d \u015feklinde konu\u015fan Diyaeddin \u015eahin, fiyat konusuna da de\u011finerek dolar\u0131n hareketlili\u011fine g\u00f6re y\u00fczde 20 civar\u0131nda bir art\u0131\u015f beklediklerini ifade etti.<\/p>\n\n\n\n<p><\/p>\n\n\n\n<p><a href=\"https:\/\/www.instagram.com\/p\/CFMO_FRphxN\/?utm_source=ig_web_copy_link\">https:\/\/www.instagram.com\/p\/CFMO_FRphxN\/?utm_source=ig_web_copy_link<\/a><\/p>\n\n\n\n<p><\/p>\n\n\n\n<p>Diyaeddin \u015eahin&#8217;den Yine Ak\u015fam yine gurbet ve yine i\u00e7imde \u015fark\u0131l\u0131 sesin..<\/p>\n","protected":false},"excerpt":{"rendered":"<p>T\u00dcRSAB Y\u00f6netim Kurulu \u00dcyesi Diyaeddin \u015eahin Suudi Arabistan\u2019\u0131n umre a\u00e7\u0131klamas\u0131 hakk\u0131nda de\u011ferlendirmelerde bulundu. https:\/\/www.instagram.com\/p\/CAVcb8EpEpH\/ Suudi Arabistan h\u00fck\u00fcmeti taraf\u0131ndan 27 \u015eubat 2020 tarihinde al\u0131nan resmi kararla birlikte umre ziyaretleri COVID-19 sebebiyle ge\u00e7ici olarak durdurulmu\u015f, b\u00f6lgedeki ziyaret\u00e7ilerin tedbir maksatl\u0131 \u00fclkelerine d\u00f6n\u00fc\u015f yapmalar\u0131 istenmi\u015fti. 23 Eyl\u00fcl 2020 tarihinde al\u0131nan resmi karar \u00e7er\u00e7evesinde ise Suudi Arabistan h\u00fck\u00fcmeti, umre ziyaretlerinin &hellip;<\/p>\n","protected":false},"author":1,"featured_media":0,"comment_status":"open","ping_status":"open","sticky":false,"template":"","format":"standard","meta":[],"categories":[5],"tags":[],"_links":{"self":[{"href":"http:\/\/www.habertelgraf.com\/index.php?rest_route=\/wp\/v2\/posts\/414"}],"collection":[{"href":"http:\/\/www.habertelgraf.com\/index.php?rest_route=\/wp\/v2\/posts"}],"about":[{"href":"http:\/\/www.habertelgraf.com\/index.php?rest_route=\/wp\/v2\/types\/post"}],"author":[{"embeddable":true,"href":"http:\/\/www.habertelgraf.com\/index.php?rest_route=\/wp\/v2\/users\/1"}],"replies":[{"embeddable":true,"href":"http:\/\/www.habertelgraf.com\/index.php?rest_route=%2Fwp%2Fv2%2Fcomments&post=414"}],"version-history":[{"count":2,"href":"http:\/\/www.habertelgraf.com\/index.php?rest_route=\/wp\/v2\/posts\/414\/revisions"}],"predecessor-version":[{"id":416,"href":"http:\/\/www.habertelgraf.com\/index.php?rest_route=\/wp\/v2\/posts\/414\/revisions\/416"}],"wp:attachment":[{"href":"http:\/\/www.habertelgraf.com\/index.php?rest_route=%2Fwp%2Fv2%2Fmedia&parent=414"}],"wp:term":[{"taxonomy":"category","embeddable":true,"href":"http:\/\/www.habertelgraf.com\/index.php?rest_route=%2Fwp%2Fv2%2Fcategories&post=414"},{"taxonomy":"post_tag","embeddable":true,"href":"http:\/\/www.habertelgraf.com\/index.php?rest_route=%2Fwp%2Fv2%2Ftags&post=414"}],"curies":[{"name":"wp","href":"https:\/\/api.w.org\/{rel}","templated":true}]}}