{"id":418,"date":"2020-10-27T20:45:52","date_gmt":"2020-10-27T17:45:52","guid":{"rendered":"http:\/\/www.habertelgraf.com\/?p=418"},"modified":"2020-10-27T20:45:53","modified_gmt":"2020-10-27T17:45:53","slug":"yildirim-2-den-son-dakika-gelismesi","status":"publish","type":"post","link":"http:\/\/www.habertelgraf.com\/?p=418","title":{"rendered":"Y\u0131ld\u0131r\u0131m 2 den son dakika geli\u015fmesi"},"content":{"rendered":"\n<p>Y\u0131ld\u0131r\u0131m-2 Cilo \u015eehit Polis Memuru Hasan Y\u0131lmaz Operasyonu kapsam\u0131nda; Hakkari-Y\u00fcksekova il\u00e7esi Cilo Da\u011f\u0131 Aland\u00fcz b\u00f6lgesinde operasyon d\u00fczenlendi.<\/p>\n\n\n\n<p><\/p>\n\n\n\n<p>\u0130l Jandarma Komutanl\u0131\u011f\u0131na ba\u011fl\u0131 Jandarma Komando ve Jandarma \u00d6zel Harekat (J\u00d6H) birliklerince Hava Kuvvetleri destekli ger\u00e7ekle\u015ftirilen operasyonda, 4 ter\u00f6rist silahlar\u0131yla birlikte etkisiz hale getirildi.<\/p>\n","protected":false},"excerpt":{"rendered":"<p>Y\u0131ld\u0131r\u0131m-2 Cilo \u015eehit Polis Memuru Hasan Y\u0131lmaz Operasyonu kapsam\u0131nda; Hakkari-Y\u00fcksekova il\u00e7esi Cilo Da\u011f\u0131 Aland\u00fcz b\u00f6lgesinde operasyon d\u00fczenlendi. \u0130l Jandarma Komutanl\u0131\u011f\u0131na ba\u011fl\u0131 Jandarma Komando ve Jandarma \u00d6zel Harekat (J\u00d6H) birliklerince Hava Kuvvetleri destekli ger\u00e7ekle\u015ftirilen operasyonda, 4 ter\u00f6rist silahlar\u0131yla birlikte etkisiz hale getirildi.<\/p>\n","protected":false},"author":1,"featured_media":0,"comment_status":"open","ping_status":"open","sticky":false,"template":"","format":"standard","meta":[],"categories":[2],"tags":[],"_links":{"self":[{"href":"http:\/\/www.habertelgraf.com\/index.php?rest_route=\/wp\/v2\/posts\/418"}],"collection":[{"href":"http:\/\/www.habertelgraf.com\/index.php?rest_route=\/wp\/v2\/posts"}],"about":[{"href":"http:\/\/www.habertelgraf.com\/index.php?rest_route=\/wp\/v2\/types\/post"}],"author":[{"embeddable":true,"href":"http:\/\/www.habertelgraf.com\/index.php?rest_route=\/wp\/v2\/users\/1"}],"replies":[{"embeddable":true,"href":"http:\/\/www.habertelgraf.com\/index.php?rest_route=%2Fwp%2Fv2%2Fcomments&post=418"}],"version-history":[{"count":1,"href":"http:\/\/www.habertelgraf.com\/index.php?rest_route=\/wp\/v2\/posts\/418\/revisions"}],"predecessor-version":[{"id":419,"href":"http:\/\/www.habertelgraf.com\/index.php?rest_route=\/wp\/v2\/posts\/418\/revisions\/419"}],"wp:attachment":[{"href":"http:\/\/www.habertelgraf.com\/index.php?rest_route=%2Fwp%2Fv2%2Fmedia&parent=418"}],"wp:term":[{"taxonomy":"category","embeddable":true,"href":"http:\/\/www.habertelgraf.com\/index.php?rest_route=%2Fwp%2Fv2%2Fcategories&post=418"},{"taxonomy":"post_tag","embeddable":true,"href":"http:\/\/www.habertelgraf.com\/index.php?rest_route=%2Fwp%2Fv2%2Ftags&post=418"}],"curies":[{"name":"wp","href":"https:\/\/api.w.org\/{rel}","templated":true}]}}