{"id":420,"date":"2020-10-27T21:14:42","date_gmt":"2020-10-27T18:14:42","guid":{"rendered":"http:\/\/www.habertelgraf.com\/?p=420"},"modified":"2020-10-28T00:14:10","modified_gmt":"2020-10-27T21:14:10","slug":"analiz-hataydaki-orman-yangini-teroristlerin-sizmasi-icin-miydi","status":"publish","type":"post","link":"http:\/\/www.habertelgraf.com\/?p=420","title":{"rendered":"ANAL\u0130Z: Hatay&#8217;daki orman yang\u0131n\u0131 ter\u00f6ristlerin s\u0131zmas\u0131 i\u00e7in miydi?"},"content":{"rendered":"\n<p><\/p>\n\n\n\n<p class=\"has-medium-font-size\">Hatay&#8217;da 3&#8217;\u00fc etkisiz hale getirilen, 1&#8217;i yakalanan toplam 4 ter\u00f6ristin 28 eyl\u00fcl ve 10 ekim tarihlerinde T\u00fcrkiye&#8217;ye giri\u015f yapt\u0131\u011f\u0131 a\u00e7\u0131kland\u0131. <\/p>\n\n\n\n<p><\/p>\n\n\n\n<p class=\"has-drop-cap\">O tarihlerde hat\u0131rlayacaks\u0131n\u0131z Hatay&#8217;\u0131n Belen il\u00e7esi&#8217;nde yang\u0131n olaylar\u0131 meydana gelmi\u015fti. <\/p>\n\n\n\n<p>Par\u00e7alar birle\u015ftirildi\u011finde &#8220;etkisiz hale getirilen ter\u00f6ristlerin o olaylarla ba\u011flant\u0131s\u0131 var m\u0131?&#8221; sorusu ak\u0131llara geldi. <\/p>\n\n\n\n<p>\u0130\u015fte her iki olay\u0131n ad\u0131m ad\u0131m analizi\u2026<\/p>\n\n\n\n<p><\/p>\n\n\n\n<p>Hatay&#8217;da 9 Ekim&#8217;de ba\u015flay\u0131p 14 Ekim&#8217;e kadar s\u00fcren orman yang\u0131n\u0131 PKK&#8217;l\u0131 ter\u00f6ristlerin s\u0131n\u0131rdan s\u0131zmas\u0131 i\u00e7in mi \u00e7\u0131kar\u0131ld\u0131?<\/p>\n\n\n\n<p>Kafalarda soru i\u015faretlerine neden olan ayr\u0131nt\u0131yla ilgili detaylar \u015fu \u015fekilde:<\/p>\n\n\n\n<p>Hatay Valisi Rahmi Do\u011fan&#8217;\u0131n a\u00e7\u0131klamas\u0131na g\u00f6rec\u0130lk grup 28 Eyl\u00fcl&#8217;de<br>\u0130kinci grup 10 Ekim&#8217;de geldi.<br>Ter\u00f6ristlerin hain planlar\u0131n\u0131 emniyet te\u015fkilat\u0131 bozdu.<br><br>Ter\u00f6ristlerin T\u00fcrkiye&#8217;ye M\u00fcmbi\u00e7 \u00fczerinden paramotorlarla girdi\u011fi tespit edildi.<br>4 ter\u00f6risti yakalamak i\u00e7in \u00e7al\u0131\u015fma ba\u015flat\u0131ld\u0131.<br><\/p>\n\n\n\n<p><a href=\"https:\/\/www.instagram.com\/p\/CG2zxIxqQfN\/\">https:\/\/www.instagram.com\/p\/CG2zxIxqQfN\/<\/a><\/p>\n\n\n\n<p>paramotor<\/p>\n\n\n\n<p><\/p>\n\n\n\n<p><br>Ter\u00f6ristlerden ilk 2&#8217;si 28 Eyl\u00fcl&#8217;de T\u00fcrkiye&#8217;ye giri\u015f yapm\u0131\u015ft\u0131.<br>Takvimler 9 Ekim&#8217;i g\u00f6sterdi\u011finde Hatay&#8217;\u0131n Belen \u0130l\u00e7esi&#8217;nde yang\u0131nlar \u00e7\u0131kmaya ba\u015flad\u0131.<\/p>\n\n\n\n<p><br>Farkl\u0131 noktalarda meydana gelen yang\u0131nlar yakla\u015f\u0131k 3 g\u00fcn s\u00fcrd\u00fc.<br><br>Belen&#8217;de yang\u0131nlar devam ederken takvimler 10 Ekim&#8217;i g\u00f6sterdi\u011finde 2. grup ter\u00f6ristler T\u00fcrkiye&#8217;ye giri\u015f yapt\u0131.<br>Emniyet g\u00fc\u00e7leri Amanos Da\u011flar\u0131&#8217;nda operasyon ba\u015flatt\u0131.<br><br>G\u00fcvenlik birimlerinin \u00e7al\u0131\u015fmas\u0131 19 Ekim&#8217;de neticesini verdi.<br>Bir ter\u00f6rist etkisiz hale getirildi, bir ter\u00f6risti canl\u0131 olarak yakaland\u0131.<br><\/p>\n\n\n\n<figure class=\"wp-block-embed-youtube wp-block-embed is-type-video is-provider-youtube wp-embed-aspect-16-9 wp-has-aspect-ratio\"><div class=\"wp-block-embed__wrapper\">\n<iframe loading=\"lazy\" title=\"Serdar Er Hatay&#039;daki yang\u0131n ter\u00f6ristlerin s\u0131zmas\u0131 i\u00e7in mi \u00e7\u0131kar\u0131ld\u0131 haberi\" width=\"960\" height=\"540\" src=\"https:\/\/www.youtube.com\/embed\/hC6Tzk4EKRU?feature=oembed\" frameborder=\"0\" allow=\"accelerometer; autoplay; clipboard-write; encrypted-media; gyroscope; picture-in-picture\" allowfullscreen><\/iframe>\n<\/div><\/figure>\n\n\n\n<p><br>Kalan 2 ter\u00f6ristin yeri tespit edildi.<br>T\u00fcrk Silahl\u0131 Kuvvetlerine ba\u011fl\u0131 hava kuvvetleri unsurlar\u0131 27 Ekim saat 11.00 sular\u0131nda, ter\u00f6ristlerin bulundu\u011fu noktalar\u0131 vurdu.<br>Payas il\u00e7esine do\u011fru ka\u00e7an ter\u00f6ristlerle kontrol noktas\u0131nda \u00e7at\u0131\u015fma \u00e7\u0131kt\u0131.<br>Ter\u00f6ristler bu kez bir vatanda\u015f\u0131n arac\u0131n\u0131 gasp ederek \u0130skenderun istikametine ka\u00e7t\u0131.<br><br>Ter\u00f6ristlerden biri \u0130skenderun&#8217;da \u00e7\u0131kan \u00e7at\u0131\u015fma s\u0131ras\u0131nda \u00fczerindeki bombay\u0131 patlatt\u0131.<br>Di\u011fer ter\u00f6ristse k\u0131sa s\u00fcre sonra g\u00fcvenlik g\u00fc\u00e7leri taraf\u0131ndan etkisiz hale getirilirdi.<br>Hatay&#8217;da \u00e7\u0131kan yang\u0131nlar ve ya\u015fanan son hadiseler ak\u0131llara soru i\u015fareti getirdi.<\/p>\n\n\n\n<p>Yang\u0131nlarla ter\u00f6ristler aras\u0131ndaki ba\u011flant\u0131 \u00dclke Tv&#8217;de yay\u0131nlanan \u00dclkede Bug\u00fcn program\u0131nda dile getirildi<\/p>\n\n\n\n<p><\/p>\n\n\n\n<figure class=\"wp-block-embed-youtube wp-block-embed is-type-video is-provider-youtube wp-embed-aspect-4-3 wp-has-aspect-ratio\"><div class=\"wp-block-embed__wrapper\">\n<iframe loading=\"lazy\" title=\"Hatay&#039;daki yang\u0131n ter\u00f6ristleri gizlemek i\u00e7in mi \u00e7\u0131kar\u0131ld\u0131?\" width=\"960\" height=\"720\" src=\"https:\/\/www.youtube.com\/embed\/iQ1OdvhgUpQ?feature=oembed\" frameborder=\"0\" allow=\"accelerometer; autoplay; clipboard-write; encrypted-media; gyroscope; picture-in-picture\" allowfullscreen><\/iframe>\n<\/div><\/figure>\n\n\n\n<p><br>Olaylar\u0131n birbiriyle ba\u011flant\u0131s\u0131 var m\u0131 emniyet soru\u015fturmas\u0131nda ortaya \u00e7\u0131kacak.<br><\/p>\n\n\n\n<p>Bu arada \u0130skenderun&#8217;da ya\u015fanan \u00e7at\u0131\u015fman\u0131n ard\u0131ndan yine ayn\u0131 b\u00f6lgede orman yang\u0131n\u0131 \u00e7\u0131kt\u0131.<\/p>\n\n\n\n<p>Hatay&#8217;\u0131n \u0130skenderun il\u00e7esinde \u00e7\u0131kan orman yang\u0131n\u0131nda alevlerin s\u0131\u00e7rad\u0131\u011f\u0131 baz\u0131 yerle\u015fim yerleri bo\u015falt\u0131l\u0131yor.<\/p>\n\n\n\n<p><\/p>\n\n\n\n<p>Tar\u0131m Bakan\u0131 Pakdemirli orman yang\u0131nlar\u0131na ili\u015fkin a\u00e7\u0131klamalarda bulundu. Yang\u0131n\u0131n kontrol alt\u0131na al\u0131nd\u0131\u011f\u0131n\u0131 belirtti.<\/p>\n\n\n\n<p><\/p>\n\n\n\n<p><\/p>\n\n\n\n<p><\/p>\n\n\n\n<p><\/p>\n\n\n\n<p><\/p>\n\n\n\n<p><\/p>\n","protected":false},"excerpt":{"rendered":"<p>Hatay&#8217;da 3&#8217;\u00fc etkisiz hale getirilen, 1&#8217;i yakalanan toplam 4 ter\u00f6ristin 28 eyl\u00fcl ve 10 ekim tarihlerinde T\u00fcrkiye&#8217;ye giri\u015f yapt\u0131\u011f\u0131 a\u00e7\u0131kland\u0131. O tarihlerde hat\u0131rlayacaks\u0131n\u0131z Hatay&#8217;\u0131n Belen il\u00e7esi&#8217;nde yang\u0131n olaylar\u0131 meydana gelmi\u015fti. Par\u00e7alar birle\u015ftirildi\u011finde &#8220;etkisiz hale getirilen ter\u00f6ristlerin o olaylarla ba\u011flant\u0131s\u0131 var m\u0131?&#8221; sorusu ak\u0131llara geldi. \u0130\u015fte her iki olay\u0131n ad\u0131m ad\u0131m analizi\u2026 Hatay&#8217;da 9 Ekim&#8217;de ba\u015flay\u0131p &hellip;<\/p>\n","protected":false},"author":1,"featured_media":46,"comment_status":"open","ping_status":"open","sticky":false,"template":"","format":"standard","meta":[],"categories":[2],"tags":[],"_links":{"self":[{"href":"http:\/\/www.habertelgraf.com\/index.php?rest_route=\/wp\/v2\/posts\/420"}],"collection":[{"href":"http:\/\/www.habertelgraf.com\/index.php?rest_route=\/wp\/v2\/posts"}],"about":[{"href":"http:\/\/www.habertelgraf.com\/index.php?rest_route=\/wp\/v2\/types\/post"}],"author":[{"embeddable":true,"href":"http:\/\/www.habertelgraf.com\/index.php?rest_route=\/wp\/v2\/users\/1"}],"replies":[{"embeddable":true,"href":"http:\/\/www.habertelgraf.com\/index.php?rest_route=%2Fwp%2Fv2%2Fcomments&post=420"}],"version-history":[{"count":5,"href":"http:\/\/www.habertelgraf.com\/index.php?rest_route=\/wp\/v2\/posts\/420\/revisions"}],"predecessor-version":[{"id":438,"href":"http:\/\/www.habertelgraf.com\/index.php?rest_route=\/wp\/v2\/posts\/420\/revisions\/438"}],"wp:featuredmedia":[{"embeddable":true,"href":"http:\/\/www.habertelgraf.com\/index.php?rest_route=\/wp\/v2\/media\/46"}],"wp:attachment":[{"href":"http:\/\/www.habertelgraf.com\/index.php?rest_route=%2Fwp%2Fv2%2Fmedia&parent=420"}],"wp:term":[{"taxonomy":"category","embeddable":true,"href":"http:\/\/www.habertelgraf.com\/index.php?rest_route=%2Fwp%2Fv2%2Fcategories&post=420"},{"taxonomy":"post_tag","embeddable":true,"href":"http:\/\/www.habertelgraf.com\/index.php?rest_route=%2Fwp%2Fv2%2Ftags&post=420"}],"curies":[{"name":"wp","href":"https:\/\/api.w.org\/{rel}","templated":true}]}}