{"id":424,"date":"2020-10-27T21:28:38","date_gmt":"2020-10-27T18:28:38","guid":{"rendered":"http:\/\/www.habertelgraf.com\/?p=424"},"modified":"2020-10-27T21:28:39","modified_gmt":"2020-10-27T18:28:39","slug":"tbmm-macrona-tepki-gosterdi","status":"publish","type":"post","link":"http:\/\/www.habertelgraf.com\/?p=424","title":{"rendered":"TBMM Macron&#8217;a tepki g\u00f6sterdi"},"content":{"rendered":"\n<p>Meclis Fransa&#8217;ya ortak tepki g\u00f6sterdi. <\/p>\n\n\n\n<p>Son zamanlarda artan \u0130slam kar\u015f\u0131t\u0131 s\u00f6ylemler her kesimden tepki g\u00f6rd\u00fc.<\/p>\n\n\n\n<p>TBMM Ba\u015fkan\u0131 Prof. Dr. Mustafa \u015eentop\u2019un imzas\u0131 ile Meclis Genel Kuruluna sunulan, Fransa Cumhurba\u015fkan\u0131 Emmanuel Macron\u2019un \u0130slam Kar\u015f\u0131t\u0131 a\u00e7\u0131klamalar\u0131n\u0131n telin ve te\u015fhir edildi\u011fine ili\u015fkin tezkere kabul edildi.<\/p>\n\n\n\n<p><\/p>\n\n\n\n<figure class=\"wp-block-embed-twitter wp-block-embed is-type-rich is-provider-twitter\"><div class=\"wp-block-embed__wrapper\">\n<blockquote class=\"twitter-tweet\" data-width=\"550\" data-dnt=\"true\"><p lang=\"tr\" dir=\"ltr\">TBMM Ba\u015fkan\u0131 Prof. Dr. Mustafa \u015eentop\u2019un imzas\u0131 ile Meclis Genel Kuruluna sunulan, Fransa Cumhurba\u015fkan\u0131 Emmanuel Macron\u2019un \u0130slam Kar\u015f\u0131t\u0131 a\u00e7\u0131klamalar\u0131n\u0131n telin ve te\u015fhir edildi\u011fine ili\u015fkin tezkere kabul edildi.<a href=\"https:\/\/t.co\/FOB8eASrZi\">https:\/\/t.co\/FOB8eASrZi<\/a> <a href=\"https:\/\/t.co\/G2NQvI3Vsp\">pic.twitter.com\/G2NQvI3Vsp<\/a><\/p>&mdash; TBMM (@TBMMresmi) <a href=\"https:\/\/twitter.com\/TBMMresmi\/status\/1321104185715281920?ref_src=twsrc%5Etfw\">October 27, 2020<\/a><\/blockquote><script async src=\"https:\/\/platform.twitter.com\/widgets.js\" charset=\"utf-8\"><\/script>\n<\/div><\/figure>\n\n\n\n<p><\/p>\n\n\n\n<p><\/p>\n\n\n\n<p><\/p>\n","protected":false},"excerpt":{"rendered":"<p>Meclis Fransa&#8217;ya ortak tepki g\u00f6sterdi. Son zamanlarda artan \u0130slam kar\u015f\u0131t\u0131 s\u00f6ylemler her kesimden tepki g\u00f6rd\u00fc. TBMM Ba\u015fkan\u0131 Prof. Dr. Mustafa \u015eentop\u2019un imzas\u0131 ile Meclis Genel Kuruluna sunulan, Fransa Cumhurba\u015fkan\u0131 Emmanuel Macron\u2019un \u0130slam Kar\u015f\u0131t\u0131 a\u00e7\u0131klamalar\u0131n\u0131n telin ve te\u015fhir edildi\u011fine ili\u015fkin tezkere kabul edildi.<\/p>\n","protected":false},"author":1,"featured_media":0,"comment_status":"open","ping_status":"open","sticky":false,"template":"","format":"standard","meta":[],"categories":[1],"tags":[],"_links":{"self":[{"href":"http:\/\/www.habertelgraf.com\/index.php?rest_route=\/wp\/v2\/posts\/424"}],"collection":[{"href":"http:\/\/www.habertelgraf.com\/index.php?rest_route=\/wp\/v2\/posts"}],"about":[{"href":"http:\/\/www.habertelgraf.com\/index.php?rest_route=\/wp\/v2\/types\/post"}],"author":[{"embeddable":true,"href":"http:\/\/www.habertelgraf.com\/index.php?rest_route=\/wp\/v2\/users\/1"}],"replies":[{"embeddable":true,"href":"http:\/\/www.habertelgraf.com\/index.php?rest_route=%2Fwp%2Fv2%2Fcomments&post=424"}],"version-history":[{"count":1,"href":"http:\/\/www.habertelgraf.com\/index.php?rest_route=\/wp\/v2\/posts\/424\/revisions"}],"predecessor-version":[{"id":425,"href":"http:\/\/www.habertelgraf.com\/index.php?rest_route=\/wp\/v2\/posts\/424\/revisions\/425"}],"wp:attachment":[{"href":"http:\/\/www.habertelgraf.com\/index.php?rest_route=%2Fwp%2Fv2%2Fmedia&parent=424"}],"wp:term":[{"taxonomy":"category","embeddable":true,"href":"http:\/\/www.habertelgraf.com\/index.php?rest_route=%2Fwp%2Fv2%2Fcategories&post=424"},{"taxonomy":"post_tag","embeddable":true,"href":"http:\/\/www.habertelgraf.com\/index.php?rest_route=%2Fwp%2Fv2%2Ftags&post=424"}],"curies":[{"name":"wp","href":"https:\/\/api.w.org\/{rel}","templated":true}]}}