{"id":428,"date":"2020-10-27T21:55:36","date_gmt":"2020-10-27T18:55:36","guid":{"rendered":"http:\/\/www.habertelgraf.com\/?p=428"},"modified":"2020-10-27T21:55:37","modified_gmt":"2020-10-27T18:55:37","slug":"mevlid-kandilinde-hadis-i-serif-okuyalim","status":"publish","type":"post","link":"http:\/\/www.habertelgraf.com\/?p=428","title":{"rendered":"Mevlid Kandili&#8217;nde Hadis-i \u015eerif okuyal\u0131m"},"content":{"rendered":"\n<p>28 Ekim 2020 ak\u015fam\u0131 t\u00fcm T\u00fcrkiye&#8217;de Mevlid Kandili co\u015fkusu ya\u015fanacak.<\/p>\n\n\n\n<p>M\u00fcsl\u00fcmanlar birbirine en \u00e7ok \u015fu sorular\u0131 soruyor:<\/p>\n\n\n\n<p>Mevlid Kandilinde \u00f6zel bir ibadet var m\u0131?<\/p>\n\n\n\n<p>Mevlid Kandilinde oru\u00e7 tutulur mu?<\/p>\n\n\n\n<p>Mevlid Kandilinde okunacak dualar hangileridir? <\/p>\n\n\n\n<p>Mevlid Kandilinde gece namaz\u0131 k\u0131l\u0131n\u0131r m\u0131?<\/p>\n\n\n\n<p>Asl\u0131nda bu sorular\u0131n cevaplanmas\u0131 i\u00e7in Mevlid Kandilinin ne anlama geldi\u011finin bilinmesi gerekiyor.<\/p>\n\n\n\n<p>Mevlid Kandili Peygamberimiz iki cihan nuru Hz. Muhammed Sallallahu Aleyhi Vesellem Efendimizin do\u011fum g\u00fcn\u00fcn\u00fc ifade eder.<\/p>\n\n\n\n<p>Dolay\u0131s\u0131yla bu g\u00fcn\u00fc sevgili Peygamberimizin d\u00fcnyay\u0131 \u015fereflendirdi\u011fi, \u0130slam nurunun kainat\u0131 ayd\u0131nlatt\u0131\u011f\u0131, d\u00fcnyam\u0131z ve bizler i\u00e7in bir d\u00f6n\u00fcm noktas\u0131 olarak de\u011ferlendirmek do\u011fru olur.<\/p>\n\n\n\n<p>Bu m\u00fcbarek gecede Peygamberimiz Efendimize bol bol salavat getirilmelidir.<\/p>\n\n\n\n<p>\u0130slam Peygamberinin d\u00fcnyay\u0131 ayd\u0131nlatt\u0131\u011f\u0131 bu g\u00fcn\u00fc faydal\u0131 bir \u015fekilde ge\u00e7irmeli, bu g\u00fcn\u00fcn \u015ferefini y\u00fcceltmek i\u00e7in gayret g\u00f6stermelidir.<\/p>\n\n\n\n<p>\u0130slam alimleri Mevlid Kandiline b\u00fcy\u00fck \u00f6nem vermi\u015f, berimize bol bol salavatlar getirmi\u015flerdir.<\/p>\n\n\n\n<p>Ayr\u0131ca camilerde bu \u00f6zel g\u00fcn\u00fc hat\u0131rlamak i\u00e7in etkinlikler d\u00fczenlenmi\u015ftir.<\/p>\n\n\n\n<p>Bu arada \u0130slam d\u00fcnyas\u0131na pek fayda\u0131 olmayan bir soru da sorulmaktad\u0131r.<\/p>\n\n\n\n<p>Mevlid Kandili \u0130slam&#8217;a sonradan m\u0131 sokulmu\u015ftur?<\/p>\n\n\n\n<p>Bu sorular\u0131 sorman\u0131n bir anlam\u0131 yoktur.<\/p>\n\n\n\n<p>\u0130steyen bu \u00f6zel g\u00fcn\u00fc es ge\u00e7erek nimetlerinden yararlanmayabilir. Ancak di\u011fer M\u00fcsl\u00fcmanlar\u0131n akl\u0131n\u0131 kar\u0131\u015ft\u0131racak sorular sormaktan da ka\u00e7\u0131n\u0131lmal\u0131d\u0131r.<\/p>\n\n\n\n<p>Bu noktada bir de tavsiyede bulunulabilir.<\/p>\n\n\n\n<p>Mevlid Kandilinde Hadis okumak Peygamber Efendimizin S.A.V. s\u00f6zleri \u00fczerine tefekk\u00fcr etmek en iyisi olacakt\u0131r.<\/p>\n\n\n\n<p>Bunun i\u00e7in de \u0130slam aleminde Kur-an&#8217;\u0131 Kerim&#8217;den sonra en k\u0131ymetli eserler olarak kabul edilen Hadis Kitaplar\u0131 birebirdir.<\/p>\n\n\n\n<p class=\"has-medium-font-size\">Rahmetli Ahmed Davudo\u011flu Hocaefendi&#8217;nin Sahih-i M\u00fcslim&#8217;i en \u00e7ok tavsiye edilen Hadis kitaplar\u0131ndan&#8230;<\/p>\n\n\n\n<p><a href=\"http:\/\/www.ahmeddavudoglu.com\/?page_id=146\">http:\/\/www.ahmeddavudoglu.com\/?page_id=146<\/a><\/p>\n\n\n\n<p>kitapla ilgili bilgi siteden edinilebilir.<\/p>\n","protected":false},"excerpt":{"rendered":"<p>28 Ekim 2020 ak\u015fam\u0131 t\u00fcm T\u00fcrkiye&#8217;de Mevlid Kandili co\u015fkusu ya\u015fanacak. M\u00fcsl\u00fcmanlar birbirine en \u00e7ok \u015fu sorular\u0131 soruyor: Mevlid Kandilinde \u00f6zel bir ibadet var m\u0131? Mevlid Kandilinde oru\u00e7 tutulur mu? Mevlid Kandilinde okunacak dualar hangileridir? Mevlid Kandilinde gece namaz\u0131 k\u0131l\u0131n\u0131r m\u0131? Asl\u0131nda bu sorular\u0131n cevaplanmas\u0131 i\u00e7in Mevlid Kandilinin ne anlama geldi\u011finin bilinmesi gerekiyor. Mevlid Kandili Peygamberimiz &hellip;<\/p>\n","protected":false},"author":1,"featured_media":37,"comment_status":"open","ping_status":"open","sticky":false,"template":"","format":"standard","meta":[],"categories":[5],"tags":[],"_links":{"self":[{"href":"http:\/\/www.habertelgraf.com\/index.php?rest_route=\/wp\/v2\/posts\/428"}],"collection":[{"href":"http:\/\/www.habertelgraf.com\/index.php?rest_route=\/wp\/v2\/posts"}],"about":[{"href":"http:\/\/www.habertelgraf.com\/index.php?rest_route=\/wp\/v2\/types\/post"}],"author":[{"embeddable":true,"href":"http:\/\/www.habertelgraf.com\/index.php?rest_route=\/wp\/v2\/users\/1"}],"replies":[{"embeddable":true,"href":"http:\/\/www.habertelgraf.com\/index.php?rest_route=%2Fwp%2Fv2%2Fcomments&post=428"}],"version-history":[{"count":1,"href":"http:\/\/www.habertelgraf.com\/index.php?rest_route=\/wp\/v2\/posts\/428\/revisions"}],"predecessor-version":[{"id":429,"href":"http:\/\/www.habertelgraf.com\/index.php?rest_route=\/wp\/v2\/posts\/428\/revisions\/429"}],"wp:featuredmedia":[{"embeddable":true,"href":"http:\/\/www.habertelgraf.com\/index.php?rest_route=\/wp\/v2\/media\/37"}],"wp:attachment":[{"href":"http:\/\/www.habertelgraf.com\/index.php?rest_route=%2Fwp%2Fv2%2Fmedia&parent=428"}],"wp:term":[{"taxonomy":"category","embeddable":true,"href":"http:\/\/www.habertelgraf.com\/index.php?rest_route=%2Fwp%2Fv2%2Fcategories&post=428"},{"taxonomy":"post_tag","embeddable":true,"href":"http:\/\/www.habertelgraf.com\/index.php?rest_route=%2Fwp%2Fv2%2Ftags&post=428"}],"curies":[{"name":"wp","href":"https:\/\/api.w.org\/{rel}","templated":true}]}}