{"id":430,"date":"2020-10-27T22:23:36","date_gmt":"2020-10-27T19:23:36","guid":{"rendered":"http:\/\/www.habertelgraf.com\/?p=430"},"modified":"2020-10-27T22:23:37","modified_gmt":"2020-10-27T19:23:37","slug":"emre-belozoglu-sosyal-medyada-olay-oldu","status":"publish","type":"post","link":"http:\/\/www.habertelgraf.com\/?p=430","title":{"rendered":"Emre Bel\u00f6zo\u011flu sosyal medyada olay oldu"},"content":{"rendered":"\n<p>Sosyal medyada Emre Bel\u00f6zo\u011flu r\u00fczgar\u0131 esiyor.<\/p>\n\n\n\n<p>Her hareketi olay olan Fenerbah\u00e7e sportif direkt\u00f6r\u00fc Bel\u00f6zo\u011flu hakk\u0131nda binlerce yorum yaz\u0131ld\u0131<\/p>\n\n\n\n<p><strong>Emre Bel\u00f6zo\u011flu<\/strong>, Gigi Datome&#8217;nin ba\u011flant\u0131s\u0131nda \u0130talyanca terc\u00fcmanl\u0131k yapmak i\u00e7in sahneye \u00e7\u0131kt\u0131 ancak yay\u0131n Luciano&#8217;ya ge\u00e7ince Emre de \u0130spanyolca&#8217;ya ge\u00e7ti.<\/p>\n\n\n\n<p><\/p>\n\n\n\n<p>\u0130lker Ayr\u0131k \u201cK\u00fc\u00e7\u00fck bir \u00e7ocuk olsan hangi futbolcunun elini tutup seromoniye \u00e7\u0131kmak isterdin? \u201c <strong>Emre Bel\u00f6zo\u011flu<\/strong>: &#8220;Ger\u00e7ek \u0130mparator O\u011fuz \u00c7etin.&#8221;<\/p>\n","protected":false},"excerpt":{"rendered":"<p>Sosyal medyada Emre Bel\u00f6zo\u011flu r\u00fczgar\u0131 esiyor. Her hareketi olay olan Fenerbah\u00e7e sportif direkt\u00f6r\u00fc Bel\u00f6zo\u011flu hakk\u0131nda binlerce yorum yaz\u0131ld\u0131 Emre Bel\u00f6zo\u011flu, Gigi Datome&#8217;nin ba\u011flant\u0131s\u0131nda \u0130talyanca terc\u00fcmanl\u0131k yapmak i\u00e7in sahneye \u00e7\u0131kt\u0131 ancak yay\u0131n Luciano&#8217;ya ge\u00e7ince Emre de \u0130spanyolca&#8217;ya ge\u00e7ti. \u0130lker Ayr\u0131k \u201cK\u00fc\u00e7\u00fck bir \u00e7ocuk olsan hangi futbolcunun elini tutup seromoniye \u00e7\u0131kmak isterdin? \u201c Emre Bel\u00f6zo\u011flu: &#8220;Ger\u00e7ek \u0130mparator &hellip;<\/p>\n","protected":false},"author":1,"featured_media":0,"comment_status":"open","ping_status":"open","sticky":false,"template":"","format":"standard","meta":[],"categories":[4],"tags":[],"_links":{"self":[{"href":"http:\/\/www.habertelgraf.com\/index.php?rest_route=\/wp\/v2\/posts\/430"}],"collection":[{"href":"http:\/\/www.habertelgraf.com\/index.php?rest_route=\/wp\/v2\/posts"}],"about":[{"href":"http:\/\/www.habertelgraf.com\/index.php?rest_route=\/wp\/v2\/types\/post"}],"author":[{"embeddable":true,"href":"http:\/\/www.habertelgraf.com\/index.php?rest_route=\/wp\/v2\/users\/1"}],"replies":[{"embeddable":true,"href":"http:\/\/www.habertelgraf.com\/index.php?rest_route=%2Fwp%2Fv2%2Fcomments&post=430"}],"version-history":[{"count":1,"href":"http:\/\/www.habertelgraf.com\/index.php?rest_route=\/wp\/v2\/posts\/430\/revisions"}],"predecessor-version":[{"id":431,"href":"http:\/\/www.habertelgraf.com\/index.php?rest_route=\/wp\/v2\/posts\/430\/revisions\/431"}],"wp:attachment":[{"href":"http:\/\/www.habertelgraf.com\/index.php?rest_route=%2Fwp%2Fv2%2Fmedia&parent=430"}],"wp:term":[{"taxonomy":"category","embeddable":true,"href":"http:\/\/www.habertelgraf.com\/index.php?rest_route=%2Fwp%2Fv2%2Fcategories&post=430"},{"taxonomy":"post_tag","embeddable":true,"href":"http:\/\/www.habertelgraf.com\/index.php?rest_route=%2Fwp%2Fv2%2Ftags&post=430"}],"curies":[{"name":"wp","href":"https:\/\/api.w.org\/{rel}","templated":true}]}}