{"id":433,"date":"2020-10-27T22:40:34","date_gmt":"2020-10-27T19:40:34","guid":{"rendered":"http:\/\/www.habertelgraf.com\/?p=433"},"modified":"2020-10-27T22:40:35","modified_gmt":"2020-10-27T19:40:35","slug":"fahrettin-altundan-fasizm-vurgulu-paylasim","status":"publish","type":"post","link":"http:\/\/www.habertelgraf.com\/?p=433","title":{"rendered":"Fahrettin Altun&#8217;dan fa\u015fizm vurgulu payla\u015f\u0131m"},"content":{"rendered":"\n<p class=\"has-drop-cap\">Cumhurba\u015fkanl\u0131\u011f\u0131 \u0130leti\u015fim Ba\u015fkan\u0131 Fahrettin Altun twitter hesab\u0131ndan payla\u015f\u0131m yapt\u0131.<\/p>\n\n\n\n<p>Altun payla\u015f\u0131m\u0131nda \u015funlar\u0131 kaydetti.<\/p>\n\n\n\n<p>Bat\u0131\u2019n\u0131n fa\u015fist kanad\u0131 ve onlar\u0131n i\u00e7imizdeki temsilcileri ahlaks\u0131zca Cumhurba\u015fkan\u0131m\u0131za sald\u0131r\u0131yorlar. <\/p>\n\n\n\n<p>Cumhurba\u015fkan\u0131m\u0131z\u0131 yolundan d\u00f6nd\u00fcrebileceklerini san\u0131yorlar. <\/p>\n\n\n\n<p>Cumhurba\u015fkan\u0131m\u0131z k\u00fcresel vicdan\u0131n sesi olmaya devam edecek. T\u00fcrkiye g\u00fc\u00e7lenececek, fa\u015fizm ve fa\u015fistler kaybedecek!<\/p>\n\n\n\n<p><\/p>\n\n\n\n<figure class=\"wp-block-embed-twitter wp-block-embed is-type-rich is-provider-twitter\"><div class=\"wp-block-embed__wrapper\">\n<blockquote class=\"twitter-tweet\" data-width=\"550\" data-dnt=\"true\"><p lang=\"tr\" dir=\"ltr\">Bat\u0131\u2019n\u0131n fa\u015fist kanad\u0131 ve onlar\u0131n i\u00e7imizdeki temsilcileri ahlaks\u0131zca Cumhurba\u015fkan\u0131m\u0131za sald\u0131r\u0131yorlar.<br><br>Cumhurba\u015fkan\u0131m\u0131z\u0131 yolundan d\u00f6nd\u00fcrebileceklerini san\u0131yorlar.<br><br>Cumhurba\u015fkan\u0131m\u0131z k\u00fcresel vicdan\u0131n sesi olmaya devam edecek. <br><br>T\u00fcrkiye g\u00fc\u00e7lenececek, fa\u015fizm ve fa\u015fistler kaybedecek!<\/p>&mdash; Fahrettin Altun (@fahrettinaltun) <a href=\"https:\/\/twitter.com\/fahrettinaltun\/status\/1321172059519700997?ref_src=twsrc%5Etfw\">October 27, 2020<\/a><\/blockquote><script async src=\"https:\/\/platform.twitter.com\/widgets.js\" charset=\"utf-8\"><\/script>\n<\/div><\/figure>\n\n\n\n<p><\/p>\n\n\n\n<p><\/p>\n\n\n\n<p><\/p>\n\n\n\n<p><\/p>\n","protected":false},"excerpt":{"rendered":"<p>Cumhurba\u015fkanl\u0131\u011f\u0131 \u0130leti\u015fim Ba\u015fkan\u0131 Fahrettin Altun twitter hesab\u0131ndan payla\u015f\u0131m yapt\u0131. Altun payla\u015f\u0131m\u0131nda \u015funlar\u0131 kaydetti. Bat\u0131\u2019n\u0131n fa\u015fist kanad\u0131 ve onlar\u0131n i\u00e7imizdeki temsilcileri ahlaks\u0131zca Cumhurba\u015fkan\u0131m\u0131za sald\u0131r\u0131yorlar. Cumhurba\u015fkan\u0131m\u0131z\u0131 yolundan d\u00f6nd\u00fcrebileceklerini san\u0131yorlar. Cumhurba\u015fkan\u0131m\u0131z k\u00fcresel vicdan\u0131n sesi olmaya devam edecek. T\u00fcrkiye g\u00fc\u00e7lenececek, fa\u015fizm ve fa\u015fistler kaybedecek!<\/p>\n","protected":false},"author":1,"featured_media":0,"comment_status":"open","ping_status":"open","sticky":false,"template":"","format":"standard","meta":[],"categories":[1],"tags":[],"_links":{"self":[{"href":"http:\/\/www.habertelgraf.com\/index.php?rest_route=\/wp\/v2\/posts\/433"}],"collection":[{"href":"http:\/\/www.habertelgraf.com\/index.php?rest_route=\/wp\/v2\/posts"}],"about":[{"href":"http:\/\/www.habertelgraf.com\/index.php?rest_route=\/wp\/v2\/types\/post"}],"author":[{"embeddable":true,"href":"http:\/\/www.habertelgraf.com\/index.php?rest_route=\/wp\/v2\/users\/1"}],"replies":[{"embeddable":true,"href":"http:\/\/www.habertelgraf.com\/index.php?rest_route=%2Fwp%2Fv2%2Fcomments&post=433"}],"version-history":[{"count":1,"href":"http:\/\/www.habertelgraf.com\/index.php?rest_route=\/wp\/v2\/posts\/433\/revisions"}],"predecessor-version":[{"id":434,"href":"http:\/\/www.habertelgraf.com\/index.php?rest_route=\/wp\/v2\/posts\/433\/revisions\/434"}],"wp:attachment":[{"href":"http:\/\/www.habertelgraf.com\/index.php?rest_route=%2Fwp%2Fv2%2Fmedia&parent=433"}],"wp:term":[{"taxonomy":"category","embeddable":true,"href":"http:\/\/www.habertelgraf.com\/index.php?rest_route=%2Fwp%2Fv2%2Fcategories&post=433"},{"taxonomy":"post_tag","embeddable":true,"href":"http:\/\/www.habertelgraf.com\/index.php?rest_route=%2Fwp%2Fv2%2Ftags&post=433"}],"curies":[{"name":"wp","href":"https:\/\/api.w.org\/{rel}","templated":true}]}}