{"id":435,"date":"2020-10-27T23:05:27","date_gmt":"2020-10-27T20:05:27","guid":{"rendered":"http:\/\/www.habertelgraf.com\/?p=435"},"modified":"2020-10-28T01:27:16","modified_gmt":"2020-10-27T22:27:16","slug":"ahlaksiz-charlie-hebdo-nun-erdogan-karikaturu-buyuk-tepki-topladi","status":"publish","type":"post","link":"http:\/\/www.habertelgraf.com\/?p=435","title":{"rendered":"Ahlaks\u0131z Charlie Hebdo nun Erdo\u011fan karikat\u00fcr\u00fc b\u00fcy\u00fck tepki toplad\u0131"},"content":{"rendered":"\n<p>\u0130slam&#8217;a ve M\u00fcsl\u00fcmanlara hakaret i\u00e7eren ve ad\u0131na da mizah ya da karikat\u00fcr denen skandal \u00e7izimlerle g\u00fcndem olan ahlaks\u0131z Frans\u0131z dergisi Charlie Hebdo yine infiale yol a\u00e7t\u0131.<\/p>\n\n\n\n<p><\/p>\n\n\n\n<figure class=\"wp-block-embed-twitter wp-block-embed is-type-rich is-provider-twitter\"><div class=\"wp-block-embed__wrapper\">\n<blockquote class=\"twitter-tweet\" data-width=\"550\" data-dnt=\"true\"><p lang=\"fr\" dir=\"ltr\">Charlie Hebdo:<a href=\"https:\/\/twitter.com\/Charlie_Hebdo_?ref_src=twsrc%5Etfw\">@Charlie_Hebdo_<\/a> <br><br>Vous \u00eates des b\u00e2tards..<br>Vous \u00eates des fils des chiennes..<\/p>&mdash; Dr. Serdar \u00c7am (@serdar_cam) <a href=\"https:\/\/twitter.com\/serdar_cam\/status\/1321159571461836801?ref_src=twsrc%5Etfw\">October 27, 2020<\/a><\/blockquote><script async src=\"https:\/\/platform.twitter.com\/widgets.js\" charset=\"utf-8\"><\/script>\n<\/div><\/figure>\n\n\n\n<p>Cumhuba\u015fkanl\u0131\u011f\u0131 \u0130\u0130leti\u015fim Ba\u015fkan\u0131 Fahrettin Altun skandala sert tepki g\u00f6sterdi. A\u00e7\u0131klamada \u015funlar kaydedildi <\/p>\n\n\n\n<p><\/p>\n\n\n\n<p>\u201cFransa Cumhurba\u015fkan\u0131 Emmanuel Macron\u2019un M\u00fcsl\u00fcman kar\u015f\u0131t\u0131 g\u00fcndemi meyvesini veriyor! Charlie Hebdo, Cumhurba\u015fkan\u0131m\u0131za y\u00f6nelik al\u00e7ak\u00e7a \u00e7izimlerle dolu bir s\u00f6zde karikat\u00fcr serisi yay\u0131nlad\u0131. Bu derginin k\u00fclt\u00fcrel \u0131rk\u00e7\u0131l\u0131k ve nefreti yaymaya y\u00f6nelik i\u011fren\u00e7 \u00f6tesi \u00e7abas\u0131n\u0131 k\u0131n\u0131yoruz.<\/p>\n\n\n\n<p>Tiksindirici oldu\u011fu kadar, insani ahlaktan da yoksun bu s\u00f6zde karikat\u00fcrler, a\u00e7\u0131k bir \u015fekide, Frans\u0131z liderli\u011finin \u00fclkesi i\u00e7in istedi\u011fi yabanc\u0131 d\u00fc\u015fman\u0131, \u0130slamofobik ve ho\u015fg\u00f6r\u00fcs\u00fcz bir k\u00fclt\u00fcrel \u00e7evrenin \u00fcr\u00fcn\u00fcd\u00fcr.<\/p>\n\n\n\n<p>Sivillere y\u00f6nelik her t\u00fcrl\u00fc \u015fiddete ve \u0130slam ad\u0131na her t\u00fcrl\u00fc ter\u00f6r eylemine kar\u015f\u0131 oldu\u011fumuzu a\u00e7\u0131k\u00e7a ortaya koyduk. Ancak nereden gelirse gelsin k\u00fclt\u00fcr\u00fcm\u00fcze ve dinimize y\u00f6nelik i\u011fren\u00e7 sald\u0131r\u0131lar kar\u015f\u0131s\u0131nda sessiz kalmayaca\u011f\u0131z.<\/p>\n\n\n\n<p>Cumhurba\u015fkan\u0131m\u0131z, T\u00fcrkiye\u2019nin d\u00fcnya \u00e7ap\u0131nda milyonlarca m\u00fclteciye kap\u0131lar\u0131n\u0131 a\u00e7mas\u0131n\u0131 sa\u011flayarak son d\u00f6nemdeki en insani lider olarak haf\u0131zalara kaz\u0131nm\u0131\u015ft\u0131r. Kad\u0131nlara, \u00e7ocuklara ve engellilere yard\u0131m etmek i\u00e7in parma\u011f\u0131n\u0131 bile oynatmayanlar \u015fimdi de t\u00fcm edepsizlikleriyle liderimizi hedef al\u0131yor.<\/p>\n\n\n\n<p>Yine de \u0131rk\u00e7\u0131, yabanc\u0131 d\u00fc\u015fman\u0131, \u0130slamofobik ve Yahudi d\u00fc\u015fman\u0131 tahrikler bizi ayn\u0131 \u015fekilde kar\u015f\u0131l\u0131k vermeye k\u0131\u015fk\u0131rtamayacak. Bir ma\u011fduriyet \u00fczerinden verilmeye \u00e7al\u0131\u015f\u0131lan g\u00f6zda\u011f\u0131na ve provokasyonlar\u0131n\u0131za boyun e\u011fmeyi reddediyoruz.<\/p>\n\n\n\n<p>K\u00fclt\u00fcr\u00fcm\u00fcze y\u00f6nelik bu t\u00fcr sorumsuz ve budalaca sald\u0131r\u0131lar, yaln\u0131zca \u0131rk\u00e7\u0131l\u0131\u011f\u0131 ve ayr\u0131mc\u0131l\u0131\u011f\u0131 besleyecektir. T\u00fcm akl\u0131 ba\u015f\u0131nda Avrupal\u0131 dostlar\u0131 bu t\u00fcr bir ilkel k\u00fclt\u00fcrel \u0131rk\u00e7\u0131l\u0131k, entelekt\u00fcel k\u0131s\u0131rl\u0131k ve medeniyetsiz s\u00f6ylemle m\u00fccadele etmeye \u00e7a\u011f\u0131r\u0131yoruz.\u201d<\/p>\n\n\n\n<p><\/p>\n\n\n\n<p>Charlie Hebdo&#8217;nun son yay\u0131nlad\u0131\u011f\u0131 Recep Tayyip Erdo\u011fan konulu karikat\u00fcr ad\u0131 alt\u0131ndaki rezil \u00e7izimler kamuoyunda nefret ile kar\u015f\u0131land\u0131.<\/p>\n\n\n\n<p><\/p>\n\n\n\n<figure class=\"wp-block-embed-twitter wp-block-embed is-type-rich is-provider-twitter\"><div class=\"wp-block-embed__wrapper\">\n<blockquote class=\"twitter-tweet\" data-width=\"550\" data-dnt=\"true\"><p lang=\"tr\" dir=\"ltr\">Fransa&#39;da baz\u0131 siyaset\u00e7ilerin, gruplar\u0131n ve \u00f6zellikle Charlie Hebdo dergisinin &quot;\u0130slam, T\u00fcrkiye ve Erdo\u011fan d\u00fc\u015fmanl\u0131\u011f\u0131&quot; kademe atlayarak \u015ferefsizlik seviyesine ula\u015ft\u0131!<br>Peygamberimize hakaret ediyorlar!<br>Cumhurba\u015fkan\u0131m\u0131z\u0131 m\u00fcstehcen olarak resmediyorlar!<br>Ahlaks\u0131z salyal\u0131 itler!<\/p>&mdash; hac\u0131 yak\u0131\u015f\u0131kl\u0131 (@haciykk) <a href=\"https:\/\/twitter.com\/haciykk\/status\/1321156988676591617?ref_src=twsrc%5Etfw\">October 27, 2020<\/a><\/blockquote><script async src=\"https:\/\/platform.twitter.com\/widgets.js\" charset=\"utf-8\"><\/script>\n<\/div><\/figure>\n\n\n\n<p><\/p>\n\n\n\n<p>\u0130ki cihan nuru Peygamber Efendimiz Hz. Muhammed S.A.V.  e hakaret i\u00e7eren ve ad\u0131na karikat\u00fcr denilen rezil \u00e7izimler nedeniyle \u0130slam d\u00fcnyas\u0131n\u0131n hedefine oturan dergi yine sansasyonel bir eyleme imza att\u0131.<\/p>\n\n\n\n<p><\/p>\n\n\n\n<p><\/p>\n\n\n\n<figure class=\"wp-block-embed-twitter wp-block-embed is-type-rich is-provider-twitter\"><div class=\"wp-block-embed__wrapper\">\n<blockquote class=\"twitter-tweet\" data-width=\"550\" data-dnt=\"true\"><p lang=\"fr\" dir=\"ltr\">Si vous aviez l&#39;habitude de faire de l&#39;humour, nous ririons. <br>Si vous aviez de l&#39;intelligence, nous la respecterions. <br><br>Mais vous \u00eates des gens immoraux sans esprit ni intelligence.<br>Les pauvres<a href=\"https:\/\/twitter.com\/Charlie_Hebdo_?ref_src=twsrc%5Etfw\">@Charlie_Hebdo_<\/a> <a href=\"https:\/\/twitter.com\/hashtag\/CharlieHebdo?src=hash&amp;ref_src=twsrc%5Etfw\">#CharlieHebdo<\/a><\/p>&mdash; Dr Kerem K\u0131n\u0131k (@drkerem) <a href=\"https:\/\/twitter.com\/drkerem\/status\/1321179321684426752?ref_src=twsrc%5Etfw\">October 27, 2020<\/a><\/blockquote><script async src=\"https:\/\/platform.twitter.com\/widgets.js\" charset=\"utf-8\"><\/script>\n<\/div><\/figure>\n\n\n\n<p><\/p>\n\n\n\n<p><\/p>\n\n\n\n<p>Charlie Hebdo son yay\u0131nlad\u0131\u011f\u0131 \u00e7izimlerle sosyal medyada b\u00fcy\u00fck tepki \u00e7ekti.<\/p>\n\n\n\n<p>Charlie Hebdo&#8217;nun Cumhurbakan\u0131 Erdo\u011fan hakk\u0131ndaki \u00e7izimlerine her kesimden tepki ya\u011fd\u0131.<\/p>\n\n\n\n<figure class=\"wp-block-embed-twitter wp-block-embed is-type-rich is-provider-twitter\"><div class=\"wp-block-embed__wrapper\">\n<blockquote class=\"twitter-tweet\" data-width=\"550\" data-dnt=\"true\"><p lang=\"tr\" dir=\"ltr\">Ahlaks\u0131z\u0131n ahlaks\u0131zl\u0131\u011f\u0131n\u0131 payla\u015fmay\u0131n dostlar.<br><br>M\u00fcptezelin ne yapt\u0131\u011f\u0131 anlat\u0131l\u0131rken ne k\u00fcf\u00fcr etti\u011fi s\u00f6ylenmez.<br><br>Bunlar dedelerinden farks\u0131zlar. Tek farklar\u0131 ahlaks\u0131z ve edepsizler.<a href=\"https:\/\/twitter.com\/hashtag\/CharlieHebdo?src=hash&amp;ref_src=twsrc%5Etfw\">#CharlieHebdo<\/a> ahlaks\u0131zs\u0131n<br><br>Bunlar\u0131n yapt\u0131klar\u0131na sevinen garip yarat\u0131k sen daha ahlaks\u0131zs\u0131n!<\/p>&mdash; M.Mustafa Y\u0131ld\u0131z (@memuyi) <a href=\"https:\/\/twitter.com\/memuyi\/status\/1321180766659846147?ref_src=twsrc%5Etfw\">October 27, 2020<\/a><\/blockquote><script async src=\"https:\/\/platform.twitter.com\/widgets.js\" charset=\"utf-8\"><\/script>\n<\/div><\/figure>\n\n\n\n<p><\/p>\n\n\n\n<p>Avukat M\u00fccahit Birinci \u00e7izimlerin payla\u015f\u0131lmamas\u0131 gerekti\u011fine vurgu yapt\u0131.<\/p>\n\n\n\n<p><\/p>\n\n\n\n<figure class=\"wp-block-embed-twitter wp-block-embed is-type-rich is-provider-twitter\"><div class=\"wp-block-embed__wrapper\">\n<blockquote class=\"twitter-tweet\" data-width=\"550\" data-dnt=\"true\"><p lang=\"tr\" dir=\"ltr\">Takip\u00e7i karde\u015flerimden ricam, s\u00fcfli Charlie Hebdo&#39;nun a\u015fa\u011f\u0131l\u0131k karikat\u00fcr\u00fcn\u00fc payla\u015fmay\u0131n\u0131z. Bunu yaymay\u0131n\u0131z. O amaca hizmet etmeyiniz.<\/p>&mdash; M\u00fccahit Birinci (@birincimucahit) <a href=\"https:\/\/twitter.com\/birincimucahit\/status\/1321156227624259585?ref_src=twsrc%5Etfw\">October 27, 2020<\/a><\/blockquote><script async src=\"https:\/\/platform.twitter.com\/widgets.js\" charset=\"utf-8\"><\/script>\n<\/div><\/figure>\n","protected":false},"excerpt":{"rendered":"<p>\u0130slam&#8217;a ve M\u00fcsl\u00fcmanlara hakaret i\u00e7eren ve ad\u0131na da mizah ya da karikat\u00fcr denen skandal \u00e7izimlerle g\u00fcndem olan ahlaks\u0131z Frans\u0131z dergisi Charlie Hebdo yine infiale yol a\u00e7t\u0131. Cumhuba\u015fkanl\u0131\u011f\u0131 \u0130\u0130leti\u015fim Ba\u015fkan\u0131 Fahrettin Altun skandala sert tepki g\u00f6sterdi. A\u00e7\u0131klamada \u015funlar kaydedildi \u201cFransa Cumhurba\u015fkan\u0131 Emmanuel Macron\u2019un M\u00fcsl\u00fcman kar\u015f\u0131t\u0131 g\u00fcndemi meyvesini veriyor! Charlie Hebdo, Cumhurba\u015fkan\u0131m\u0131za y\u00f6nelik al\u00e7ak\u00e7a \u00e7izimlerle dolu bir &hellip;<\/p>\n","protected":false},"author":1,"featured_media":0,"comment_status":"open","ping_status":"open","sticky":false,"template":"","format":"standard","meta":[],"categories":[1],"tags":[],"_links":{"self":[{"href":"http:\/\/www.habertelgraf.com\/index.php?rest_route=\/wp\/v2\/posts\/435"}],"collection":[{"href":"http:\/\/www.habertelgraf.com\/index.php?rest_route=\/wp\/v2\/posts"}],"about":[{"href":"http:\/\/www.habertelgraf.com\/index.php?rest_route=\/wp\/v2\/types\/post"}],"author":[{"embeddable":true,"href":"http:\/\/www.habertelgraf.com\/index.php?rest_route=\/wp\/v2\/users\/1"}],"replies":[{"embeddable":true,"href":"http:\/\/www.habertelgraf.com\/index.php?rest_route=%2Fwp%2Fv2%2Fcomments&post=435"}],"version-history":[{"count":3,"href":"http:\/\/www.habertelgraf.com\/index.php?rest_route=\/wp\/v2\/posts\/435\/revisions"}],"predecessor-version":[{"id":440,"href":"http:\/\/www.habertelgraf.com\/index.php?rest_route=\/wp\/v2\/posts\/435\/revisions\/440"}],"wp:attachment":[{"href":"http:\/\/www.habertelgraf.com\/index.php?rest_route=%2Fwp%2Fv2%2Fmedia&parent=435"}],"wp:term":[{"taxonomy":"category","embeddable":true,"href":"http:\/\/www.habertelgraf.com\/index.php?rest_route=%2Fwp%2Fv2%2Fcategories&post=435"},{"taxonomy":"post_tag","embeddable":true,"href":"http:\/\/www.habertelgraf.com\/index.php?rest_route=%2Fwp%2Fv2%2Ftags&post=435"}],"curies":[{"name":"wp","href":"https:\/\/api.w.org\/{rel}","templated":true}]}}