{"id":441,"date":"2020-10-28T21:38:21","date_gmt":"2020-10-28T18:38:21","guid":{"rendered":"http:\/\/www.habertelgraf.com\/?p=441"},"modified":"2020-10-28T21:38:22","modified_gmt":"2020-10-28T18:38:22","slug":"analiz-dolar-9-tlye-dogru-giderken","status":"publish","type":"post","link":"http:\/\/www.habertelgraf.com\/?p=441","title":{"rendered":"ANAL\u0130Z &#8211; Dolar 9 TL&#8217;ye do\u011fru giderken"},"content":{"rendered":"\n<p>Ekonomide yeni geli\u015fmeler ya\u015fan\u0131yor.<\/p>\n\n\n\n<p>Bundan sonra ne olaca\u011f\u0131na dair herkesin bir fikri var ancak piyasalar\u0131n ger\u00e7e\u011fini g\u00f6rmeden bu analizleri yapmak pek do\u011fru olmaz.<\/p>\n\n\n\n<p>TCMB Ba\u015fkan\u0131 Murat Uysal, enflasyonun 2020 y\u0131l sonunda %12,1 olarak ger\u00e7ekle\u015fece\u011fini tahmin ettiklerini s\u00f6yledi. Banka&#8217;n\u0131n daha \u00f6nceki tahmini y\u00fczde 8,9 seviyesindeydi.<\/p>\n\n\n\n<p>TCMB Ba\u015fkan\u0131 Murat Uysal, enflasyonun 2020 y\u0131l sonunda %12,1 olarak ger\u00e7ekle\u015fece\u011fini tahmin ettiklerini s\u00f6yledi. Banka&#8217;n\u0131n daha \u00f6nceki tahmini y\u00fczde 8,9 seviyesindeydi. Uysal, 2021 y\u0131l sonunda enflasyonun y\u00fczde 6,2 seviyesinde ger\u00e7ekle\u015fece\u011fi tahminini y\u00fczde y\u00fczde 9,4 olarak revize ettiklerini de belirtti.\u00a0<\/p>\n\n\n\n<p><\/p>\n\n\n\n<p>Ekonomideki geli\u015fmeleri Covid 19 s\u00fcrecinden ayr\u0131 g\u00f6rmek ise olay\u0131n bir taraf\u0131n\u0131 unutmak anlam\u0131na gelir.<\/p>\n\n\n\n<p>k\u00fcresel piyasalar Covid \u015fokunu daha uzun s\u00fcre \u00fczerlerinden atamayacak<\/p>\n\n\n\n<p>Almanya&#8217;da 2 Kas\u0131m&#8217;dan itibaren ge\u00e7erli olacak \u00f6nlemler kapsam\u0131nda: <\/p>\n\n\n\n<p class=\"has-medium-font-size\">*Restoranlar ay sonuna kadar kapat\u0131lacak <\/p>\n\n\n\n<p class=\"has-medium-font-size\">*Etkinlikler \u00fclke \u00e7ap\u0131nda yasaklanacak <\/p>\n\n\n\n<p class=\"has-medium-font-size\">*Kamuya a\u00e7\u0131k alanlarda maksimum 10 ki\u015fi bir araya gelebilecek <\/p>\n\n\n\n<p class=\"has-medium-font-size\">*Yuva ve okullar konusunda son s\u00f6z eyaletlerde<\/p>\n\n\n\n<p><\/p>\n\n\n\n<p>T\u00fcrkiye&#8217;de ise Hazine ve Maliye Bakan\u0131 Berat Albayrak: Finansal \u0130stikrar ve Kalk\u0131nma Komitesi olarak verimli bir toplant\u0131 yapt\u0131k. Bug\u00fcn att\u0131\u011f\u0131m\u0131z ad\u0131mlar\u0131n ve izledi\u011fimiz ekonomi politikalar\u0131n\u0131n somut meyvelerini yak\u0131n gelecekte alaca\u011f\u0131z in\u015faallah&#8221; dedi.<\/p>\n\n\n\n<p><\/p>\n\n\n\n<p>Peki piyasalarda son durum nas\u0131l \u015fimdi de buna g\u00f6z atal\u0131m.<\/p>\n\n\n\n<p><\/p>\n\n\n\n<p>Alt\u0131n ve g\u00fcm\u00fc\u015f\u00fcn ons fiyatlar\u0131nda ilk g\u00fc\u00e7l\u00fc destek seviyeleri 1.865 &#8211; 21 $. Buralar a\u015fa\u011f\u0131 y\u00f6nl\u00fc k\u0131r\u0131l\u0131rsa 1.845- 20,65 $ takip edilmeli. <\/p>\n\n\n\n<p><\/p>\n\n\n\n<p>Dolar ise 8 TL &#8216;yi ge\u00e7tikten sonra ilk k\u0131r\u0131lma noktas\u0131 olarak 8.30 g\u00f6r\u00fcl\u00fcrken bu a\u015famaya k\u0131sa s\u00fcrede gelindi.<\/p>\n\n\n\n<p>\u015eimdi ise \u00f6nce 8.50 sonra ise 8.75 seviyelerine ula\u015f\u0131l\u0131rsa dolar\u0131n 9 TL ye ula\u015fmas\u0131 ka\u00e7\u0131n\u0131lmaz hale gelebilir<\/p>\n","protected":false},"excerpt":{"rendered":"<p>Ekonomide yeni geli\u015fmeler ya\u015fan\u0131yor. Bundan sonra ne olaca\u011f\u0131na dair herkesin bir fikri var ancak piyasalar\u0131n ger\u00e7e\u011fini g\u00f6rmeden bu analizleri yapmak pek do\u011fru olmaz. TCMB Ba\u015fkan\u0131 Murat Uysal, enflasyonun 2020 y\u0131l sonunda %12,1 olarak ger\u00e7ekle\u015fece\u011fini tahmin ettiklerini s\u00f6yledi. Banka&#8217;n\u0131n daha \u00f6nceki tahmini y\u00fczde 8,9 seviyesindeydi. TCMB Ba\u015fkan\u0131 Murat Uysal, enflasyonun 2020 y\u0131l sonunda %12,1 olarak ger\u00e7ekle\u015fece\u011fini &hellip;<\/p>\n","protected":false},"author":1,"featured_media":48,"comment_status":"open","ping_status":"open","sticky":false,"template":"","format":"standard","meta":[],"categories":[3],"tags":[],"_links":{"self":[{"href":"http:\/\/www.habertelgraf.com\/index.php?rest_route=\/wp\/v2\/posts\/441"}],"collection":[{"href":"http:\/\/www.habertelgraf.com\/index.php?rest_route=\/wp\/v2\/posts"}],"about":[{"href":"http:\/\/www.habertelgraf.com\/index.php?rest_route=\/wp\/v2\/types\/post"}],"author":[{"embeddable":true,"href":"http:\/\/www.habertelgraf.com\/index.php?rest_route=\/wp\/v2\/users\/1"}],"replies":[{"embeddable":true,"href":"http:\/\/www.habertelgraf.com\/index.php?rest_route=%2Fwp%2Fv2%2Fcomments&post=441"}],"version-history":[{"count":1,"href":"http:\/\/www.habertelgraf.com\/index.php?rest_route=\/wp\/v2\/posts\/441\/revisions"}],"predecessor-version":[{"id":442,"href":"http:\/\/www.habertelgraf.com\/index.php?rest_route=\/wp\/v2\/posts\/441\/revisions\/442"}],"wp:featuredmedia":[{"embeddable":true,"href":"http:\/\/www.habertelgraf.com\/index.php?rest_route=\/wp\/v2\/media\/48"}],"wp:attachment":[{"href":"http:\/\/www.habertelgraf.com\/index.php?rest_route=%2Fwp%2Fv2%2Fmedia&parent=441"}],"wp:term":[{"taxonomy":"category","embeddable":true,"href":"http:\/\/www.habertelgraf.com\/index.php?rest_route=%2Fwp%2Fv2%2Fcategories&post=441"},{"taxonomy":"post_tag","embeddable":true,"href":"http:\/\/www.habertelgraf.com\/index.php?rest_route=%2Fwp%2Fv2%2Ftags&post=441"}],"curies":[{"name":"wp","href":"https:\/\/api.w.org\/{rel}","templated":true}]}}