{"id":443,"date":"2020-10-28T21:47:12","date_gmt":"2020-10-28T18:47:12","guid":{"rendered":"http:\/\/www.habertelgraf.com\/?p=443"},"modified":"2020-10-28T21:48:23","modified_gmt":"2020-10-28T18:48:23","slug":"443","status":"publish","type":"post","link":"http:\/\/www.habertelgraf.com\/?p=443","title":{"rendered":"Fahrettin Altun, Fransa&#8217;y\u0131 Emile Zola ile vurdu!"},"content":{"rendered":"\n<p>\u0130leti\u015fim Ba\u015fkan\u0131 Fahrettin Altun Fransa&#8217;ya \u00f6yle bir gol att\u0131 ki&#8230;<\/p>\n\n\n\n<p><strong>Cumhurba\u015fkanl\u0131\u011f\u0131 \u0130leti\u015fim Ba\u015fkan\u0131 Fahrettin Altun, Frans\u0131z yazar Emile Zola\u2019n\u0131n 122 y\u0131l \u00f6nce zaman\u0131n Frans\u0131z Cumhurba\u015fkan\u0131na yazd\u0131\u011f\u0131 ve Fransa\u2019n\u0131n \u201c\u00f6zg\u00fcrl\u00fck, e\u015fitlik ve karde\u015flik\u201d s\u00f6ylemindeki \u00e7ifte standard\u0131 ortaya koyan \u201c\u0130tham ediyorum!\u201d ba\u015fl\u0131kl\u0131 me\u015fhur mektubun g\u00fcn\u00fcm\u00fcze uyarlanm\u0131\u015f bir versiyonunu payla\u015farak, Fransa\u2019n\u0131n bug\u00fcnk\u00fc \u0131rk\u00e7\u0131, \u0130slamofobik ve Cumhurba\u015fkan\u0131 Erdo\u011fan kar\u015f\u0131t\u0131 s\u00f6ylem ve ad\u0131mlar\u0131na dikkati \u00e7ekti.<\/strong><\/p>\n\n\n\n<p>Altun Twitter hesab\u0131ndan yapt\u0131\u011f\u0131 payla\u015f\u0131mda Emile Zola&#8217;n\u0131n mektubunu hat\u0131rlatt\u0131.<\/p>\n\n\n\n<p>Altun \u015fu sat\u0131rlar\u0131 payla\u015ft\u0131x<\/p>\n\n\n\n<p>Emile Zola s&#8217;adresse au peuple de France avec le m\u00eame message apr\u00e8s 122 ans: <a href=\"https:\/\/twitter.com\/hashtag\/JAccuse?src=hashtag_click\">#JAccuse<\/a>&#8230;! <\/p>\n\n\n\n<p><\/p>\n\n\n\n<p>Emile Zola, Frans\u0131z halk\u0131na 122 y\u0131l sonra ayn\u0131 mesajla sesleniyor: <a href=\"https:\/\/twitter.com\/hashtag\/%C4%B0thamEdiyorum?src=hashtag_click\">#\u0130thamEdiyorum<\/a>&#8230;!<\/p>\n\n\n\n<p><\/p>\n\n\n\n<figure class=\"wp-block-embed-twitter wp-block-embed is-type-rich is-provider-twitter\"><div class=\"wp-block-embed__wrapper\">\n<blockquote class=\"twitter-tweet\" data-width=\"550\" data-dnt=\"true\"><p lang=\"tr\" dir=\"ltr\">Emile Zola s&#39;adresse au peuple de France avec le m\u00eame message apr\u00e8s 122 ans: <a href=\"https:\/\/twitter.com\/hashtag\/JAccuse?src=hash&amp;ref_src=twsrc%5Etfw\">#JAccuse<\/a>&#8230;! <br><br>Emile Zola, Frans\u0131z halk\u0131na 122 y\u0131l sonra ayn\u0131 mesajla sesleniyor: <a href=\"https:\/\/twitter.com\/hashtag\/%C4%B0thamEdiyorum?src=hash&amp;ref_src=twsrc%5Etfw\">#\u0130thamEdiyorum<\/a>&#8230;! <a href=\"https:\/\/t.co\/dZolnHDQtq\">pic.twitter.com\/dZolnHDQtq<\/a><\/p>&mdash; Fahrettin Altun (@fahrettinaltun) <a href=\"https:\/\/twitter.com\/fahrettinaltun\/status\/1321508336098037761?ref_src=twsrc%5Etfw\">October 28, 2020<\/a><\/blockquote><script async src=\"https:\/\/platform.twitter.com\/widgets.js\" charset=\"utf-8\"><\/script>\n<\/div><\/figure>\n\n\n\n<p class=\"has-medium-font-size\">\u0130\u015fte Zola&#8217;n\u0131n o mektubu:<\/p>\n\n\n\n<p><\/p>\n\n\n\n<p>\u0130tham Ediyorum!<\/p>\n\n\n\n<p>Sayg\u0131de\u011fer Frans\u0131z halk\u0131,<\/p>\n\n\n\n<p>Bu ba\u015fl\u0131\u011f\u0131 ta\u015f\u0131yan mektup Dreyfus davas\u0131 i\u00e7in bundan tam 122 y\u0131l \u00f6nce zaman\u0131n Frans\u0131z cumhurba\u015fkan\u0131na yaz\u0131lm\u0131\u015ft\u0131. Ama bendeniz bu mektubu \u015fimdi size yaz\u0131yorum. O tarihte t\u00fcm sonu\u00e7lar\u0131na katlanarak do\u011fruyu hakikati savunmak ad\u0131na Frans\u0131z toplumundaki \u00e7\u00fcr\u00fcmeyi, yozla\u015fmay\u0131 ve Yahudi kar\u015f\u0131tl\u0131\u011f\u0131n\u0131 ele\u015ftirmi\u015ftim. Frans\u0131z devriminin ard\u0131ndan biz de\u011fil miydik, avaz\u0131m\u0131z \u00e7\u0131kt\u0131\u011f\u0131 kadar \u00f6zg\u00fcrl\u00fck, e\u015fitlik ve karde\u015flik diye hayk\u0131ran. O de\u011ferler i\u00e7in m\u00fccadele eden bizler de\u011fil miydik. Bu de\u011ferleri 1848 anayasam\u0131z\u0131n temel prensipleri haline bizler getirdik. Binalar\u0131n \u00fczerine, ta\u015flara ve an\u0131tlara kaz\u0131d\u0131k. Bizden sonraki nesiller anayasaya e\u015fitlik, \u00f6zg\u00fcrl\u00fck ve karde\u015flik yazd\u0131. Bu \u00fc\u00e7 kurucu de\u011fer Frans\u0131z ulusunun ortak miras\u0131 haline geldi.<\/p>\n\n\n\n<p>Bug\u00fcn yine, 2020 y\u0131l\u0131nda y\u00f6neticilerinizin ve bas\u0131n\u0131m\u0131z\u0131n basiretini gitgide yitirdi\u011fini \u00fcz\u00fclerek g\u00f6r\u00fcyorum. \u0130\u00e7inden b\u00fcy\u00fck yazarlar, hakikatin nice y\u0131lmaz savunucular\u0131n\u0131 \u00e7\u0131karm\u0131\u015f bir milletin vicdan\u0131na seslenmek kalan son \u00e7aredir. Hani nerede \u00f6zg\u00fcrl\u00fck, e\u015fitlik ve karde\u015flik! Frans\u0131z siyaset\u00e7iler, kendilerine sanat\u00e7\u0131 diyenler sistematik olarak \u0130slam\u2019a ve M\u00fcsl\u00fcmanlara kar\u015f\u0131 tahkirde bulunan ifadeler kullan\u0131yorlar. Nefretlerini kusarken ayn\u0131 zamanda sistematikle\u015ftiriyorlar. Frans\u0131z ulusunun kurucu de\u011feri karde\u015fli\u011fi ayaklar alt\u0131na al\u0131yorlar. Bu, y\u00fczy\u0131llara dayanan ili\u015fkilerimizde g\u00f6rmeyi hi\u00e7 d\u00fc\u015flemedi\u011fimiz, olmamas\u0131 gereken bir durum. Fransa\u2019da geri d\u00f6n\u00fclmesi imkans\u0131z bir noktaya s\u00fcr\u00fckleyen bu sorumsuzlu\u011fu payla\u015fmayan vicdanl\u0131 insanlar oldu\u011funu bilmek istiyoruz. Frans\u0131z s\u00f6m\u00fcrgecili\u011finin t\u00fcm d\u00fcnyada sebep oldu\u011fu yaralar\u0131 yeni yeni sarabiliyoruz. Hala Cezayir\u2019e, Afrika\u2019ya bir \u00f6z\u00fcr borcumuz var. Ya\u015fanan ac\u0131lar\u0131n toplumsal hat\u0131ras\u0131 tek \u00fcst\u00fcnk\u00f6r\u00fc itinas\u0131z bir \u00f6z\u00fcrle kapanabilecek t\u00fcrden bir yara de\u011fildir.&nbsp;<\/p>\n\n\n\n<p>G\u00fcn\u00fcm\u00fczde ise hakareti ve dini inan\u00e7lara dil uzatmay\u0131 ifade \u00f6zg\u00fcrl\u00fc\u011f\u00fc k\u0131l\u0131f\u0131yla sunman\u0131n inand\u0131r\u0131c\u0131 bir y\u00f6ntem olmad\u0131\u011f\u0131 kabul edilmelidir. D\u00fcn Yahudilere kar\u015f\u0131 geli\u015ftirilen nefret s\u00f6ylemi ve \u0131rk\u00e7\u0131l\u0131k bug\u00fcn M\u00fcsl\u00fcmanlar \u00fczerinde tekrarlan\u0131yor. Tarihin hatalar\u0131 tekrar etmemeli. Tarih b\u00f6yle tekerr\u00fcr etmemeli. Fransa aln\u0131na s\u00fcr\u00fclen bu kara lekenin orta\u011f\u0131 olmad\u0131\u011f\u0131n\u0131, y\u00f6neticilerinin nefret ve kin kokan ifadelerinin arkas\u0131nda olmad\u0131\u011f\u0131n\u0131 y\u00fcksek sesle hayk\u0131rmal\u0131d\u0131r. Biz \u0130slam\u2019\u0131 Macron\u2019dan, Charlie Hebdo\u2019dan \u00f6\u011frenecek de\u011filiz. Fransa tarihinde \u0130slam\u2019\u0131 bize lay\u0131k\u0131yla \u00f6\u011fretecek nice simalar vard\u0131r. Gelecekte de olacakt\u0131r.<\/p>\n\n\n\n<p>Maalesef \u00f6zg\u00fcrl\u00fck, e\u015fitlik ve karde\u015flik ad\u0131na yine talihsiz bir g\u00fcn ya\u015f\u0131yoruz. \u0130nsan onuruna ve de\u011ferlerine y\u00f6nelik hakarette s\u0131n\u0131r tan\u0131mayan Charlie Hebdo, k\u00f6kl\u00fc Frans\u0131z d\u00fc\u015f\u00fcnce gelece\u011fine y\u00f6nelik b\u00fcy\u00fck ve y\u0131k\u0131c\u0131 bir tehdittir. T\u00fcrkiye\u2019nin se\u00e7ilmi\u015f cumhurba\u015fkan\u0131n\u0131 k\u00fc\u00e7\u00fck d\u00fc\u015f\u00fcr\u00fcc\u00fc yak\u0131\u015f\u0131ks\u0131z ifadelere ve \u00e7izimlere yer verilmi\u015ftir. Mizah\u0131n birle\u015ftiricili\u011fi siyasi g\u00fcndemler u\u011fruna heba edilmemelidir. Mizah silah gibi kullan\u0131lmamal\u0131d\u0131r. Bu \u00e7irkin tavr\u0131 en ba\u015f\u0131ndan beri a\u00e7\u0131k\u00e7a k\u0131n\u0131yor ve itham ediyoruz. Tarih \u00f6n\u00fcnde itham ediyoruz, insanl\u0131k \u00f6n\u00fcnde itham ediyoruz, vicdanlar \u00f6n\u00fcnde itham ediyoruz. Daha fazla nefretin yay\u0131lmas\u0131n\u0131 sa\u011flamaktan ba\u015fka bir \u015fey yapmayacak bu sorumsuzlu\u011fun d\u00fcnya bar\u0131\u015f\u0131na y\u00f6nelik b\u00fcy\u00fck bir tehdit oldu\u011funu da hat\u0131rlatmak istiyoruz. \u0130yi niyetli t\u00fcm ikazlar\u0131 daha b\u00fcy\u00fck hakaretlerle kar\u015f\u0131layan Frans\u0131z y\u00f6neticileri ve bu sald\u0131rgan nefret s\u00f6ylemine dur demeyerek do\u011frudan ve dolayl\u0131 r\u0131za g\u00f6steren herkes ortaya \u00e7\u0131kan vahim tablonun sorumlular\u0131d\u0131r.<\/p>\n\n\n\n<p>Fransa, ge\u00e7mi\u015fte oldu\u011fu gibi bug\u00fcn de b\u00fcy\u00fck leke almak istemiyorsa, benim 122 y\u0131l \u00f6nce g\u00f6sterdi\u011fim cesareti g\u00f6stermeli, \u0131rk\u00e7\u0131l\u0131k ve nefret \u00fcreten bu batakl\u0131\u011f\u0131n daha fazla koku \u00fcretmesine mani olmal\u0131d\u0131r.<\/p>\n\n\n\n<p>Bas\u0131n \u00f6zg\u00fcrl\u00fc\u011f\u00fc, inan\u00e7lar\u0131 tahkir etmenin arac\u0131 olamaz. D\u00fcn Yahudilere bug\u00fcnse M\u00fcsl\u00fcmanlara y\u00f6nelen bu nefret dalgas\u0131n\u0131n Fransa\u2019n\u0131n sahip oldu\u011funu iddia etti\u011fi de\u011ferleri yok etmesinden \u00f6nce harekete ge\u00e7mek zorundas\u0131n\u0131z. Recep Tayyip Erdo\u011fan\u2019a y\u00f6neltilen hakaretin as\u0131l hedefinin kim oldu\u011funu hepimiz biliyoruz. As\u0131l hedef \u0130slam\u2019d\u0131r. Buna \u00e7irkin nefret s\u00f6ylemine direnme sorumlulu\u011fu Fransa\u2019n\u0131n&nbsp; h\u0131rstan g\u00f6z\u00fc d\u00f6nm\u00fc\u015f siyaset\u00e7ilerine b\u0131rak\u0131lmayacak kadar de\u011ferlidir. Bu sorumluluk insanl\u0131k onurunu ayaklar alt\u0131na almayacak, insanlar\u0131 dini inan\u00e7lar\u0131na g\u00f6re s\u0131n\u0131fland\u0131rmayacak, ayr\u0131mc\u0131l\u0131k g\u00fctmeyecek t\u00fcm Frans\u0131zlar\u2019\u0131n omuzlar\u0131nda y\u00fckselmelidir.<\/p>\n\n\n\n<p>Bu tarihi g\u00fcnde sessiz kalan ve nefretin yay\u0131lmas\u0131na arac\u0131l\u0131k eden herkesi su\u00e7un orta\u011f\u0131 olmakla itham ediyorum.<\/p>\n","protected":false},"excerpt":{"rendered":"<p>\u0130leti\u015fim Ba\u015fkan\u0131 Fahrettin Altun Fransa&#8217;ya \u00f6yle bir gol att\u0131 ki&#8230; Cumhurba\u015fkanl\u0131\u011f\u0131 \u0130leti\u015fim Ba\u015fkan\u0131 Fahrettin Altun, Frans\u0131z yazar Emile Zola\u2019n\u0131n 122 y\u0131l \u00f6nce zaman\u0131n Frans\u0131z Cumhurba\u015fkan\u0131na yazd\u0131\u011f\u0131 ve Fransa\u2019n\u0131n \u201c\u00f6zg\u00fcrl\u00fck, e\u015fitlik ve karde\u015flik\u201d s\u00f6ylemindeki \u00e7ifte standard\u0131 ortaya koyan \u201c\u0130tham ediyorum!\u201d ba\u015fl\u0131kl\u0131 me\u015fhur mektubun g\u00fcn\u00fcm\u00fcze uyarlanm\u0131\u015f bir versiyonunu payla\u015farak, Fransa\u2019n\u0131n bug\u00fcnk\u00fc \u0131rk\u00e7\u0131, \u0130slamofobik ve Cumhurba\u015fkan\u0131 Erdo\u011fan kar\u015f\u0131t\u0131 &hellip;<\/p>\n","protected":false},"author":1,"featured_media":0,"comment_status":"open","ping_status":"open","sticky":false,"template":"","format":"standard","meta":[],"categories":[1],"tags":[],"_links":{"self":[{"href":"http:\/\/www.habertelgraf.com\/index.php?rest_route=\/wp\/v2\/posts\/443"}],"collection":[{"href":"http:\/\/www.habertelgraf.com\/index.php?rest_route=\/wp\/v2\/posts"}],"about":[{"href":"http:\/\/www.habertelgraf.com\/index.php?rest_route=\/wp\/v2\/types\/post"}],"author":[{"embeddable":true,"href":"http:\/\/www.habertelgraf.com\/index.php?rest_route=\/wp\/v2\/users\/1"}],"replies":[{"embeddable":true,"href":"http:\/\/www.habertelgraf.com\/index.php?rest_route=%2Fwp%2Fv2%2Fcomments&post=443"}],"version-history":[{"count":2,"href":"http:\/\/www.habertelgraf.com\/index.php?rest_route=\/wp\/v2\/posts\/443\/revisions"}],"predecessor-version":[{"id":445,"href":"http:\/\/www.habertelgraf.com\/index.php?rest_route=\/wp\/v2\/posts\/443\/revisions\/445"}],"wp:attachment":[{"href":"http:\/\/www.habertelgraf.com\/index.php?rest_route=%2Fwp%2Fv2%2Fmedia&parent=443"}],"wp:term":[{"taxonomy":"category","embeddable":true,"href":"http:\/\/www.habertelgraf.com\/index.php?rest_route=%2Fwp%2Fv2%2Fcategories&post=443"},{"taxonomy":"post_tag","embeddable":true,"href":"http:\/\/www.habertelgraf.com\/index.php?rest_route=%2Fwp%2Fv2%2Ftags&post=443"}],"curies":[{"name":"wp","href":"https:\/\/api.w.org\/{rel}","templated":true}]}}