{"id":447,"date":"2020-10-28T22:03:11","date_gmt":"2020-10-28T19:03:11","guid":{"rendered":"http:\/\/www.habertelgraf.com\/?p=447"},"modified":"2020-10-28T22:03:12","modified_gmt":"2020-10-28T19:03:12","slug":"120-lik-menica-nineye-gecmis-olsun-telefonu","status":"publish","type":"post","link":"http:\/\/www.habertelgraf.com\/?p=447","title":{"rendered":"120 lik Menica nineye ge\u00e7mi\u015f olsun telefonu"},"content":{"rendered":"\n<p>Cumhurba\u015fkan\u0131 Recep Tayyip Erdo\u011fan, \u015e\u0131rnak&#8217;ta yeni tip koronavir\u00fcs\u00fc atlatan 120 ya\u015f\u0131ndaki Menica Enc\u00fc ile g\u00f6r\u00fcnt\u00fcl\u00fc bir telefon g\u00f6r\u00fc\u015fmesi ger\u00e7ekle\u015ftirdi.<\/p>\n\n\n\n<p>Cumhurba\u015fkan\u0131 Erdo\u011fan, g\u00f6r\u00fc\u015fmede, Menica Enc\u00fc\u2019ye ge\u00e7mi\u015f olsun dileklerini iletti, onun ve ailesinin Mevlid Kandilini tebrik etti.<\/p>\n\n\n\n<p>Menica Enc\u00fc\u2019n\u00fcn aile bireylerinin de kat\u0131ld\u0131\u011f\u0131 g\u00f6r\u00fc\u015fmede Cumhurba\u015fkan\u0131 Erdo\u011fan, \u201cMenica teyze ge\u00e7mi\u015f olsun. Mevlid gecen m\u00fcbarek olsun. Rabbim sa\u011fl\u0131k, s\u0131hhat, afiyetler versin. Bu gecenin h\u00fcrmetine in\u015fallah Rabbim \u015fifalar versin.\u201d dedi.<\/p>\n\n\n\n<p>Menica Enc\u00fc\u2019n\u00fcn sa\u011fl\u0131k durumu hakk\u0131nda aile \u00fcyelerinden bilgi alan Cumhurba\u015fkan\u0131 Erdo\u011fan, \u201cRabbim in\u015fallah Menica teyzemizi b\u00fct\u00fcn aileye ba\u011f\u0131\u015flas\u0131n. Rabbim dualar\u0131n\u0131z\u0131 kabul buyursun. B\u00fct\u00fcn aileye selamlar, sevgiler, sayg\u0131lar. Menica teyzenin ellerinden \u00f6p\u00fcyorum.\u201d ifadelerini kulland\u0131.<\/p>\n\n\n\n<p>Menica Enc\u00fc ise Cumhurba\u015fkan\u0131 Erdo\u011fan i\u00e7in \u201cAllah sizden raz\u0131 olsun. Allah size uzun \u00f6m\u00fcrler versin. Allah size g\u00fc\u00e7 kuvvet versin. Allah devletimize zeval vermesin\u201d diyerek dua etti.<\/p>\n","protected":false},"excerpt":{"rendered":"<p>Cumhurba\u015fkan\u0131 Recep Tayyip Erdo\u011fan, \u015e\u0131rnak&#8217;ta yeni tip koronavir\u00fcs\u00fc atlatan 120 ya\u015f\u0131ndaki Menica Enc\u00fc ile g\u00f6r\u00fcnt\u00fcl\u00fc bir telefon g\u00f6r\u00fc\u015fmesi ger\u00e7ekle\u015ftirdi. Cumhurba\u015fkan\u0131 Erdo\u011fan, g\u00f6r\u00fc\u015fmede, Menica Enc\u00fc\u2019ye ge\u00e7mi\u015f olsun dileklerini iletti, onun ve ailesinin Mevlid Kandilini tebrik etti. Menica Enc\u00fc\u2019n\u00fcn aile bireylerinin de kat\u0131ld\u0131\u011f\u0131 g\u00f6r\u00fc\u015fmede Cumhurba\u015fkan\u0131 Erdo\u011fan, \u201cMenica teyze ge\u00e7mi\u015f olsun. Mevlid gecen m\u00fcbarek olsun. Rabbim sa\u011fl\u0131k, s\u0131hhat, &hellip;<\/p>\n","protected":false},"author":1,"featured_media":61,"comment_status":"open","ping_status":"open","sticky":false,"template":"","format":"standard","meta":[],"categories":[5],"tags":[],"_links":{"self":[{"href":"http:\/\/www.habertelgraf.com\/index.php?rest_route=\/wp\/v2\/posts\/447"}],"collection":[{"href":"http:\/\/www.habertelgraf.com\/index.php?rest_route=\/wp\/v2\/posts"}],"about":[{"href":"http:\/\/www.habertelgraf.com\/index.php?rest_route=\/wp\/v2\/types\/post"}],"author":[{"embeddable":true,"href":"http:\/\/www.habertelgraf.com\/index.php?rest_route=\/wp\/v2\/users\/1"}],"replies":[{"embeddable":true,"href":"http:\/\/www.habertelgraf.com\/index.php?rest_route=%2Fwp%2Fv2%2Fcomments&post=447"}],"version-history":[{"count":1,"href":"http:\/\/www.habertelgraf.com\/index.php?rest_route=\/wp\/v2\/posts\/447\/revisions"}],"predecessor-version":[{"id":448,"href":"http:\/\/www.habertelgraf.com\/index.php?rest_route=\/wp\/v2\/posts\/447\/revisions\/448"}],"wp:featuredmedia":[{"embeddable":true,"href":"http:\/\/www.habertelgraf.com\/index.php?rest_route=\/wp\/v2\/media\/61"}],"wp:attachment":[{"href":"http:\/\/www.habertelgraf.com\/index.php?rest_route=%2Fwp%2Fv2%2Fmedia&parent=447"}],"wp:term":[{"taxonomy":"category","embeddable":true,"href":"http:\/\/www.habertelgraf.com\/index.php?rest_route=%2Fwp%2Fv2%2Fcategories&post=447"},{"taxonomy":"post_tag","embeddable":true,"href":"http:\/\/www.habertelgraf.com\/index.php?rest_route=%2Fwp%2Fv2%2Ftags&post=447"}],"curies":[{"name":"wp","href":"https:\/\/api.w.org\/{rel}","templated":true}]}}