{"id":449,"date":"2020-10-28T22:09:41","date_gmt":"2020-10-28T19:09:41","guid":{"rendered":"http:\/\/www.habertelgraf.com\/?p=449"},"modified":"2020-10-28T22:09:44","modified_gmt":"2020-10-28T19:09:44","slug":"icisleri-bakanligi-sozcusunu-cileden-cikaran-sozler","status":"publish","type":"post","link":"http:\/\/www.habertelgraf.com\/?p=449","title":{"rendered":"\u0130\u00e7i\u015fleri Bakanl\u0131\u011f\u0131 s\u00f6zc\u00fcs\u00fcn\u00fc \u00e7ileden \u00e7\u0131karan s\u00f6zler"},"content":{"rendered":"\n<p>TELE 1 televizyonunda yine bir skandala imza at\u0131ld\u0131<\/p>\n\n\n\n<p>Sunucu cemevlerinde polislerin k\u00fc\u00e7\u00fck abdestlerini yapt\u0131klar\u0131n\u0131 iddia etti.<\/p>\n\n\n\n<p>\u0130\u00e7i\u015fleri Bakanl\u0131\u011f\u0131 s\u00f6zc\u00fcs\u00fc \u0130smail \u00c7atakl\u0131 sosyal medya hesab\u0131 twitter dan olaya tepki g\u00f6sterdi.<\/p>\n\n\n\n<p>\u00c7atakl\u0131 \u015funlar\u0131 kaydetti.<\/p>\n\n\n\n<p>&#8220;Bu m\u00fcbarek gecede a\u015fa\u011f\u0131daki iftiray\u0131 atan malum Tele1 adl\u0131 TV kanal\u0131n\u0131 ve bu rezil program\u0131n sunucusunu \u00f6nce Allah\u2019a, sonra Y\u00fcce Milletimize havale ediyoruz. <\/p>\n\n\n\n<p><\/p>\n\n\n\n<p>Sadece ter\u00f6rle, h\u0131rs\u0131zla, u\u011fursuzla u\u011fra\u015fm\u0131yoruz, ayn\u0131 zamanda i\u00e7imizdeki FRANSIZLARLA da u\u011fra\u015f\u0131yoruz.&#8221;<\/p>\n\n\n\n<p><\/p>\n\n\n\n<figure class=\"wp-block-embed-twitter wp-block-embed is-type-rich is-provider-twitter\"><div class=\"wp-block-embed__wrapper\">\n<blockquote class=\"twitter-tweet\" data-width=\"550\" data-dnt=\"true\"><p lang=\"tr\" dir=\"ltr\">Bu m\u00fcbarek gecede a\u015fa\u011f\u0131daki iftiray\u0131 atan malum Tele1 adl\u0131 TV kanal\u0131n\u0131 ve bu rezil program\u0131n sunucusunu \u00f6nce Allah\u2019a, sonra Y\u00fcce Milletimize havale ediyoruz.<br><br>Sadece ter\u00f6rle, h\u0131rs\u0131zla, u\u011fursuzla u\u011fra\u015fm\u0131yoruz, ayn\u0131 zamanda i\u00e7imizdeki FRANSIZLARLA da u\u011fra\u015f\u0131yoruz. <a href=\"https:\/\/t.co\/mvN5l4yGOg\">pic.twitter.com\/mvN5l4yGOg<\/a><\/p>&mdash; \u0130smail \u00c7ATAKLI (@ismailcatakli) <a href=\"https:\/\/twitter.com\/ismailcatakli\/status\/1321508474136702979?ref_src=twsrc%5Etfw\">October 28, 2020<\/a><\/blockquote><script async src=\"https:\/\/platform.twitter.com\/widgets.js\" charset=\"utf-8\"><\/script>\n<\/div><\/figure>\n","protected":false},"excerpt":{"rendered":"<p>TELE 1 televizyonunda yine bir skandala imza at\u0131ld\u0131 Sunucu cemevlerinde polislerin k\u00fc\u00e7\u00fck abdestlerini yapt\u0131klar\u0131n\u0131 iddia etti. \u0130\u00e7i\u015fleri Bakanl\u0131\u011f\u0131 s\u00f6zc\u00fcs\u00fc \u0130smail \u00c7atakl\u0131 sosyal medya hesab\u0131 twitter dan olaya tepki g\u00f6sterdi. \u00c7atakl\u0131 \u015funlar\u0131 kaydetti. &#8220;Bu m\u00fcbarek gecede a\u015fa\u011f\u0131daki iftiray\u0131 atan malum Tele1 adl\u0131 TV kanal\u0131n\u0131 ve bu rezil program\u0131n sunucusunu \u00f6nce Allah\u2019a, sonra Y\u00fcce Milletimize havale ediyoruz. &hellip;<\/p>\n","protected":false},"author":1,"featured_media":0,"comment_status":"open","ping_status":"open","sticky":false,"template":"","format":"standard","meta":[],"categories":[2],"tags":[],"_links":{"self":[{"href":"http:\/\/www.habertelgraf.com\/index.php?rest_route=\/wp\/v2\/posts\/449"}],"collection":[{"href":"http:\/\/www.habertelgraf.com\/index.php?rest_route=\/wp\/v2\/posts"}],"about":[{"href":"http:\/\/www.habertelgraf.com\/index.php?rest_route=\/wp\/v2\/types\/post"}],"author":[{"embeddable":true,"href":"http:\/\/www.habertelgraf.com\/index.php?rest_route=\/wp\/v2\/users\/1"}],"replies":[{"embeddable":true,"href":"http:\/\/www.habertelgraf.com\/index.php?rest_route=%2Fwp%2Fv2%2Fcomments&post=449"}],"version-history":[{"count":1,"href":"http:\/\/www.habertelgraf.com\/index.php?rest_route=\/wp\/v2\/posts\/449\/revisions"}],"predecessor-version":[{"id":450,"href":"http:\/\/www.habertelgraf.com\/index.php?rest_route=\/wp\/v2\/posts\/449\/revisions\/450"}],"wp:attachment":[{"href":"http:\/\/www.habertelgraf.com\/index.php?rest_route=%2Fwp%2Fv2%2Fmedia&parent=449"}],"wp:term":[{"taxonomy":"category","embeddable":true,"href":"http:\/\/www.habertelgraf.com\/index.php?rest_route=%2Fwp%2Fv2%2Fcategories&post=449"},{"taxonomy":"post_tag","embeddable":true,"href":"http:\/\/www.habertelgraf.com\/index.php?rest_route=%2Fwp%2Fv2%2Ftags&post=449"}],"curies":[{"name":"wp","href":"https:\/\/api.w.org\/{rel}","templated":true}]}}