{"id":451,"date":"2020-10-30T09:35:23","date_gmt":"2020-10-30T06:35:23","guid":{"rendered":"http:\/\/www.habertelgraf.com\/?p=451"},"modified":"2020-10-30T09:39:38","modified_gmt":"2020-10-30T06:39:38","slug":"451","status":"publish","type":"post","link":"http:\/\/www.habertelgraf.com\/?p=451","title":{"rendered":"29 Ekim Cumhuriyet Bayram\u0131na muhte\u015fem kutlama"},"content":{"rendered":"\n<p><\/p>\n\n\n\n<p>\u0130leti\u015fim Ba\u015fkanl\u0131\u011f\u0131 15 Temmuz ve 30 A\u011fustos\u2019un ard\u0131ndan 29 Ekim Cumhuriyet Bayram\u0131 kutlamalar\u0131nda da \u00e7\u0131tay\u0131 y\u00fckseltmeye devam etti. CSO konseri e\u015fli\u011finde muhte\u015fem bir mapping g\u00f6sterisi d\u00fczenlendi..<\/p>\n\n\n\n<p>\u0130leti\u015fim Ba\u015fkanl\u0131\u011f\u0131 taraf\u0131ndan y\u00fcr\u00fct\u00fclen 29 Ekim Cumhuriyet Bayram\u0131 etkinlikleri Cumhurba\u015fkanl\u0131\u011f\u0131 Senfoni Orkestras\u0131 taraf\u0131ndan okunan \u0130stiklal Mar\u015f\u0131 ile ba\u015flad\u0131.<\/p>\n\n\n\n<p>Zaferlerimizi \u0131\u015f\u0131klarla \u00f6nce g\u00f6klere, sonra denizlere yazan \u0130leti\u015fim Ba\u015fkanl\u0131\u011f\u0131 , Cumhuriyet Bayram\u0131 sevincimizi ise sualt\u0131nda ger\u00e7ekle\u015ftirilen \u0131\u015f\u0131k \u015fovuyla kutlad\u0131.<\/p>\n\n\n\n<p><\/p>\n\n\n\n<p><a href=\"https:\/\/www.facebook.com\/habertelgraf\/photos\/pcb.3593664227360593\/3593660854027597\/\">https:\/\/www.facebook.com\/habertelgraf\/photos\/pcb.3593664227360593\/3593660854027597\/<\/a><\/p>\n\n\n\n<p><\/p>\n\n\n\n<p><\/p>\n\n\n\n<p><a href=\"https:\/\/www.instagram.com\/p\/CG9SJQDKHto\/\">https:\/\/www.instagram.com\/p\/CG9SJQDKHto\/<\/a><\/p>\n\n\n\n<p>g\u00f6rsellere bu adresten ula\u015fabilirsiniz<\/p>\n\n\n\n<p><\/p>\n\n\n\n<p>\u0130leti\u015fim Ba\u015fkanl\u0131\u011f\u0131 taraf\u0131ndan d\u00fczenlenen Cumhuriyet Bayram\u0131 etkinlikleri kapsam\u0131nda Cumhurba\u015fkanl\u0131\u011f\u0131 Senfoni Orkestras\u0131 taraf\u0131ndan Antalya&#8217;daki Patara Antik Kenti meclis binas\u0131nda &#8216;B\u00fcy\u00fck Cumhuriyet Konseri&#8217; d\u00fczenlendi.<\/p>\n\n\n\n<p><\/p>\n\n\n\n<p>\u0130leti\u015fim Ba\u015fkanl\u0131\u011f\u0131<\/p>\n\n\n\n<p>\u25aa 30 A\u011fustos\u2019ta B\u00fcy\u00fck Zaferi 300 \u0130HA ile g\u00f6klere yazd\u0131<br>\u25aa Preveze Deniz Zaferi\u2019ni Hali\u00e7\u2019te hologramla canland\u0131rd\u0131<br>\u25aa Cumhuriyet sevincimizi ise sualt\u0131nda bir hazine gibi parlatt\u0131<\/p>\n","protected":false},"excerpt":{"rendered":"<p>\u0130leti\u015fim Ba\u015fkanl\u0131\u011f\u0131 15 Temmuz ve 30 A\u011fustos\u2019un ard\u0131ndan 29 Ekim Cumhuriyet Bayram\u0131 kutlamalar\u0131nda da \u00e7\u0131tay\u0131 y\u00fckseltmeye devam etti. CSO konseri e\u015fli\u011finde muhte\u015fem bir mapping g\u00f6sterisi d\u00fczenlendi.. \u0130leti\u015fim Ba\u015fkanl\u0131\u011f\u0131 taraf\u0131ndan y\u00fcr\u00fct\u00fclen 29 Ekim Cumhuriyet Bayram\u0131 etkinlikleri Cumhurba\u015fkanl\u0131\u011f\u0131 Senfoni Orkestras\u0131 taraf\u0131ndan okunan \u0130stiklal Mar\u015f\u0131 ile ba\u015flad\u0131. Zaferlerimizi \u0131\u015f\u0131klarla \u00f6nce g\u00f6klere, sonra denizlere yazan \u0130leti\u015fim Ba\u015fkanl\u0131\u011f\u0131 , Cumhuriyet &hellip;<\/p>\n","protected":false},"author":1,"featured_media":0,"comment_status":"open","ping_status":"open","sticky":false,"template":"","format":"standard","meta":[],"categories":[1,5],"tags":[],"_links":{"self":[{"href":"http:\/\/www.habertelgraf.com\/index.php?rest_route=\/wp\/v2\/posts\/451"}],"collection":[{"href":"http:\/\/www.habertelgraf.com\/index.php?rest_route=\/wp\/v2\/posts"}],"about":[{"href":"http:\/\/www.habertelgraf.com\/index.php?rest_route=\/wp\/v2\/types\/post"}],"author":[{"embeddable":true,"href":"http:\/\/www.habertelgraf.com\/index.php?rest_route=\/wp\/v2\/users\/1"}],"replies":[{"embeddable":true,"href":"http:\/\/www.habertelgraf.com\/index.php?rest_route=%2Fwp%2Fv2%2Fcomments&post=451"}],"version-history":[{"count":5,"href":"http:\/\/www.habertelgraf.com\/index.php?rest_route=\/wp\/v2\/posts\/451\/revisions"}],"predecessor-version":[{"id":457,"href":"http:\/\/www.habertelgraf.com\/index.php?rest_route=\/wp\/v2\/posts\/451\/revisions\/457"}],"wp:attachment":[{"href":"http:\/\/www.habertelgraf.com\/index.php?rest_route=%2Fwp%2Fv2%2Fmedia&parent=451"}],"wp:term":[{"taxonomy":"category","embeddable":true,"href":"http:\/\/www.habertelgraf.com\/index.php?rest_route=%2Fwp%2Fv2%2Fcategories&post=451"},{"taxonomy":"post_tag","embeddable":true,"href":"http:\/\/www.habertelgraf.com\/index.php?rest_route=%2Fwp%2Fv2%2Ftags&post=451"}],"curies":[{"name":"wp","href":"https:\/\/api.w.org\/{rel}","templated":true}]}}