{"id":458,"date":"2020-10-30T21:35:48","date_gmt":"2020-10-30T18:35:48","guid":{"rendered":"http:\/\/www.habertelgraf.com\/?p=458"},"modified":"2020-10-30T21:35:49","modified_gmt":"2020-10-30T18:35:49","slug":"busenin-inanilmaz-kurtulusu","status":"publish","type":"post","link":"http:\/\/www.habertelgraf.com\/?p=458","title":{"rendered":"Buse&#8217;nin inan\u0131lmaz kurtulu\u015fu"},"content":{"rendered":"\n<p class=\"has-medium-font-size\">\u201cSiz k\u00f6pekleri sal\u0131n ben kedi sesi \u00e7\u0131karay\u0131m\u201d<\/p>\n\n\n\n<p>\u0130zmir&#8217;deki depremin ard\u0131ndan enkaz alt\u0131ndan \u00e7\u0131kar\u0131lan minik Buse t\u00fcm T\u00fcrkiye&#8217;yi g\u00f6z ya\u015flar\u0131na bo\u011fdu.<\/p>\n\n\n\n<p>Enkaz alt\u0131nda telefonla ula\u015f\u0131lan Buse \u201cSiz k\u00f6pekleri sal\u0131n ben kedi sesi \u00e7\u0131karay\u0131m\u201d s\u00f6zleriyle herkesi a\u011flatt\u0131.<\/p>\n\n\n\n<p>K\u00f6pekler ger\u00e7ekten sal\u0131nd\u0131. Buse enkaz alt\u0131ndan \u00e7\u0131kar\u0131ld\u0131.<\/p>\n\n\n\n<p>Bu durum ise herkesi sevince bo\u011fdu. Buse&#8217;nin s\u00f6zleri olay oldu.<\/p>\n\n\n\n<p>i\u015fte o anlar\u2026<\/p>\n\n\n\n<figure class=\"wp-block-embed-twitter wp-block-embed is-type-rich is-provider-twitter\"><div class=\"wp-block-embed__wrapper\">\n<blockquote class=\"twitter-tweet\" data-width=\"550\" data-dnt=\"true\"><p lang=\"und\" dir=\"ltr\"><a href=\"https:\/\/t.co\/oxZkyq7Da3\">pic.twitter.com\/oxZkyq7Da3<\/a><\/p>&mdash; Gala (@GalaFansMedia) <a href=\"https:\/\/twitter.com\/GalaFansMedia\/status\/1322211273594019841?ref_src=twsrc%5Etfw\">October 30, 2020<\/a><\/blockquote><script async src=\"https:\/\/platform.twitter.com\/widgets.js\" charset=\"utf-8\"><\/script>\n<\/div><\/figure>\n","protected":false},"excerpt":{"rendered":"<p>\u201cSiz k\u00f6pekleri sal\u0131n ben kedi sesi \u00e7\u0131karay\u0131m\u201d \u0130zmir&#8217;deki depremin ard\u0131ndan enkaz alt\u0131ndan \u00e7\u0131kar\u0131lan minik Buse t\u00fcm T\u00fcrkiye&#8217;yi g\u00f6z ya\u015flar\u0131na bo\u011fdu. Enkaz alt\u0131nda telefonla ula\u015f\u0131lan Buse \u201cSiz k\u00f6pekleri sal\u0131n ben kedi sesi \u00e7\u0131karay\u0131m\u201d s\u00f6zleriyle herkesi a\u011flatt\u0131. K\u00f6pekler ger\u00e7ekten sal\u0131nd\u0131. Buse enkaz alt\u0131ndan \u00e7\u0131kar\u0131ld\u0131. Bu durum ise herkesi sevince bo\u011fdu. Buse&#8217;nin s\u00f6zleri olay oldu. i\u015fte o anlar\u2026<\/p>\n","protected":false},"author":1,"featured_media":0,"comment_status":"open","ping_status":"open","sticky":false,"template":"","format":"standard","meta":[],"categories":[5],"tags":[],"_links":{"self":[{"href":"http:\/\/www.habertelgraf.com\/index.php?rest_route=\/wp\/v2\/posts\/458"}],"collection":[{"href":"http:\/\/www.habertelgraf.com\/index.php?rest_route=\/wp\/v2\/posts"}],"about":[{"href":"http:\/\/www.habertelgraf.com\/index.php?rest_route=\/wp\/v2\/types\/post"}],"author":[{"embeddable":true,"href":"http:\/\/www.habertelgraf.com\/index.php?rest_route=\/wp\/v2\/users\/1"}],"replies":[{"embeddable":true,"href":"http:\/\/www.habertelgraf.com\/index.php?rest_route=%2Fwp%2Fv2%2Fcomments&post=458"}],"version-history":[{"count":1,"href":"http:\/\/www.habertelgraf.com\/index.php?rest_route=\/wp\/v2\/posts\/458\/revisions"}],"predecessor-version":[{"id":459,"href":"http:\/\/www.habertelgraf.com\/index.php?rest_route=\/wp\/v2\/posts\/458\/revisions\/459"}],"wp:attachment":[{"href":"http:\/\/www.habertelgraf.com\/index.php?rest_route=%2Fwp%2Fv2%2Fmedia&parent=458"}],"wp:term":[{"taxonomy":"category","embeddable":true,"href":"http:\/\/www.habertelgraf.com\/index.php?rest_route=%2Fwp%2Fv2%2Fcategories&post=458"},{"taxonomy":"post_tag","embeddable":true,"href":"http:\/\/www.habertelgraf.com\/index.php?rest_route=%2Fwp%2Fv2%2Ftags&post=458"}],"curies":[{"name":"wp","href":"https:\/\/api.w.org\/{rel}","templated":true}]}}