{"id":460,"date":"2020-10-30T21:50:03","date_gmt":"2020-10-30T18:50:03","guid":{"rendered":"http:\/\/www.habertelgraf.com\/?p=460"},"modified":"2020-10-30T21:50:04","modified_gmt":"2020-10-30T18:50:04","slug":"deprem-turkiyeyi-birbirine-kenetledi","status":"publish","type":"post","link":"http:\/\/www.habertelgraf.com\/?p=460","title":{"rendered":"Deprem T\u00fcrkiye&#8217;yi birbirine kenetledi"},"content":{"rendered":"\n<p>Hem d\u00fcnyadan hem T\u00fcrkiye&#8217;den depremle ilgili destek mesajlar\u0131 ya\u011fd\u0131. <\/p>\n\n\n\n<p>\u0130zmir Seferihisar merkezli 6.9 b\u00fcy\u00fckl\u00fc\u011f\u00fcnde deprem meydana geldi. <\/p>\n\n\n\n<p>Depremin ard\u0131ndan d\u00fcnyadan destek mesaj gelmeye ba\u015flad\u0131. <\/p>\n\n\n\n<p>Azerbaycan Cumhurba\u015fkan\u0131 \u0130lham Aliyev, Cumhurba\u015fkan\u0131 Recep Tayyip Erdo\u011fan&#8217;\u0131 telefonla arayarak \u0130zmir&#8217;in Seferihisar il\u00e7esi a\u00e7\u0131klar\u0131nda meydana gelen deprem dolay\u0131s\u0131yla yard\u0131ma haz\u0131r olduklar\u0131n\u0131 s\u00f6yledi. <\/p>\n\n\n\n<p><strong>ERDO\u011eAN M\u0130\u00c7OTAK\u0130S&#8217;LE G\u00d6R\u00dc\u015eT\u00dc<\/strong><\/p>\n\n\n\n<p>T\u00fcrkiye Cumhurba\u015fkan\u0131 Recep Tayyip Erdo\u011fan, Yunanistan Ba\u015fbakan\u0131 Kiriakos Mi\u00e7otakis ile bir telefon g\u00f6r\u00fc\u015fmesi ger\u00e7ekle\u015ftirdi.<\/p>\n\n\n\n<p>Yunanistan Ba\u015fbakan\u0131 Mi\u00e7otakis, \u0130zmir ve baz\u0131 Yunan adalar\u0131n\u0131 etkileyen deprem dolay\u0131s\u0131yla Cumhurba\u015fkan\u0131 Erdo\u011fan&#8217;\u0131 telefonla arad\u0131.<\/p>\n\n\n\n<p>Cumhurba\u015fkan\u0131 Erdo\u011fan ve Mi\u00e7otakis g\u00f6r\u00fc\u015fmede, kar\u015f\u0131l\u0131kl\u0131 olarak ge\u00e7mi\u015f olsun dileklerini iletti.<\/p>\n\n\n\n<p>Erdo\u011fan, gerek duyulmas\u0131 halinde Yunanistan&#8217;a yard\u0131m etmeye haz\u0131r olduklar\u0131n\u0131 ifade etti.<br><br>D\u0131\u015fi\u015fleri Bakanl\u0131\u011f\u0131&#8217;nca, Yunanistan D\u0131\u015fi\u015fleri Bakan\u0131 Nikos Dendias&#8217;\u0131n, D\u0131\u015fi\u015fleri Bakan\u0131 Mevl\u00fct \u00c7avu\u015fo\u011flu&#8217;nu arayarak \u0130zmir&#8217;deki deprem nedeniyle &#8216;ge\u00e7mi\u015f olsun&#8217; dile\u011finde bulundu\u011funu bildirildi.<\/p>\n\n\n\n<p><\/p>\n\n\n\n<p><br><br>Cumhurba\u015fkan\u0131 Erdo\u011fan, \u0130stanbul\u2019da<em><strong>\u00a0&#8216;T\u00fcrk Konseyi Sa\u011fl\u0131k Bilim Kurulu Toplant\u0131s\u0131\u2019nda\u00a0 yapt\u0131\u011f\u0131 a\u00e7\u0131klamada, &#8216;Katar Devlet Ba\u015fkan\u0131 aram\u0131\u015f. Herhangi bir destek talebi gerekirse b\u00fct\u00fcn imkanlar\u0131m\u0131zla yan\u0131n\u0131zday\u0131z dediler, kendilerine te\u015fekk\u00fcr ettik.&#8221;<\/strong><\/em>\u00a0ifadelerini kulland\u0131.<br><br><br><br>Fransa i\u00e7i\u015fleri Bakan\u0131 Gerald Darmanin yapt\u0131\u011f\u0131 a\u00e7\u0131klamada, &#8220;Acil yard\u0131m g\u00f6nderilebiliriz, T\u00fcrkiye ve Yunanistan&#8217;\u0131n yan\u0131nday\u0131z&#8221; dedi.<br><br><\/p>\n\n\n\n<p>Avrupa Birli\u011fi (AB) Konseyi Ba\u015fkan\u0131 Charles Michel, Ege Denizi&#8217;ndeki deprem sonras\u0131 geli\u015fmeleri izlediklerini, yard\u0131ma haz\u0131r olduklar\u0131n\u0131 bildirdi.<\/p>\n\n\n\n<p>NATO Genel Sekreteri Jens Stoltenberg de deprem sonras\u0131 destek mesaj\u0131 g\u00f6nderen isimler aras\u0131nda yerini ald\u0131.<\/p>\n\n\n\n<p><br>Kosova Cumhurba\u015fkan\u0131 Hashim Tha\u00e7i, T\u00fcrkiye\u2019de meydana gelen depremin ard\u0131ndan sosyal medya hesab\u0131 \u00fczerinden yapt\u0131\u011f\u0131 a\u00e7\u0131klamada, \u201cKosova, bu zor d\u00f6nemde T\u00fcrkiye halk\u0131n\u0131n ve h\u00fck\u00fcmetinin yan\u0131ndad\u0131r\u201d dedi.<\/p>\n\n\n\n<p>Pakistan D\u0131\u015fi\u015fleri Bakanl\u0131\u011f\u0131ndan yap\u0131lan a\u00e7\u0131klamada, Pakistan halk\u0131n\u0131n T\u00fcrk karde\u015fleriyle g\u00fc\u00e7l\u00fc dayan\u0131\u015fma i\u00e7erisinde bulundu\u011fu ve dualar\u0131n\u0131n T\u00fcrkiye ile birlikte oldu\u011fu kaydedildi.<\/p>\n\n\n\n<p>Ukrayna Devlet Ba\u015fkan\u0131 Vladimir Zelenskiy, \u0130zmir&#8217;de meydana gelen depremle ilgili olarak ge\u00e7mi\u015f olsun dileklerini iletti.<\/p>\n\n\n\n<p><\/p>\n\n\n\n<p>T\u00dcRK\u0130YE KENETLEND\u0130<\/p>\n\n\n\n<p><\/p>\n\n\n\n<p>K\u0131z\u0131lay Ba\u015fkan\u0131 Kerem K\u0131n\u0131k <\/p>\n\n\n\n<p>&#8220;\u0130lk 6 saat arama kurtarma i\u00e7in alt\u0131n saatler L\u00fctfen arama kurtarma yap\u0131lan binalar\u0131n \u00e7evresini bo\u015faltal\u0131m,mutlak sessizli\u011fin sa\u011flanmas\u0131 gereken anlar olacak <\/p>\n\n\n\n<p>Mutlaka yak\u0131nlar\u0131m\u0131z i\u00e7in tedirginiz ama arama kurtarma ekiplerinin rahat \u00e7al\u0131\u015fabilece\u011fi bir ortam olu\u015fturmak \u00e7ok \u00f6nemli&#8221; dedi. Mesaj binlerce kez payla\u015f\u0131ld\u0131.<\/p>\n\n\n\n<p>T\u00dcGVA yurtlar\u0131n\u0131 a\u00e7t\u0131. <\/p>\n\n\n\n<p>Covid-19 nedeni ile bo\u015f olan T\u00dcGVA \u0130zmir Yurtlar\u0131m\u0131z\u0131n kap\u0131lar\u0131n\u0131 depremden etkilenen vatanda\u015flar\u0131m\u0131z\u0131n kullan\u0131m\u0131na sunmak \u00fczere a\u00e7\u0131yoruz. Afet koordinasyonla s\u00fcrekli irtibat halindeyiz. payla\u015f\u0131m\u0131 yap\u0131ld\u0131. <\/p>\n\n\n\n<p>Ak Parti grup ba\u015fkan vekili \u00d6zlem Zengin <\/p>\n\n\n\n<p>&#8220;\u0130zmir bizim Van Elaz\u0131\u011f Manisa bizim Tokat bizim. Memleketin hangi k\u00f6\u015fesinde bir ac\u0131 ya\u015fansa herbirimizin y\u00fcre\u011fi da\u011flan\u0131r. Aksini hisseden kendince ac\u0131dan kazan\u00e7 dev\u015firdi\u011fini zanneden, insanl\u0131\u011f\u0131n\u0131 merhametini vicdan\u0131n\u0131 yitirmi\u015ftir. Ne ac\u0131!&#8221; mesaj\u0131n\u0131 payla\u015ft\u0131. <\/p>\n\n\n\n<p><\/p>\n\n\n\n<p>A\u011fr\u0131 Belediye Ba\u015fkan\u0131 Savc\u0131 Sayan<\/p>\n\n\n\n<p>&#8220;Ge\u00e7mi\u015f olsun <a href=\"https:\/\/twitter.com\/hashtag\/%C4%B0zmir?src=hashtag_click\">#\u0130zmir<\/a> ihtiya\u00e7 duyulursa A\u011fr\u0131 olarak yan\u0131n\u0131zda olmaya, yard\u0131mc\u0131 olmaya haz\u0131r\u0131z&#8230; Sizi A\u011fr\u0131 kadar sevdi\u011fimizi unutmay\u0131n..&#8221; dedi.<\/p>\n\n\n\n<p><\/p>\n\n\n\n<p>Diyanet \u0130\u015fleri Ba\u015fkan\u0131 Ali Erba\u015f<\/p>\n\n\n\n<p>&#8220;\u0130zmir\u2019de ya\u015fanan deprem nedeniyle evlerine giremeyen vatanda\u015flar\u0131m\u0131z, arzu etmeleri halinde din g\u00f6revlilerimizin rehberli\u011finde uygun olan camilerimizde diledikleri kadar kalabilirler.&#8221; ifadesini kulland\u0131. <\/p>\n\n\n\n<p><\/p>\n\n\n\n<p>Azerbaycan&#8217;\u0131n me\u015fhur Tractor tak\u0131m\u0131 da \u015fu mesaj\u0131 payla\u015ft\u0131.<\/p>\n\n\n\n<p><\/p>\n\n\n\n<p>Tahminen bir y\u0131l \u00f6nce Elaz\u0131\u011f depreminde, Trakt\u00f6r taraftar\u0131 Tahran&#8217;da Azadi stad\u0131nda kendi dilda\u015flar\u0131na b\u00f6yle ba\u015f sa\u011fl\u0131\u011f\u0131 verdi. Bug\u00fcn ise \u0130zmir depremi i\u00e7inde \u00e7ok \u00fczg\u00fcn\u00fcz. \u00d6lenlere Allah&#8217;tan rahmet, kalanlara sab\u0131r ve ba\u015fsa\u011fl\u0131\u011f\u0131 diliyoruz.<\/p>\n","protected":false},"excerpt":{"rendered":"<p>Hem d\u00fcnyadan hem T\u00fcrkiye&#8217;den depremle ilgili destek mesajlar\u0131 ya\u011fd\u0131. \u0130zmir Seferihisar merkezli 6.9 b\u00fcy\u00fckl\u00fc\u011f\u00fcnde deprem meydana geldi. Depremin ard\u0131ndan d\u00fcnyadan destek mesaj gelmeye ba\u015flad\u0131. Azerbaycan Cumhurba\u015fkan\u0131 \u0130lham Aliyev, Cumhurba\u015fkan\u0131 Recep Tayyip Erdo\u011fan&#8217;\u0131 telefonla arayarak \u0130zmir&#8217;in Seferihisar il\u00e7esi a\u00e7\u0131klar\u0131nda meydana gelen deprem dolay\u0131s\u0131yla yard\u0131ma haz\u0131r olduklar\u0131n\u0131 s\u00f6yledi. ERDO\u011eAN M\u0130\u00c7OTAK\u0130S&#8217;LE G\u00d6R\u00dc\u015eT\u00dc T\u00fcrkiye Cumhurba\u015fkan\u0131 Recep Tayyip Erdo\u011fan, Yunanistan &hellip;<\/p>\n","protected":false},"author":1,"featured_media":0,"comment_status":"open","ping_status":"open","sticky":false,"template":"","format":"standard","meta":[],"categories":[5],"tags":[],"_links":{"self":[{"href":"http:\/\/www.habertelgraf.com\/index.php?rest_route=\/wp\/v2\/posts\/460"}],"collection":[{"href":"http:\/\/www.habertelgraf.com\/index.php?rest_route=\/wp\/v2\/posts"}],"about":[{"href":"http:\/\/www.habertelgraf.com\/index.php?rest_route=\/wp\/v2\/types\/post"}],"author":[{"embeddable":true,"href":"http:\/\/www.habertelgraf.com\/index.php?rest_route=\/wp\/v2\/users\/1"}],"replies":[{"embeddable":true,"href":"http:\/\/www.habertelgraf.com\/index.php?rest_route=%2Fwp%2Fv2%2Fcomments&post=460"}],"version-history":[{"count":1,"href":"http:\/\/www.habertelgraf.com\/index.php?rest_route=\/wp\/v2\/posts\/460\/revisions"}],"predecessor-version":[{"id":461,"href":"http:\/\/www.habertelgraf.com\/index.php?rest_route=\/wp\/v2\/posts\/460\/revisions\/461"}],"wp:attachment":[{"href":"http:\/\/www.habertelgraf.com\/index.php?rest_route=%2Fwp%2Fv2%2Fmedia&parent=460"}],"wp:term":[{"taxonomy":"category","embeddable":true,"href":"http:\/\/www.habertelgraf.com\/index.php?rest_route=%2Fwp%2Fv2%2Fcategories&post=460"},{"taxonomy":"post_tag","embeddable":true,"href":"http:\/\/www.habertelgraf.com\/index.php?rest_route=%2Fwp%2Fv2%2Ftags&post=460"}],"curies":[{"name":"wp","href":"https:\/\/api.w.org\/{rel}","templated":true}]}}