{"id":464,"date":"2020-10-31T22:37:54","date_gmt":"2020-10-31T19:37:54","guid":{"rendered":"http:\/\/www.habertelgraf.com\/?p=464"},"modified":"2020-10-31T22:37:55","modified_gmt":"2020-10-31T19:37:55","slug":"macronu-layik-oldugu-yere-koydular","status":"publish","type":"post","link":"http:\/\/www.habertelgraf.com\/?p=464","title":{"rendered":"Macron&#8217;u lay\u0131k oldu\u011fu yere koydular"},"content":{"rendered":"\n<p>Fransa&#8217;n\u0131n \u0130slam kar\u015f\u0131t\u0131 s\u00f6ylemleri t\u00fcm d\u00fcnyada ve \u00f6zellikle de T\u00fcrkiye&#8217;de tepki \u00e7ekmeye devam ediyor. <\/p>\n\n\n\n<p>\u0130stanbul Arnavutk\u00f6y konutlar\u0131nda da Macron&#8217;a tepki g\u00f6stermek isteyen site sakinleri Macron&#8217;un foto\u011fraf\u0131n\u0131 sosyal mesafeye uymak i\u00e7in uyar\u0131 yaz\u0131s\u0131 olarak yere koydular. <\/p>\n\n\n\n<figure class=\"wp-block-embed\"><div class=\"wp-block-embed__wrapper\">\nhttps:\/\/www.instagram.com\/p\/CHBQlD4KQ2V\/\n<\/div><\/figure>\n\n\n\n<p><\/p>\n\n\n\n<p><a href=\"https:\/\/www.instagram.com\/p\/CHBQlD4KQ2V\/\">https:\/\/www.instagram.com\/p\/CHBQlD4KQ2V\/<\/a><\/p>\n\n\n\n<p>g\u00f6rselleri linke t\u0131klayarak g\u00f6rebilirsiniz<\/p>\n\n\n\n<p><\/p>\n\n\n\n<p>Site sakinleri \u015fu mesaj\u0131 da payla\u015ft\u0131:<\/p>\n\n\n\n<p>&#8220;\u0130ki cihan serverimiz, \u00f6nderimiz , Sevgili Peygamberimiz Hz Muhammed A.S.&#8217;a hakaret i\u00e7erikli karikat\u00fcrleri Frans\u0131z devlet binalar\u0131n\u0131n d\u0131\u015f y\u00fcz\u00fcne yans\u0131tma emri veren,<\/p>\n\n\n\n<p>Fransa ve Avrupa&#8217;da \u0130slam ve M\u00fcsl\u00fcman d\u00fc\u015fmanl\u0131\u011f\u0131n\u0131 \u015fahsi olmaktan \u00e7\u0131kar\u0131p devlet politikas\u0131 haline getiren,<\/p>\n\n\n\n<p>JETSK\u0130 \u00fczerinden m\u00fcsl\u00fcman co\u011frafyaya ayar \u00e7ekmeye \u00e7al\u0131\u015fan,<\/p>\n\n\n\n<p>B\u00f6yleleri i\u00e7in Kur&#8217;an-\u0131 Azim\u00fc\u015f\u015fan\u0131n BELHUM ADAL dedi\u011fi JETSK\u0130 M\u0130CRON&#8217;u sitemizde lay\u0131k oldu\u011fu yere koyduk.&#8221;<\/p>\n","protected":false},"excerpt":{"rendered":"<p>Fransa&#8217;n\u0131n \u0130slam kar\u015f\u0131t\u0131 s\u00f6ylemleri t\u00fcm d\u00fcnyada ve \u00f6zellikle de T\u00fcrkiye&#8217;de tepki \u00e7ekmeye devam ediyor. \u0130stanbul Arnavutk\u00f6y konutlar\u0131nda da Macron&#8217;a tepki g\u00f6stermek isteyen site sakinleri Macron&#8217;un foto\u011fraf\u0131n\u0131 sosyal mesafeye uymak i\u00e7in uyar\u0131 yaz\u0131s\u0131 olarak yere koydular. https:\/\/www.instagram.com\/p\/CHBQlD4KQ2V\/ g\u00f6rselleri linke t\u0131klayarak g\u00f6rebilirsiniz Site sakinleri \u015fu mesaj\u0131 da payla\u015ft\u0131: &#8220;\u0130ki cihan serverimiz, \u00f6nderimiz , Sevgili Peygamberimiz Hz Muhammed &hellip;<\/p>\n","protected":false},"author":1,"featured_media":0,"comment_status":"open","ping_status":"open","sticky":false,"template":"","format":"standard","meta":[],"categories":[5],"tags":[],"_links":{"self":[{"href":"http:\/\/www.habertelgraf.com\/index.php?rest_route=\/wp\/v2\/posts\/464"}],"collection":[{"href":"http:\/\/www.habertelgraf.com\/index.php?rest_route=\/wp\/v2\/posts"}],"about":[{"href":"http:\/\/www.habertelgraf.com\/index.php?rest_route=\/wp\/v2\/types\/post"}],"author":[{"embeddable":true,"href":"http:\/\/www.habertelgraf.com\/index.php?rest_route=\/wp\/v2\/users\/1"}],"replies":[{"embeddable":true,"href":"http:\/\/www.habertelgraf.com\/index.php?rest_route=%2Fwp%2Fv2%2Fcomments&post=464"}],"version-history":[{"count":1,"href":"http:\/\/www.habertelgraf.com\/index.php?rest_route=\/wp\/v2\/posts\/464\/revisions"}],"predecessor-version":[{"id":465,"href":"http:\/\/www.habertelgraf.com\/index.php?rest_route=\/wp\/v2\/posts\/464\/revisions\/465"}],"wp:attachment":[{"href":"http:\/\/www.habertelgraf.com\/index.php?rest_route=%2Fwp%2Fv2%2Fmedia&parent=464"}],"wp:term":[{"taxonomy":"category","embeddable":true,"href":"http:\/\/www.habertelgraf.com\/index.php?rest_route=%2Fwp%2Fv2%2Fcategories&post=464"},{"taxonomy":"post_tag","embeddable":true,"href":"http:\/\/www.habertelgraf.com\/index.php?rest_route=%2Fwp%2Fv2%2Ftags&post=464"}],"curies":[{"name":"wp","href":"https:\/\/api.w.org\/{rel}","templated":true}]}}