{"id":466,"date":"2020-10-31T23:10:35","date_gmt":"2020-10-31T20:10:35","guid":{"rendered":"http:\/\/www.habertelgraf.com\/?p=466"},"modified":"2020-10-31T23:10:36","modified_gmt":"2020-10-31T20:10:36","slug":"depremin-vurdugu-izmirde-erdogan-ruzgari-esti","status":"publish","type":"post","link":"http:\/\/www.habertelgraf.com\/?p=466","title":{"rendered":"Depremin vurdu\u011fu \u0130zmir&#8217;de Erdo\u011fan r\u00fczgar\u0131 esti"},"content":{"rendered":"\n<p><\/p>\n\n\n\n<p>Cumhurba\u015fkan\u0131 Recep Tayyip Erdo\u011fan, \u0130zmir&#8217;de AFAD Koordinasyon Merkezinde yetkililerden depremle ilgili bilgi ald\u0131.<\/p>\n\n\n\n<p>Cumhurba\u015fkan\u0131 Erdogan, deprem b\u00f6lgesine \u015fu ana kadar 24 milyon lira \u00f6denek g\u00f6nderildi\u011fini, ihtiyaca g\u00f6re bunun devam edece\u011fini s\u00f6yledi.<\/p>\n\n\n\n<p>Cumhurba\u015fkan\u0131 Erdogan:<\/p>\n\n\n\n<p>&#8220;Vatanda\u015flar\u0131m\u0131z &#8216;yurtlarda kalabiliriz&#8217; derse buralarda kendilerini misafir etme imkan\u0131m\u0131z var. Burada s\u0131k\u0131nt\u0131 s\u00f6z konusu de\u011fil.&#8221;<\/p>\n\n\n\n<h1>#izmirdepremi<\/h1>\n\n\n\n<p><a href=\"https:\/\/www.instagram.com\/p\/CHBUp_3qGO7\/\">https:\/\/www.instagram.com\/p\/CHBUp_3qGO7\/<\/a><\/p>\n\n\n\n<p><\/p>\n\n\n\n<p>G\u00f6rsellere linke t\u0131klayarak ula\u015fabilirsiniz<\/p>\n\n\n\n<p>&#8220;Nerede rezerv alan var bu \u00e7al\u0131\u015fmalar yap\u0131l\u0131p rezerv alanlara g\u00f6re s\u00fcratle ad\u0131mlar\u0131 at\u0131lacak.<\/p>\n\n\n\n<p>Enkazlar\u0131n kald\u0131r\u0131lmas\u0131n\u0131n ard\u0131ndan in\u015faat \u00e7al\u0131\u015fmalar\u0131na ba\u015flayaca\u011f\u0131z, evleri y\u0131k\u0131lanlar i\u00e7in s\u00fcratle evler yap\u0131lacak.&#8221;<\/p>\n\n\n\n<p>\u00d6te yandan Cumhurba\u015fkan\u0131 Recep Tayyip Erdo\u011fan, Pakistan Ba\u015fbakan\u0131 \u0130mran Han ile bir telefon g\u00f6r\u00fc\u015fmesi ger\u00e7ekle\u015ftirdi.<\/p>\n\n\n\n<p>\u0130mran Han, \u0130zmir\u2019de meydana gelen deprem dolay\u0131s\u0131yla Cumhurba\u015fkan\u0131 Erdo\u011fan\u2019\u0131 telefonla arayarak ge\u00e7mi\u015f olsun dileklerini ve dayan\u0131\u015fma mesajlar\u0131n\u0131 iletti.<\/p>\n\n\n\n<p>Cumhurba\u015fkan\u0131 Erdo\u011fan da \u0130mran Han\u2019a te\u015fekk\u00fcr etti ve ge\u00e7en hafta Pe\u015faver\u2019de ya\u015fanan ter\u00f6r sald\u0131r\u0131s\u0131 i\u00e7in bir kez daha taziyelerini bildirdi.<\/p>\n","protected":false},"excerpt":{"rendered":"<p>Cumhurba\u015fkan\u0131 Recep Tayyip Erdo\u011fan, \u0130zmir&#8217;de AFAD Koordinasyon Merkezinde yetkililerden depremle ilgili bilgi ald\u0131. Cumhurba\u015fkan\u0131 Erdogan, deprem b\u00f6lgesine \u015fu ana kadar 24 milyon lira \u00f6denek g\u00f6nderildi\u011fini, ihtiyaca g\u00f6re bunun devam edece\u011fini s\u00f6yledi. Cumhurba\u015fkan\u0131 Erdogan: &#8220;Vatanda\u015flar\u0131m\u0131z &#8216;yurtlarda kalabiliriz&#8217; derse buralarda kendilerini misafir etme imkan\u0131m\u0131z var. Burada s\u0131k\u0131nt\u0131 s\u00f6z konusu de\u011fil.&#8221; #izmirdepremi https:\/\/www.instagram.com\/p\/CHBUp_3qGO7\/ G\u00f6rsellere linke t\u0131klayarak ula\u015fabilirsiniz &#8220;Nerede &hellip;<\/p>\n","protected":false},"author":1,"featured_media":0,"comment_status":"open","ping_status":"open","sticky":false,"template":"","format":"standard","meta":[],"categories":[5],"tags":[],"_links":{"self":[{"href":"http:\/\/www.habertelgraf.com\/index.php?rest_route=\/wp\/v2\/posts\/466"}],"collection":[{"href":"http:\/\/www.habertelgraf.com\/index.php?rest_route=\/wp\/v2\/posts"}],"about":[{"href":"http:\/\/www.habertelgraf.com\/index.php?rest_route=\/wp\/v2\/types\/post"}],"author":[{"embeddable":true,"href":"http:\/\/www.habertelgraf.com\/index.php?rest_route=\/wp\/v2\/users\/1"}],"replies":[{"embeddable":true,"href":"http:\/\/www.habertelgraf.com\/index.php?rest_route=%2Fwp%2Fv2%2Fcomments&post=466"}],"version-history":[{"count":1,"href":"http:\/\/www.habertelgraf.com\/index.php?rest_route=\/wp\/v2\/posts\/466\/revisions"}],"predecessor-version":[{"id":467,"href":"http:\/\/www.habertelgraf.com\/index.php?rest_route=\/wp\/v2\/posts\/466\/revisions\/467"}],"wp:attachment":[{"href":"http:\/\/www.habertelgraf.com\/index.php?rest_route=%2Fwp%2Fv2%2Fmedia&parent=466"}],"wp:term":[{"taxonomy":"category","embeddable":true,"href":"http:\/\/www.habertelgraf.com\/index.php?rest_route=%2Fwp%2Fv2%2Fcategories&post=466"},{"taxonomy":"post_tag","embeddable":true,"href":"http:\/\/www.habertelgraf.com\/index.php?rest_route=%2Fwp%2Fv2%2Ftags&post=466"}],"curies":[{"name":"wp","href":"https:\/\/api.w.org\/{rel}","templated":true}]}}