{"id":469,"date":"2020-11-02T16:05:36","date_gmt":"2020-11-02T13:05:36","guid":{"rendered":"http:\/\/www.habertelgraf.com\/?p=469"},"modified":"2020-11-02T21:10:43","modified_gmt":"2020-11-02T18:10:43","slug":"pkk-dan-2-daha","status":"publish","type":"post","link":"http:\/\/www.habertelgraf.com\/?p=469","title":{"rendered":"PKK dan &#8211; 2 daha&#8230; Derken habere g\u00fcncelleme geldi!"},"content":{"rendered":"\n<p><em>Ter\u00f6r \u00f6rg\u00fct\u00fc PKK\u2019da \u00e7\u00f6z\u00fclme s\u00fcr\u00fcyor, ikna yoluyla 2 ter\u00f6rist daha teslim oldu<\/em><\/p>\n\n\n\n<p>\u0130\u00e7i\u015fleri Bakanl\u0131\u011f\u0131 koordinesinde Jandarma Genel Komutanl\u0131\u011f\u0131 ve Emniyet Genel M\u00fcd\u00fcrl\u00fc\u011f\u00fcnce y\u00fcr\u00fct\u00fclen ikna \u00e7al\u0131\u015fmalar\u0131 neticesinde; 2 ter\u00f6rist daha \u015e\u0131rnak\u2019ta g\u00fcvenlik g\u00fc\u00e7lerine teslim oldu.<\/p>\n\n\n\n<p>\u00d6rg\u00fct mensuplar\u0131n\u0131n 2011 ve 2014 y\u0131l\u0131nda \u00f6rg\u00fcte kat\u0131ld\u0131\u011f\u0131, Irak ve Suriye&#8217;de faaliyette bulundu\u011fu belirlendi.<\/p>\n\n\n\n<p>Teslim olan \u00f6rg\u00fct mensubuyla birlikte 1 Ocak\u2019tan bug\u00fcne kadar sadece ikna yoluyla gelen ter\u00f6rist say\u0131s\u0131 188\u2019e y\u00fckseldi.<\/p>\n\n\n\n<p>Bu haberi yazd\u0131ktan 2 saat sonra yeni bir teslim haberi daha geldi<\/p>\n\n\n\n<p><em>\u0130kna yoluyla 1 ter\u00f6rist daha teslim oldu<\/em><\/p>\n\n\n\n<p>\u0130\u00e7i\u015fleri Bakanl\u0131\u011f\u0131 koordinesinde Emniyet Genel M\u00fcd\u00fcrl\u00fc\u011f\u00fc ve Jandarma Genel Komutanl\u0131\u011f\u0131nca y\u00fcr\u00fct\u00fclen ikna \u00e7al\u0131\u015fmalar\u0131 neticesinde; PKK\/ KCK ter\u00f6r \u00f6rg\u00fct\u00fc mensubu <em>1<\/em> ter\u00f6rist daha g\u00fcvenlik g\u00fc\u00e7lerine teslim oldu.<\/p>\n\n\n\n<p>B\u00f6ylelikle 1 Ocak\u2019tan bu yana sadece ikna yoluyla teslim olan \u00f6rg\u00fct mensubu say\u0131s\u0131 189\u2019a y\u00fckseldi.<\/p>\n\n\n\n<p><\/p>\n","protected":false},"excerpt":{"rendered":"<p>Ter\u00f6r \u00f6rg\u00fct\u00fc PKK\u2019da \u00e7\u00f6z\u00fclme s\u00fcr\u00fcyor, ikna yoluyla 2 ter\u00f6rist daha teslim oldu \u0130\u00e7i\u015fleri Bakanl\u0131\u011f\u0131 koordinesinde Jandarma Genel Komutanl\u0131\u011f\u0131 ve Emniyet Genel M\u00fcd\u00fcrl\u00fc\u011f\u00fcnce y\u00fcr\u00fct\u00fclen ikna \u00e7al\u0131\u015fmalar\u0131 neticesinde; 2 ter\u00f6rist daha \u015e\u0131rnak\u2019ta g\u00fcvenlik g\u00fc\u00e7lerine teslim oldu. \u00d6rg\u00fct mensuplar\u0131n\u0131n 2011 ve 2014 y\u0131l\u0131nda \u00f6rg\u00fcte kat\u0131ld\u0131\u011f\u0131, Irak ve Suriye&#8217;de faaliyette bulundu\u011fu belirlendi. Teslim olan \u00f6rg\u00fct mensubuyla birlikte 1 Ocak\u2019tan &hellip;<\/p>\n","protected":false},"author":1,"featured_media":53,"comment_status":"open","ping_status":"open","sticky":false,"template":"","format":"standard","meta":[],"categories":[1],"tags":[],"_links":{"self":[{"href":"http:\/\/www.habertelgraf.com\/index.php?rest_route=\/wp\/v2\/posts\/469"}],"collection":[{"href":"http:\/\/www.habertelgraf.com\/index.php?rest_route=\/wp\/v2\/posts"}],"about":[{"href":"http:\/\/www.habertelgraf.com\/index.php?rest_route=\/wp\/v2\/types\/post"}],"author":[{"embeddable":true,"href":"http:\/\/www.habertelgraf.com\/index.php?rest_route=\/wp\/v2\/users\/1"}],"replies":[{"embeddable":true,"href":"http:\/\/www.habertelgraf.com\/index.php?rest_route=%2Fwp%2Fv2%2Fcomments&post=469"}],"version-history":[{"count":2,"href":"http:\/\/www.habertelgraf.com\/index.php?rest_route=\/wp\/v2\/posts\/469\/revisions"}],"predecessor-version":[{"id":477,"href":"http:\/\/www.habertelgraf.com\/index.php?rest_route=\/wp\/v2\/posts\/469\/revisions\/477"}],"wp:featuredmedia":[{"embeddable":true,"href":"http:\/\/www.habertelgraf.com\/index.php?rest_route=\/wp\/v2\/media\/53"}],"wp:attachment":[{"href":"http:\/\/www.habertelgraf.com\/index.php?rest_route=%2Fwp%2Fv2%2Fmedia&parent=469"}],"wp:term":[{"taxonomy":"category","embeddable":true,"href":"http:\/\/www.habertelgraf.com\/index.php?rest_route=%2Fwp%2Fv2%2Fcategories&post=469"},{"taxonomy":"post_tag","embeddable":true,"href":"http:\/\/www.habertelgraf.com\/index.php?rest_route=%2Fwp%2Fv2%2Ftags&post=469"}],"curies":[{"name":"wp","href":"https:\/\/api.w.org\/{rel}","templated":true}]}}