{"id":475,"date":"2020-11-02T18:43:18","date_gmt":"2020-11-02T15:43:18","guid":{"rendered":"http:\/\/www.habertelgraf.com\/?p=475"},"modified":"2020-11-02T18:43:19","modified_gmt":"2020-11-02T15:43:19","slug":"bakan-akar-ve-kuvvet-komutanlari-izmirde-mesai-de","status":"publish","type":"post","link":"http:\/\/www.habertelgraf.com\/?p=475","title":{"rendered":"Bakan Akar ve Kuvvet Komutanlar\u0131 \u0130zmir&#8217;de mesai de"},"content":{"rendered":"\n<p>Milli Savunma Bakan\u0131 Akar \u0130zmir AFAD Koordinasyon Merkezi&#8217;nde konu\u015ftu:<\/p>\n\n\n\n<ul><li>&#8220;Silahl\u0131 kuvvetlerimizde hasar tespitleri yapt\u0131k. Kara, Deniz ve Hava Kuvvetlerimizde can kayb\u0131 ve ciddi hasar yok&#8221;<\/li><li>&#8220;Umudumuz devam ediyor. Elif k\u0131z\u0131m\u0131z\u0131n 65 saat sonra kurtulmas\u0131 gibi hala enkaz alt\u0131nda kalanlar\u0131n da kurtulmas\u0131n\u0131 temenni ediyoruz&#8221;<\/li><li>&#8220;T\u00fcm kurumlar\u0131m\u0131z, devletimizin \u015fefkatini, iradesini, fedakarl\u0131\u011f\u0131n\u0131 g\u00f6stermek suretiyle ac\u0131lar\u0131 azaltmak i\u00e7in b\u00fcy\u00fck bir gayret i\u00e7inde&#8221;Milli Savunma Bakan\u0131 Hulusi Akar, &#8220;Silahl\u0131 kuvvetlerimizde hasar tespitleri yapt\u0131k. Kara, Deniz ve Hava Kuvvetlerimizde can kayb\u0131 ve ciddi hasar yok.&#8221; dedi.<\/li><\/ul>\n\n\n\n<p>Akar, beraberinde Genelkurmay Ba\u015fkan\u0131 Orgeneral Ya\u015far G\u00fcler ve Kuvvet Komutanlar\u0131 ile \u0130zmir AFAD Koordinasyon Merkezi&#8217;ni ziyaret etti, yetkililerden \u00e7al\u0131\u015fmalara ili\u015fkin bilgi ald\u0131&#8230;. <\/p>\n\n\n\n<p>Ard\u0131ndan gazetecilere a\u00e7\u0131klamalarda bulunan Akar, depremin ba\u015f\u0131ndan bu yana kurtarma \u00e7al\u0131\u015fmalar\u0131nda canla ba\u015fla \u00e7al\u0131\u015fan ekiplere \u015f\u00fckranlar\u0131n\u0131 sundu&#8230;. <\/p>\n\n\n\n<p>Maalesef t\u00fcm tedbirlere ra\u011fmen sel ve depremlerin\/\/\/ \u00f6nlenemedi\u011fini ifade eden Akar,, &#8220;Mesele bunlar\u0131n olmamas\u0131 de\u011fil, olduktan sonra ne yapmam\u0131z gerekti\u011fi. Devletimiz \u00f6zellikle 1999 depreminde sonra \u00e7ok b\u00fcy\u00fck dersler \u00e7\u0131kard\u0131. Bakanl\u0131klar\u0131m\u0131z, ilgili kurum ve kurulu\u015flar\u0131m\u0131z etkilerini azaltmak i\u00e7in afetler konusunda ger\u00e7ekten \u00e7ok \u00f6nemli tedbirler ald\u0131lar, almaya devam ediyorlar.&#8221; diye konu\u015ftu.<\/p>\n\n\n\n<p>Akar, Mili Savunma Bakanl\u0131\u011f\u0131 olarak depremin ba\u015f\u0131nda itibaren Ankara ve b\u00f6lgede gerekli \/\/\/\/\/\/\/kriz merkezlerini kurmak suretiyle duruma hakim olduklar\u0131n\u0131 belirtti.<\/p>\n\n\n\n<p>Al\u0131nan bilgiler \u00e7er\u00e7evesinde ilgili kurum ve \/\/\/\/\/kurulu\u015flardan gelen taleplerin s\u00fcratle kar\u015f\u0131land\u0131\u011f\u0131n\u0131 vurgulayan Akar, \u015funlar\u0131 s\u00f6yledi:<\/p>\n\n\n\n<p>&#8220;Silahl\u0131 kuvvetlerimizde hasar tespitleri yapt\u0131k. Kara, Deniz ve Hava Kuvvetlerimizde can kayb\u0131 ve ciddi hasar yok. Valili\u011fimiz ve \/\/\/\/\/\/\/bakanl\u0131klardan gelen talepler neticesinde u\u00e7aklar\u0131m\u0131z Kayseri, Ankara, Erzurum, Diyarbak\u0131r&#8217;dan kalkmak suretiyle AFAD timleri ba\u015fta olmak \u00fczere personel ve ara\u00e7lar\u0131n b\u00f6lgeye nakli konusunda yo\u011fun bir \u00e7al\u0131\u015fma i\u00e7inde oldular. Toplam 20 civar\u0131nda sorti yap\u0131ld\u0131. Say\u0131n Valimizin talebi \u00fczerine helikopterlerimizi tahsis etmek suretiyle b\u00f6lgede ke\u015fif u\u00e7u\u015flar\u0131 yap\u0131ld\u0131. \u0130HA&#8217;lar\u0131m\u0131z burada u\u00e7mak suretiyle hasar\u0131 yerinde g\u00f6rme ve tedbir geli\u015ftirme bak\u0131m\u0131ndan yararl\u0131 \u00e7al\u0131\u015fmalar yapt\u0131. Ankara&#8217;dan g\u00f6nderdi\u011fimiz Harita Genel Komutanl\u0131\u011f\u0131 u\u00e7a\u011f\u0131yla arazinin tesbitiyle \u00f6n\u00fcm\u00fczdeki d\u00f6nemde kullan\u0131lmak \u00fczere temel datalar\u0131n al\u0131nmas\u0131 da m\u00fcmk\u00fcn oldu.&#8221;<\/p>\n\n\n\n<p>Akar, Mehmet\u00e7ik&#8217;in\/\/\/\/\/ \u0130zmirlilerin s\u0131k\u0131nt\u0131s\u0131n\u0131 azaltmak i\u00e7in \u00e7ad\u0131rlar\u0131n kurulmas\u0131nda fedakar bir \u015fekilde \u00e7al\u0131\u015ft\u0131\u011f\u0131n\u0131 dile getirdi.<\/p>\n\n\n\n<p>Mehmet\u00e7ik&#8217;in ilgili kurum ve kurulu\u015flardan gelen taleplere g\u00f6re \u00e7al\u0131\u015fmalar\u0131na devam etti\u011fini anlatan Akar, \u015funlar\u0131 kaydetti:<\/p>\n\n\n\n<p>&#8220;Umudumuz devam ediyor. Elif k\u0131z\u0131m\u0131z\u0131n 65 saat sonra kurtulmas\u0131 gibi hala enkaz alt\u0131nda kalanlar\u0131n da kurtulmas\u0131n\u0131 temenni ediyoruz. Arkada\u015flar\u0131m\u0131z kahramanca hassa \u00e7al\u0131\u015fmalar\u0131n\u0131 s\u00fcrd\u00fcr\u00fcyorlar. Binlerce y\u0131ll\u0131k tarihimizden s\u00fcz\u00fclen milli manevi de\u011ferlerimiz var. Kederde ve k\u0131van\u00e7ta biriz ve beraberiz. Millet olman\u0131n \u00f6zelli\u011fi budur. T\u00fcm kurumlar\u0131m\u0131z, devletimizin \u015fefkatini, iradesini, fedakarl\u0131\u011f\u0131n\u0131 g\u00f6stermek suretiyle ac\u0131lar\u0131 azaltmak i\u00e7in b\u00fcy\u00fck bir gayret i\u00e7inde. Hem\u015fehrilerimizin s\u0131k\u0131nt\u0131lar\u0131n\u0131 azaltmak i\u00e7in gayretlerimizi s\u00fcrd\u00fcr\u00fcyoruz. \u00c7al\u0131\u015fmalar devam edecek. En az hasarla bu konunun bitmesine gayret g\u00f6steriyoruz. Buradan \u00e7\u0131kar\u0131lacak dersler var. Biz de Bakanl\u0131k ve TSK olarak milletimizin emrindeyiz.<\/p>\n\n\n\n<p>Depremde hayat\u0131n\u0131 kaybedenlere Allah&#8217;tan rahmet, yaral\u0131lara \u015fifa dileyen Akar, enkaz alt\u0131ndaki vatanda\u015flar\u0131n da sa\u011f olarak kurtulmalar\u0131n\u0131 temenni etti.<\/p>\n","protected":false},"excerpt":{"rendered":"<p>Milli Savunma Bakan\u0131 Akar \u0130zmir AFAD Koordinasyon Merkezi&#8217;nde konu\u015ftu: &#8220;Silahl\u0131 kuvvetlerimizde hasar tespitleri yapt\u0131k. Kara, Deniz ve Hava Kuvvetlerimizde can kayb\u0131 ve ciddi hasar yok&#8221; &#8220;Umudumuz devam ediyor. Elif k\u0131z\u0131m\u0131z\u0131n 65 saat sonra kurtulmas\u0131 gibi hala enkaz alt\u0131nda kalanlar\u0131n da kurtulmas\u0131n\u0131 temenni ediyoruz&#8221; &#8220;T\u00fcm kurumlar\u0131m\u0131z, devletimizin \u015fefkatini, iradesini, fedakarl\u0131\u011f\u0131n\u0131 g\u00f6stermek suretiyle ac\u0131lar\u0131 azaltmak i\u00e7in b\u00fcy\u00fck &hellip;<\/p>\n","protected":false},"author":1,"featured_media":0,"comment_status":"open","ping_status":"open","sticky":false,"template":"","format":"standard","meta":[],"categories":[1],"tags":[],"_links":{"self":[{"href":"http:\/\/www.habertelgraf.com\/index.php?rest_route=\/wp\/v2\/posts\/475"}],"collection":[{"href":"http:\/\/www.habertelgraf.com\/index.php?rest_route=\/wp\/v2\/posts"}],"about":[{"href":"http:\/\/www.habertelgraf.com\/index.php?rest_route=\/wp\/v2\/types\/post"}],"author":[{"embeddable":true,"href":"http:\/\/www.habertelgraf.com\/index.php?rest_route=\/wp\/v2\/users\/1"}],"replies":[{"embeddable":true,"href":"http:\/\/www.habertelgraf.com\/index.php?rest_route=%2Fwp%2Fv2%2Fcomments&post=475"}],"version-history":[{"count":1,"href":"http:\/\/www.habertelgraf.com\/index.php?rest_route=\/wp\/v2\/posts\/475\/revisions"}],"predecessor-version":[{"id":476,"href":"http:\/\/www.habertelgraf.com\/index.php?rest_route=\/wp\/v2\/posts\/475\/revisions\/476"}],"wp:attachment":[{"href":"http:\/\/www.habertelgraf.com\/index.php?rest_route=%2Fwp%2Fv2%2Fmedia&parent=475"}],"wp:term":[{"taxonomy":"category","embeddable":true,"href":"http:\/\/www.habertelgraf.com\/index.php?rest_route=%2Fwp%2Fv2%2Fcategories&post=475"},{"taxonomy":"post_tag","embeddable":true,"href":"http:\/\/www.habertelgraf.com\/index.php?rest_route=%2Fwp%2Fv2%2Ftags&post=475"}],"curies":[{"name":"wp","href":"https:\/\/api.w.org\/{rel}","templated":true}]}}