{"id":484,"date":"2020-11-08T02:19:31","date_gmt":"2020-11-07T23:19:31","guid":{"rendered":"http:\/\/www.habertelgraf.com\/?p=484"},"modified":"2020-11-08T02:21:18","modified_gmt":"2020-11-07T23:21:18","slug":"erdogan-in-marasta-piknik-mesajinin-anlami-ne","status":"publish","type":"post","link":"http:\/\/www.habertelgraf.com\/?p=484","title":{"rendered":"Erdo\u011fan \u0131n Mara\u015f&#8217;ta piknik mesaj\u0131n\u0131n anlam\u0131 ne?"},"content":{"rendered":"\n<p>Cumhurba\u015fkan\u0131 Erdogan:<\/p>\n\n\n\n<p>&#8220;Ay\u0131n 15&#8217;inde Cumhur \u0130ttifak\u0131 olarak Say\u0131n Bah\u00e7eli ile Kuzey K\u0131br\u0131s&#8217;ta olaca\u011f\u0131z. T\u00f6renlerden sonra Kapal\u0131 Mara\u015f&#8217;ta topluca piknik yapaca\u011f\u0131z.&#8221; dedi.<\/p>\n\n\n\n<p>Peki bu mesaj hangi anlama geliyor??<\/p>\n\n\n\n<figure class=\"wp-block-embed-youtube wp-block-embed is-type-video is-provider-youtube wp-embed-aspect-16-9 wp-has-aspect-ratio\"><div class=\"wp-block-embed__wrapper\">\n<iframe loading=\"lazy\" title=\"Erdo\u011fan Mara\u015f a\u00e7\u0131klamas\u0131\" width=\"960\" height=\"540\" src=\"https:\/\/www.youtube.com\/embed\/9LI1QngOHKU?feature=oembed\" frameborder=\"0\" allow=\"accelerometer; autoplay; clipboard-write; encrypted-media; gyroscope; picture-in-picture\" allowfullscreen><\/iframe>\n<\/div><\/figure>\n\n\n\n<p>\/\/\/++<\/p>\n\n\n\n<p>Cumhurba\u015fkan\u0131 Erdo\u011fan a\u00e7\u0131l\u0131\u015f t\u00f6reninde yapt\u0131\u011f\u0131 konu\u015fmada <\/p>\n\n\n\n<p>&#8220;Cumhur \u0130ttifak\u0131 olarak Say\u0131n Bah\u00e7eli ile Kuzey K\u0131br\u0131s&#8217;ta olaca\u011f\u0131z. T\u00f6renlerden sonra Kapal\u0131 Mara\u015f&#8217;ta topluca piknik yapaca\u011f\u0131z.&#8221; dedi<\/p>\n\n\n\n<p>Tart\u0131\u015fma ba\u015flad\u0131. Erdo\u011fan \u0131n s\u00f6zleri Yunanistan, G\u00fcney K\u0131br\u0131s Rum y\u00f6netimi ve \u0130srail ba\u015fta olmak \u00fczere yak\u0131ndan takip edildi. <\/p>\n\n\n\n<p>Erdo\u011fan \u0131n verdi\u011fi mesaj diplomasi dilinde o topra\u011f\u0131n \u00fczerinde tek s\u00f6z sahibinin KKTC ve dolay\u0131s\u0131yla T\u00fcrkiye oldu\u011funu vurguluyor<\/p>\n\n\n\n<p><\/p>\n\n\n\n<p>Daha \u00f6nce de \u0130srail kabinesinin Golan Tepelerinde toplanmas\u0131 da farkl\u0131 bir stat\u00fc olmas\u0131na ra\u011fmen buna benzer bir \u00f6rnek olabilir. <\/p>\n\n\n\n<p>Erdo\u011fan \u0131n bu g\u00fc\u00e7l\u00fc mesaj\u0131 tam olarak yerine ula\u015fm\u0131\u015f g\u00f6r\u00fcn\u00fcyor <\/p>\n","protected":false},"excerpt":{"rendered":"<p>Cumhurba\u015fkan\u0131 Erdogan: &#8220;Ay\u0131n 15&#8217;inde Cumhur \u0130ttifak\u0131 olarak Say\u0131n Bah\u00e7eli ile Kuzey K\u0131br\u0131s&#8217;ta olaca\u011f\u0131z. T\u00f6renlerden sonra Kapal\u0131 Mara\u015f&#8217;ta topluca piknik yapaca\u011f\u0131z.&#8221; dedi. Peki bu mesaj hangi anlama geliyor?? \/\/\/++ Cumhurba\u015fkan\u0131 Erdo\u011fan a\u00e7\u0131l\u0131\u015f t\u00f6reninde yapt\u0131\u011f\u0131 konu\u015fmada &#8220;Cumhur \u0130ttifak\u0131 olarak Say\u0131n Bah\u00e7eli ile Kuzey K\u0131br\u0131s&#8217;ta olaca\u011f\u0131z. T\u00f6renlerden sonra Kapal\u0131 Mara\u015f&#8217;ta topluca piknik yapaca\u011f\u0131z.&#8221; dedi Tart\u0131\u015fma ba\u015flad\u0131. Erdo\u011fan \u0131n &hellip;<\/p>\n","protected":false},"author":1,"featured_media":44,"comment_status":"open","ping_status":"open","sticky":false,"template":"","format":"standard","meta":[],"categories":[1],"tags":[],"_links":{"self":[{"href":"http:\/\/www.habertelgraf.com\/index.php?rest_route=\/wp\/v2\/posts\/484"}],"collection":[{"href":"http:\/\/www.habertelgraf.com\/index.php?rest_route=\/wp\/v2\/posts"}],"about":[{"href":"http:\/\/www.habertelgraf.com\/index.php?rest_route=\/wp\/v2\/types\/post"}],"author":[{"embeddable":true,"href":"http:\/\/www.habertelgraf.com\/index.php?rest_route=\/wp\/v2\/users\/1"}],"replies":[{"embeddable":true,"href":"http:\/\/www.habertelgraf.com\/index.php?rest_route=%2Fwp%2Fv2%2Fcomments&post=484"}],"version-history":[{"count":2,"href":"http:\/\/www.habertelgraf.com\/index.php?rest_route=\/wp\/v2\/posts\/484\/revisions"}],"predecessor-version":[{"id":486,"href":"http:\/\/www.habertelgraf.com\/index.php?rest_route=\/wp\/v2\/posts\/484\/revisions\/486"}],"wp:featuredmedia":[{"embeddable":true,"href":"http:\/\/www.habertelgraf.com\/index.php?rest_route=\/wp\/v2\/media\/44"}],"wp:attachment":[{"href":"http:\/\/www.habertelgraf.com\/index.php?rest_route=%2Fwp%2Fv2%2Fmedia&parent=484"}],"wp:term":[{"taxonomy":"category","embeddable":true,"href":"http:\/\/www.habertelgraf.com\/index.php?rest_route=%2Fwp%2Fv2%2Fcategories&post=484"},{"taxonomy":"post_tag","embeddable":true,"href":"http:\/\/www.habertelgraf.com\/index.php?rest_route=%2Fwp%2Fv2%2Ftags&post=484"}],"curies":[{"name":"wp","href":"https:\/\/api.w.org\/{rel}","templated":true}]}}