{"id":491,"date":"2020-11-11T09:26:11","date_gmt":"2020-11-11T06:26:11","guid":{"rendered":"http:\/\/www.habertelgraf.com\/?p=491"},"modified":"2020-11-11T09:26:37","modified_gmt":"2020-11-11T06:26:37","slug":"ceviri-haber-amerikan-nytden-turkiye-analizi","status":"publish","type":"post","link":"http:\/\/www.habertelgraf.com\/?p=491","title":{"rendered":"\u00c7EV\u0130R\u0130 HABER &#8211; Amerikan NYT&#8217;den T\u00fcrkiye analizi"},"content":{"rendered":"\n<p><\/p>\n\n\n\n<p>New York Times&#8217;da bir analiz yay\u0131nland\u0131. Konusu Da\u011fl\u0131k Karaba\u011f&#8217;d\u0131. Yorumda T\u00fcrkiye ile ilgili sat\u0131rlar dikkat \u00e7ekti.<\/p>\n\n\n\n<p>Haberin bir b\u00f6l\u00fcm\u00fc \u015f\u00f6yle:<\/p>\n\n\n\n<p>&#8220;Da\u011fl\u0131k Karaba\u011f Sava\u015f\u0131nda B\u00f6lgesel G\u00fc\u00e7lerin Yeniden D\u00fczenlenmesi<\/p>\n\n\n\n<p>Moskova bar\u0131\u015f anla\u015fmas\u0131n\u0131 d\u00fczenlerken ve Ankara galip Azerbaycanl\u0131lar\u0131 desteklerken, Rusya ve T\u00fcrkiye g\u00fc\u00e7 arac\u0131lar\u0131 olarak ortaya \u00e7\u0131kt\u0131.<\/p>\n\n\n\n<p>\u2026Ancak g\u00fcn\u00fcn dram\u0131n\u0131n ard\u0131nda, \u00e7at\u0131\u015fmada Azerbaycan&#8217;\u0131 kararl\u0131 bir \u015fekilde destekleyen ve Sal\u0131 g\u00fcn\u00fc kutlanan T\u00fcrkiye&#8217;nin b\u00fcy\u00fcyen b\u00f6lgesel g\u00fcc\u00fc yat\u0131yor.<br>Putin, 27 Eyl\u00fcl&#8217;de sava\u015f\u0131n ba\u015flamas\u0131ndan bu yana, en son Sal\u0131 g\u00fcn\u00fc T\u00fcrkiye Cumhurba\u015fkan\u0131 Recep Tayyip Erdo\u011fan ile en az d\u00f6rt kez g\u00f6r\u00fc\u015ft\u00fc. T\u00fcrkiye D\u0131\u015fi\u015fleri Bakan\u0131 Mevl\u00fct \u00c7avu\u015fo\u011flu bar\u0131\u015f anla\u015fmas\u0131n\u0131 &#8220;Azerbaycan i\u00e7in b\u00fcy\u00fck bir ba\u015far\u0131 ve zafer&#8221; olarak selamlad\u0131.<\/p>\n","protected":false},"excerpt":{"rendered":"<p>New York Times&#8217;da bir analiz yay\u0131nland\u0131. Konusu Da\u011fl\u0131k Karaba\u011f&#8217;d\u0131. Yorumda T\u00fcrkiye ile ilgili sat\u0131rlar dikkat \u00e7ekti. Haberin bir b\u00f6l\u00fcm\u00fc \u015f\u00f6yle: &#8220;Da\u011fl\u0131k Karaba\u011f Sava\u015f\u0131nda B\u00f6lgesel G\u00fc\u00e7lerin Yeniden D\u00fczenlenmesi Moskova bar\u0131\u015f anla\u015fmas\u0131n\u0131 d\u00fczenlerken ve Ankara galip Azerbaycanl\u0131lar\u0131 desteklerken, Rusya ve T\u00fcrkiye g\u00fc\u00e7 arac\u0131lar\u0131 olarak ortaya \u00e7\u0131kt\u0131. \u2026Ancak g\u00fcn\u00fcn dram\u0131n\u0131n ard\u0131nda, \u00e7at\u0131\u015fmada Azerbaycan&#8217;\u0131 kararl\u0131 bir \u015fekilde destekleyen ve &hellip;<\/p>\n","protected":false},"author":1,"featured_media":0,"comment_status":"open","ping_status":"open","sticky":false,"template":"","format":"standard","meta":[],"categories":[1],"tags":[],"_links":{"self":[{"href":"http:\/\/www.habertelgraf.com\/index.php?rest_route=\/wp\/v2\/posts\/491"}],"collection":[{"href":"http:\/\/www.habertelgraf.com\/index.php?rest_route=\/wp\/v2\/posts"}],"about":[{"href":"http:\/\/www.habertelgraf.com\/index.php?rest_route=\/wp\/v2\/types\/post"}],"author":[{"embeddable":true,"href":"http:\/\/www.habertelgraf.com\/index.php?rest_route=\/wp\/v2\/users\/1"}],"replies":[{"embeddable":true,"href":"http:\/\/www.habertelgraf.com\/index.php?rest_route=%2Fwp%2Fv2%2Fcomments&post=491"}],"version-history":[{"count":1,"href":"http:\/\/www.habertelgraf.com\/index.php?rest_route=\/wp\/v2\/posts\/491\/revisions"}],"predecessor-version":[{"id":492,"href":"http:\/\/www.habertelgraf.com\/index.php?rest_route=\/wp\/v2\/posts\/491\/revisions\/492"}],"wp:attachment":[{"href":"http:\/\/www.habertelgraf.com\/index.php?rest_route=%2Fwp%2Fv2%2Fmedia&parent=491"}],"wp:term":[{"taxonomy":"category","embeddable":true,"href":"http:\/\/www.habertelgraf.com\/index.php?rest_route=%2Fwp%2Fv2%2Fcategories&post=491"},{"taxonomy":"post_tag","embeddable":true,"href":"http:\/\/www.habertelgraf.com\/index.php?rest_route=%2Fwp%2Fv2%2Ftags&post=491"}],"curies":[{"name":"wp","href":"https:\/\/api.w.org\/{rel}","templated":true}]}}