{"id":493,"date":"2020-11-11T21:05:18","date_gmt":"2020-11-11T18:05:18","guid":{"rendered":"http:\/\/www.habertelgraf.com\/?p=493"},"modified":"2020-11-11T21:05:19","modified_gmt":"2020-11-11T18:05:19","slug":"sigara-iceyim-maskeyi-cikarayim-diye-bir-sey-yok-artik","status":"publish","type":"post","link":"http:\/\/www.habertelgraf.com\/?p=493","title":{"rendered":"Sigara i\u00e7eyim maskeyi \u00e7\u0131karay\u0131m diye bir \u015fey yok art\u0131k"},"content":{"rendered":"\n<p><em>\u0130\u00e7i\u015fleri Bakanl\u0131\u011f\u0131ndan 81 \u0130l Valilili\u011fine \u201cKoronavir\u00fcs Tedbirleri\u201d Konulu Ek Genelge<\/em><\/p>\n\n\n\n<p><em>Bakanl\u0131k solunum yoluyla kolayca bula\u015fabilen koronavir\u00fcs salg\u0131n\u0131n\u0131n \u00f6nlenmesine y\u00f6nelik olarak, \u00f6zellikle vatanda\u015flar\u0131n yo\u011fun olarak bulundu\u011fu cadde ve sokaklarda \u201csigara i\u00e7ti\u011fi\u201d i\u00e7in maskeyi \u00e7ene alt\u0131na indiren ve yanl\u0131\u015f kullananlar i\u00e7in harekete ge\u00e7ti<\/em><\/p>\n\n\n\n<p><em><strong>Buna g\u00f6re, t\u00fcm illerde vatanda\u015flar\u0131n \u00f6zellikle yo\u011fun olarak bulundu\u011fu valilik ve kaymakaml\u0131klarca duyurulan cadde ve sokaklar (\u00f6zellikle trafi\u011fe kapal\u0131 olanlar), ihtiya\u00e7 duyulan meydanlar ve toplu ta\u015f\u0131ma ara\u00e7 duraklar\u0131 gibi alanlarda, sigara i\u00e7mek yasaklanacak<\/strong><\/em><\/p>\n\n\n\n<p><em>65 ya\u015f ve \u00fczeri vatanda\u015flar\u0131n soka\u011fa \u00e7\u0131kmalar\u0131na y\u00f6nelik uygulama, il bazl\u0131 yap\u0131lacak analizlere g\u00f6re \u0130l H\u0131fz\u0131ss\u0131hha Kurullar\u0131nca belirlenecek<\/em><\/p>\n\n\n\n<p><em>Valilerce; salg\u0131n\u0131n\u0131n seyri anl\u0131k olarak takip edilerek hasta ve temasl\u0131 ki\u015fi, a\u011f\u0131r hasta, ent\u00fcbe, vefat say\u0131lar\u0131ndaki art\u0131\u015f trendlerine g\u00f6re 65 ya\u015f ve \u00fczeri vatanda\u015flar\u0131n g\u00fcn i\u00e7erisinde saat 10:00\u00ad-16:00 aras\u0131nda soka\u011fa \u00e7\u0131kabilmelerine, bu saatler d\u0131\u015f\u0131nda soka\u011fa \u00e7\u0131kmamalar\u0131na dair k\u0131s\u0131tlamaya gidilecek<\/em><\/p>\n\n\n\n<p><em>Geli\u015fmelere ba\u011fl\u0131 olarak al\u0131nan kararlar belirli aral\u0131klarla g\u00f6zden ge\u00e7irilecek, kriterlerde iyile\u015fme sa\u011flanmas\u0131 durumunda k\u0131s\u0131tlama ayn\u0131 usulle kald\u0131r\u0131lacak<\/em><\/p>\n\n\n\n<p><\/p>\n\n\n\n<p>Genelgede, t\u00fcm D\u00fcnya\u2019y\u0131 etkisi alt\u0131na alan Koronavir\u00fcs (Covid\u00ad19) salg\u0131n\u0131n\u0131n yay\u0131l\u0131m\u0131nda son d\u00f6nemlerde t\u00fcm \u00fclkelerde art\u0131\u015f ya\u015fand\u0131\u011f\u0131 ifade edildi. \u00d6zellikle Avrupa k\u0131tas\u0131nda bulunan \u00fclkelerde salg\u0131n\u0131n seyrinde \u00e7ok ciddi y\u00fckseli\u015f oldu\u011fu ve salg\u0131nla m\u00fccadele kapsam\u0131nda bir\u00e7ok yeni tedbir kararlar\u0131 al\u0131narak uygulamaya ge\u00e7ildi\u011fi belirtildi.<\/p>\n\n\n\n<p>Genelgede, T\u00fcrkiye\u2019de i\u00e7erisinde bulunulan kontroll\u00fc sosyal hayat d\u00f6neminin temel prensipleri olan temizlik, maske ve mesafe kurallar\u0131n\u0131n yan\u0131 s\u0131ra salg\u0131n\u0131n seyri ve olas\u0131 riskler g\u00f6z \u00f6n\u00fcnde bulundurularak hayat\u0131n her alan\u0131na y\u00f6nelik uyulmas\u0131 gereken kurallar ve \u00f6nlemler belirlendi\u011fi hat\u0131rlat\u0131larak, \u0130l\/\u0130l\u00e7e Umumi H\u0131fz\u0131ss\u0131hha Kurullar\u0131nca al\u0131nmas\u0131 gereken yeni ek tedbirler s\u0131raland\u0131:<\/p>\n\n\n\n<ol><li>Daha \u00f6nce valiliklere g\u00f6nderilen genelge ile meskenler hari\u00e7 olmak \u00fczere t\u00fcm alanlarda (kamuya a\u00e7\u0131k alanlar, cadde, sokak, park, bah\u00e7e, piknik alan\u0131, sahiller, toplu ula\u015f\u0131m ara\u00e7lar\u0131, i\u015fyerleri, fabrikalar vb.) herhangi istisna olmaks\u0131z\u0131n maske takma zorunlulu\u011fu getirilmi\u015fti. Ancak \u00f6zellikle vatanda\u015flar\u0131n kalabal\u0131k \u015fekilde bulundu\u011fu\/bulunabilece\u011fi cadde, sokak, park ve bah\u00e7eler gibi yerlerde sigara i\u00e7ti\u011finden bahisle baz\u0131 ki\u015filerin maskelerini \u00e7\u0131kard\u0131klar\u0131, a\u015fa\u011f\u0131ya indirdikleri, do\u011fru \u015fekilde kullanmad\u0131klar\u0131 g\u00f6r\u00fcld\u00fc. Solunum yoluyla kolayca bula\u015fabilen Koronavir\u00fcs salg\u0131n\u0131n\u0131n yay\u0131l\u0131m\u0131n\u0131n \u00f6nlenmesi i\u00e7in maske kullan\u0131m\u0131nda s\u00fcreklili\u011fin sa\u011flanmas\u0131 son derece \u00f6nem ta\u015f\u0131yor.<br>Bu nedenle maskenin do\u011fru ve s\u00fcrekli \u015fekilde kullan\u0131m\u0131n\u0131 temin amac\u0131yla 12 Kas\u0131m 2020 tarihinden itibaren t\u00fcm illerde vatanda\u015flar\u0131m\u0131z\u0131n yo\u011fun olarak bulundu\u011fu\/bulanabilece\u011fi cadde ve sokaklar (\u00f6zellikle trafi\u011fe kapal\u0131 olanlar), ihtiya\u00e7 duyulan meydanlar ve toplu ta\u015f\u0131ma ara\u00e7 duraklar\u0131 gibi alanlarda\/b\u00f6lgelerde sigara i\u00e7me yasa\u011f\u0131 getirilecek.<\/li><li>Yine daha \u00f6nce illere g\u00f6nderilen genelge ile 65 ya\u015f ve \u00fczeri vatanda\u015flar\u0131n soka\u011fa \u00e7\u0131kmalar\u0131na y\u00f6nelik uygulaman\u0131n il bazl\u0131 yap\u0131lacak analizlere (hasta ve temasl\u0131 ki\u015fi say\u0131s\u0131, a\u011f\u0131r hasta, yatan hasta say\u0131lar\u0131 ve 65 ya\u015f ve \u00fczeri hastalar\u0131n bu kategorilerdeki oran\u0131 vb.) g\u00f6re \u0130l H\u0131fz\u0131ss\u0131hha Kurullar\u0131nca belirlenmesi gerekiyordu. Bu do\u011frultuda Valilerce; koronavir\u00fcs salg\u0131n\u0131n\u0131n illerindeki seyri anl\u0131k olarak takip edilerek, hasta ve temasl\u0131 ki\u015fi, a\u011f\u0131r hasta, ent\u00fcbe, vefat say\u0131lar\u0131 ile 65 ya\u015f ve \u00fczeri hastalar\u0131n bu kategorilerdeki oran\u0131nda ya\u015fanan art\u0131\u015f trendlerine g\u00f6re 65 ya\u015f ve \u00fczeri vatanda\u015flar\u0131n g\u00fcn i\u00e7erisinde saat 10:00\u00ad-16:00 aras\u0131nda soka\u011fa \u00e7\u0131kabilmelerine, bu saatler d\u0131\u015f\u0131nda soka\u011fa \u00e7\u0131kmamalar\u0131na dair k\u0131s\u0131tlamaya gidilmesi y\u00f6n\u00fcnde karar al\u0131nacak.<\/li><\/ol>\n\n\n\n<p>Son d\u00f6nem geli\u015fmelerine ba\u011fl\u0131 olarak al\u0131nan\/al\u0131nacak kararlar belirli aral\u0131klarla g\u00f6zden ge\u00e7irilerek, belirtilen kriterlerde iyile\u015fme sa\u011flanmas\u0131 durumunda ise k\u0131s\u0131tlama ayn\u0131 usulle kald\u0131r\u0131lacak.<\/p>\n","protected":false},"excerpt":{"rendered":"<p>\u0130\u00e7i\u015fleri Bakanl\u0131\u011f\u0131ndan 81 \u0130l Valilili\u011fine \u201cKoronavir\u00fcs Tedbirleri\u201d Konulu Ek Genelge Bakanl\u0131k solunum yoluyla kolayca bula\u015fabilen koronavir\u00fcs salg\u0131n\u0131n\u0131n \u00f6nlenmesine y\u00f6nelik olarak, \u00f6zellikle vatanda\u015flar\u0131n yo\u011fun olarak bulundu\u011fu cadde ve sokaklarda \u201csigara i\u00e7ti\u011fi\u201d i\u00e7in maskeyi \u00e7ene alt\u0131na indiren ve yanl\u0131\u015f kullananlar i\u00e7in harekete ge\u00e7ti Buna g\u00f6re, t\u00fcm illerde vatanda\u015flar\u0131n \u00f6zellikle yo\u011fun olarak bulundu\u011fu valilik ve kaymakaml\u0131klarca duyurulan cadde &hellip;<\/p>\n","protected":false},"author":1,"featured_media":0,"comment_status":"open","ping_status":"open","sticky":false,"template":"","format":"standard","meta":[],"categories":[1],"tags":[],"_links":{"self":[{"href":"http:\/\/www.habertelgraf.com\/index.php?rest_route=\/wp\/v2\/posts\/493"}],"collection":[{"href":"http:\/\/www.habertelgraf.com\/index.php?rest_route=\/wp\/v2\/posts"}],"about":[{"href":"http:\/\/www.habertelgraf.com\/index.php?rest_route=\/wp\/v2\/types\/post"}],"author":[{"embeddable":true,"href":"http:\/\/www.habertelgraf.com\/index.php?rest_route=\/wp\/v2\/users\/1"}],"replies":[{"embeddable":true,"href":"http:\/\/www.habertelgraf.com\/index.php?rest_route=%2Fwp%2Fv2%2Fcomments&post=493"}],"version-history":[{"count":1,"href":"http:\/\/www.habertelgraf.com\/index.php?rest_route=\/wp\/v2\/posts\/493\/revisions"}],"predecessor-version":[{"id":494,"href":"http:\/\/www.habertelgraf.com\/index.php?rest_route=\/wp\/v2\/posts\/493\/revisions\/494"}],"wp:attachment":[{"href":"http:\/\/www.habertelgraf.com\/index.php?rest_route=%2Fwp%2Fv2%2Fmedia&parent=493"}],"wp:term":[{"taxonomy":"category","embeddable":true,"href":"http:\/\/www.habertelgraf.com\/index.php?rest_route=%2Fwp%2Fv2%2Fcategories&post=493"},{"taxonomy":"post_tag","embeddable":true,"href":"http:\/\/www.habertelgraf.com\/index.php?rest_route=%2Fwp%2Fv2%2Ftags&post=493"}],"curies":[{"name":"wp","href":"https:\/\/api.w.org\/{rel}","templated":true}]}}