{"id":496,"date":"2020-11-13T13:59:38","date_gmt":"2020-11-13T10:59:38","guid":{"rendered":"http:\/\/www.habertelgraf.com\/?p=496"},"modified":"2020-11-13T14:02:12","modified_gmt":"2020-11-13T11:02:12","slug":"kastamonu-cankiri-yolu-kastamonuya-degil-tum-turkiyeye-deger-katacak","status":"publish","type":"post","link":"http:\/\/www.habertelgraf.com\/?p=496","title":{"rendered":"\u201cKastamonu-\u00c7ank\u0131r\u0131 Yolu, Kastamonu\u2019ya de\u011fil t\u00fcm T\u00fcrkiye\u2019ye de\u011fer katacak\u201d"},"content":{"rendered":"\n<p><strong>Bakan Karaismailo<\/strong><strong>\u011f<\/strong><strong>lu, bir dizi ziyaret ve incelemede bulunmak i\u00e7in Kastamonu\u2019ya geldi.<\/strong><\/p>\n\n\n\n<p>Ula\u015ft\u0131rma ve Altyap\u0131 Bakan\u0131 Adil Karaismailo\u011flu, bir dizi ziyaret ve incelemede bulunmak i\u00e7in Kastamonu\u2019ya geldi. Bakan Karasimailo\u011flu, ilk olarak K\u0131r\u0131k Baraj\u0131 Varyant Yolu \u015eantiyesinde incelemelerde bulundu. Karasimailo\u011fu, \u201cBug\u00fcne kadar Kastamonu\u2019da 138 kilometrelik karayolu, 11 kilometrelik \u00e7ift t\u00fcp t\u00fcnel ile birlikte, 91 adet k\u00f6pr\u00fcy\u00fc yaparak halk\u0131m\u0131z\u0131n hizmetine sunduk. Kastamonu\u2019ya son 18 y\u0131lda 6 milyar \u00fczerinde ula\u015f\u0131m ve ileti\u015fim yat\u0131r\u0131m\u0131 yapt\u0131k.\u201d dedi.<\/p>\n\n\n\n<p><\/p>\n\n\n\n<p><a href=\"https:\/\/www.instagram.com\/p\/CFDIsqPqPWs\/\">https:\/\/www.instagram.com\/p\/CFDIsqPqPWs\/<\/a><\/p>\n\n\n\n<p><strong>&nbsp;\u201cKastamonu\u2019ya son 18 y\u0131lda 6 milyar \u00fczerinde ula<\/strong><strong>\u015f<\/strong><strong>\u0131<\/strong><strong>m ve ileti<\/strong><strong>\u015f<\/strong><strong>im yat<\/strong><strong>\u0131<\/strong><strong>r<\/strong><strong>\u0131<\/strong><strong>m<\/strong><strong>\u0131<\/strong><strong> yapt<\/strong><strong>\u0131<\/strong><strong>k<\/strong><strong>\u201d<\/strong><\/p>\n\n\n\n<p>K\u0131r\u0131k Baraj\u0131 Varyant Yolu \u015eantiyesini ziyaret eden Bakan Karaismailo\u011flu, bas\u0131na a\u00e7\u0131klamalarda bulundu. Son 18 y\u0131lda Kastamonu\u2019nun, \u00fclke \u00e7ap\u0131nda ger\u00e7ekle\u015ftirilen yat\u0131r\u0131mlardan ald\u0131\u011f\u0131 ula\u015f\u0131m ve ileti\u015fim pay\u0131n\u0131n 6 milyar liran\u0131n \u00fczerine oldu\u011funu belirten Bakan Karaismailo\u011flu, \u201cKastamonu\u2019daki 47 kilometrelik b\u00f6l\u00fcnm\u00fc\u015f yol uzunlu\u011fumuzu 329 kilometreye \u00e7\u0131kard\u0131k. Bug\u00fcne kadar Kastamonu\u2019da 138 kilometrelik karayolu, 11 kilometrelik \u00e7ift t\u00fcp t\u00fcnel ile birlikte, 91 adet k\u00f6pr\u00fcy\u00fc yaparak halk\u0131m\u0131z\u0131n hizmetine sunduk. 1993-2002 y\u0131llar\u0131 aras\u0131nda yap\u0131lan karayolu yat\u0131r\u0131m miktar\u0131n\u0131, 23 kat art\u0131rarak, 5 milyar 623 milyon liraya \u00e7\u0131kard\u0131k.\u201d a\u00e7\u0131klamas\u0131nda bulundu.&nbsp;<\/p>\n\n\n\n<p><strong>\u201cKastamonu-\u00c7ank\u0131r\u0131 Yolu, T\u00fcrkiye\u2019nin k\u00fcresel lojistik bir g\u00fc\u00e7 olmas\u0131na katk\u0131 sunacak\u201d<\/strong><\/p>\n\n\n\n<p>Kastamonu\u2019da halen devam eden, 8 adet karayolu yat\u0131r\u0131m\u0131n\u0131n toplam maliyetinin 7 milyar liraya yakla\u015ft\u0131\u011f\u0131n\u0131 kaydeden Bakan Karaismailo\u011flu, \u201cT\u00fcm bu yat\u0131r\u0131mlar\u0131m\u0131z\u0131n yan\u0131 s\u0131ra halihaz\u0131rda Kastamonu\u2019da 430 kilometreyi a\u015fk\u0131n yol yap\u0131m\u0131 \u00e7al\u0131\u015fmas\u0131n\u0131 y\u00fcr\u00fct\u00fcyoruz. \u2018G\u00fc\u00e7l\u00fc Altyap\u0131, G\u00fc\u00e7l\u00fc T\u00fcrkiye\u2019 yakla\u015f\u0131m\u0131yla haz\u0131rlad\u0131\u011f\u0131m\u0131z Mill\u00ee Ula\u015f\u0131m ve Altyap\u0131 Politika Belgesi ile d\u00fcnyay\u0131 T\u00fcrkiye\u2019ye ba\u011fl\u0131yoruz. Intermodal yani \u00e7oklu ta\u015f\u0131mac\u0131l\u0131k y\u00f6ntemleri ile T\u00fcrkiye\u2019nin k\u00fcresel bir lojistik g\u00fc\u00e7 olmas\u0131 yolunda projelerimizi bir bir hayata ge\u00e7iriyoruz. Bug\u00fcn incelemede bulundu\u011fumuz Kastamonu-\u00c7ank\u0131r\u0131 Yolu Projemiz de, T\u00fcrkiye\u2019nin k\u00fcresel lojistik bir g\u00fc\u00e7 olmas\u0131na katk\u0131 sunacak \u00f6nemli projelerden sadece bir tanesidir.\u201d diye konu\u015ftu.<\/p>\n\n\n\n<p><strong>\u201cKastamonu-\u00c7ank\u0131r\u0131 Yolu, Kastamonu\u2019ya de<\/strong><strong>\u011f<\/strong><strong>il t<\/strong><strong>\u00fc<\/strong><strong>m T<\/strong><strong>\u00fc<\/strong><strong>rkiye<\/strong><strong>\u2019<\/strong><strong>ye de<\/strong><strong>\u011f<\/strong><strong>er katacak<\/strong><strong>\u201d<\/strong><\/p>\n\n\n\n<p>Kastamonu-\u00c7ank\u0131r\u0131 Yolu Projesinin sadece Kastamonu\u2019ya de\u011fil t\u00fcm T\u00fcrkiye\u2019ye de\u011fer kataca\u011f\u0131na vurgu yapan Bakan Karaismailo\u011flu, \u201cKastamonu-\u00c7ank\u0131r\u0131 Yolu projemizin toplam uzunlu\u011fu yakla\u015f\u0131k 56 kilometredir. Bu uzunlu\u011fa yakla\u015f\u0131k 20 kilometrelik K\u0131r\u0131k Baraj Varyant\u0131 dahildir. 2021 y\u0131l i\u00e7inde tamamlayaca\u011f\u0131m\u0131z projemizin toplam bedeli 1 milyar 876 milyon liray\u0131 a\u015fmaktad\u0131r. Proje kapsam\u0131nda; 10 bin 811 metrelik 2 adet \u00e7ift t\u00fcp t\u00fcnel, 288 metrelik 2 adet a\u00e7-kapa tek t\u00fcp t\u00fcnel, 364 metrelik 3 adet \u00e7ift k\u00f6pr\u00fc ve 149 metrelik 3 adet k\u00f6pr\u00fcl\u00fc kav\u015fak bulunmaktad\u0131r.\u201d bilgisini payla\u015ft\u0131.&nbsp;<\/p>\n\n\n\n<p><strong>\u201c\u00c7al\u0131<\/strong><strong>\u015f<\/strong><strong>malar<\/strong><strong>\u0131<\/strong><strong>m<\/strong><strong>\u0131<\/strong><strong>z h<\/strong><strong>\u0131<\/strong><strong>zla devam ediyor<\/strong><strong>\u201d<\/strong><\/p>\n\n\n\n<p>Bakan Karaismailo\u011flu, a\u00e7\u0131klamalar\u0131n\u0131 \u015fu \u015fekilde s\u00fcrd\u00fcrd\u00fc: \u201cProjemizde yer alan; 1.339 metrelik K\u0131r\u0131k T\u00fcneli\u2019nde kaz\u0131 destekleme \u00e7al\u0131\u015fmalar\u0131 ve 101 metrelik nihai beton \u00e7al\u0131\u015fmalar\u0131 ile birlikte 36.4 kilometrelik b\u00f6l\u00fcnm\u00fc\u015f yolun, 2 adet \u00e7ift k\u00f6pr\u00fcn\u00fcn, 1 adet k\u00f6pr\u00fcl\u00fc kav\u015fa\u011f\u0131n ve 15 Temmuz \u0130stiklal T\u00fcneli\u2019nin yap\u0131m\u0131n\u0131 tamamlad\u0131k. Yine proje plan\u0131 i\u00e7erisinde yer alan, 19.4 kilometrelik K\u0131r\u0131k Baraj Relokasyon yolu ihalesini ger\u00e7ekle\u015ftirdik, \u00e7al\u0131\u015fmalar\u0131m\u0131z h\u0131zla devam ediyor. Kastamonu\u2019da; 712 kilometresi devlet yolu, 580 kilometresi de il yolu olmak \u00fczere toplamda 1.292 kilometre yol a\u011f\u0131m\u0131z bulunmaktad\u0131r.\u201d<\/p>\n\n\n\n<p>Bakan Karasimailo\u011flu, K\u0131r\u0131k Baraj\u0131 Varyant Yolu \u015eantiyesi ziyaretinin ard\u0131ndan Kastamonu Valili\u011fini ve Kastamonu Belediye Ba\u015fkanl\u0131\u011f\u0131m\u0131 ziyaret etti.<\/p>\n","protected":false},"excerpt":{"rendered":"<p>Bakan Karaismailo\u011flu, bir dizi ziyaret ve incelemede bulunmak i\u00e7in Kastamonu\u2019ya geldi. Ula\u015ft\u0131rma ve Altyap\u0131 Bakan\u0131 Adil Karaismailo\u011flu, bir dizi ziyaret ve incelemede bulunmak i\u00e7in Kastamonu\u2019ya geldi. Bakan Karasimailo\u011flu, ilk olarak K\u0131r\u0131k Baraj\u0131 Varyant Yolu \u015eantiyesinde incelemelerde bulundu. Karasimailo\u011fu, \u201cBug\u00fcne kadar Kastamonu\u2019da 138 kilometrelik karayolu, 11 kilometrelik \u00e7ift t\u00fcp t\u00fcnel ile birlikte, 91 adet k\u00f6pr\u00fcy\u00fc yaparak &hellip;<\/p>\n","protected":false},"author":1,"featured_media":0,"comment_status":"open","ping_status":"open","sticky":false,"template":"","format":"standard","meta":[],"categories":[3],"tags":[],"_links":{"self":[{"href":"http:\/\/www.habertelgraf.com\/index.php?rest_route=\/wp\/v2\/posts\/496"}],"collection":[{"href":"http:\/\/www.habertelgraf.com\/index.php?rest_route=\/wp\/v2\/posts"}],"about":[{"href":"http:\/\/www.habertelgraf.com\/index.php?rest_route=\/wp\/v2\/types\/post"}],"author":[{"embeddable":true,"href":"http:\/\/www.habertelgraf.com\/index.php?rest_route=\/wp\/v2\/users\/1"}],"replies":[{"embeddable":true,"href":"http:\/\/www.habertelgraf.com\/index.php?rest_route=%2Fwp%2Fv2%2Fcomments&post=496"}],"version-history":[{"count":3,"href":"http:\/\/www.habertelgraf.com\/index.php?rest_route=\/wp\/v2\/posts\/496\/revisions"}],"predecessor-version":[{"id":499,"href":"http:\/\/www.habertelgraf.com\/index.php?rest_route=\/wp\/v2\/posts\/496\/revisions\/499"}],"wp:attachment":[{"href":"http:\/\/www.habertelgraf.com\/index.php?rest_route=%2Fwp%2Fv2%2Fmedia&parent=496"}],"wp:term":[{"taxonomy":"category","embeddable":true,"href":"http:\/\/www.habertelgraf.com\/index.php?rest_route=%2Fwp%2Fv2%2Fcategories&post=496"},{"taxonomy":"post_tag","embeddable":true,"href":"http:\/\/www.habertelgraf.com\/index.php?rest_route=%2Fwp%2Fv2%2Ftags&post=496"}],"curies":[{"name":"wp","href":"https:\/\/api.w.org\/{rel}","templated":true}]}}