{"id":500,"date":"2020-11-17T23:15:25","date_gmt":"2020-11-17T20:15:25","guid":{"rendered":"http:\/\/www.habertelgraf.com\/?p=500"},"modified":"2020-11-17T23:41:10","modified_gmt":"2020-11-17T20:41:10","slug":"yeni-onlemlerle-ilgili-ayrintilar-bu-haberde","status":"publish","type":"post","link":"http:\/\/www.habertelgraf.com\/?p=500","title":{"rendered":"Yeni \u00f6nlemlerle ilgili ayr\u0131nt\u0131lar bu haberde"},"content":{"rendered":"\n<p>Vaka say\u0131lar\u0131 artt\u0131.<\/p>\n\n\n\n<p>Pandemi t\u00fcm T\u00fcrkiye&#8217;de h\u0131zla yay\u0131ld\u0131.<\/p>\n\n\n\n<p>G\u00f6zler kabine toplant\u0131s\u0131ndan \u00e7\u0131kacak karardayd\u0131.<\/p>\n\n\n\n<p><\/p>\n\n\n\n<figure class=\"wp-block-embed-youtube wp-block-embed is-type-video is-provider-youtube wp-embed-aspect-16-9 wp-has-aspect-ratio\"><div class=\"wp-block-embed__wrapper\">\n<iframe loading=\"lazy\" title=\"Cumhurba\u015fkan\u0131 Erdo\u011fan yeni k\u0131s\u0131tlamalara ilgili a\u00e7\u0131klama yapt\u0131\" width=\"960\" height=\"540\" src=\"https:\/\/www.youtube.com\/embed\/Bt-sVq8ujP8?feature=oembed\" frameborder=\"0\" allow=\"accelerometer; autoplay; clipboard-write; encrypted-media; gyroscope; picture-in-picture\" allowfullscreen><\/iframe>\n<\/div><\/figure>\n\n\n\n<p><\/p>\n\n\n\n<p><\/p>\n\n\n\n<p>T\u00fcrkiye Cumhurba\u015fkan\u0131 Recep Tayyip Erdo\u011fan, Cumhurba\u015fkanl\u0131\u011f\u0131 K\u00fclliyesi&#8217;nde kabine toplant\u0131s\u0131n\u0131n ard\u0131ndan a\u00e7\u0131klamalarda bulundu.<\/p>\n\n\n\n<figure class=\"wp-block-embed-twitter wp-block-embed is-type-rich is-provider-twitter\"><div class=\"wp-block-embed__wrapper\">\n<blockquote class=\"twitter-tweet\" data-width=\"550\" data-dnt=\"true\"><p lang=\"tr\" dir=\"ltr\">Kabine Toplant\u0131s\u0131 Sonras\u0131 Millete Sesleni\u015f <a href=\"https:\/\/t.co\/3OBRcbL3zS\">https:\/\/t.co\/3OBRcbL3zS<\/a><\/p>&mdash; Recep Tayyip Erdo\u011fan (@RTErdogan) <a href=\"https:\/\/twitter.com\/RTErdogan\/status\/1328737887500853248?ref_src=twsrc%5Etfw\">November 17, 2020<\/a><\/blockquote><script async src=\"https:\/\/platform.twitter.com\/widgets.js\" charset=\"utf-8\"><\/script>\n<\/div><\/figure>\n\n\n\n<h1>Soka\u011fa \u00e7\u0131kma yasa\u011f\u0131 geri geldi<\/h1>\n\n\n\n<p>Hafta sonlar\u0131n ak\u015fam 20.00&#8217;de ba\u015flayacak soka\u011fa \u00e7\u0131kma yasa\u011f\u0131 sabah 10.00&#8217;a kadar devam edecek.<\/p>\n\n\n\n<p>Erdo\u011fan yeni karar\u0131 \u015fu \u015fekilde a\u00e7\u0131klad\u0131:<\/p>\n\n\n\n<p>&#8220;Hafta sonlar\u0131 tedarik ve \u00fcretim zincirleri aksamayacak \u015fekilde 10.00 ile 20.00 saatleri aras\u0131 d\u0131\u015f\u0131nda soka\u011fa \u00e7\u0131kma s\u0131n\u0131rlamas\u0131 uygulanacak.&#8221;<\/p>\n\n\n\n<p>K\u0131s\u0131tlama karar\u0131 vatanda\u015flardan destek g\u00f6rd\u00fc.<\/p>\n\n\n\n<p>\u00d6zellikle \u0130stanbul&#8217;da vaka say\u0131lar\u0131n\u0131n h\u0131zl\u0131 art\u0131\u015f\u0131n\u0131n \u00f6n\u00fcne ge\u00e7ilmesi i\u00e7in at\u0131lan ad\u0131mlara yenilerinin de eklenmesi olas\u0131 ihtimaller aras\u0131nda.<\/p>\n\n\n\n<p>Cumhurba\u015fkan\u0131n\u0131n a\u00e7\u0131klamas\u0131n\u0131n ard\u0131ndan \u0130leti\u015fim Ba\u015fkan\u0131 fFahrettin Altun da bir bilgilendirme payla\u015f\u0131m\u0131 yapt\u0131.<\/p>\n\n\n\n<figure class=\"wp-block-embed-twitter wp-block-embed is-type-rich is-provider-twitter\"><div class=\"wp-block-embed__wrapper\">\n<blockquote class=\"twitter-tweet\" data-width=\"550\" data-dnt=\"true\"><p lang=\"tr\" dir=\"ltr\">Geli\u015fmi\u015f sa\u011fl\u0131k alt yap\u0131m\u0131z, ald\u0131\u011f\u0131m\u0131z \u00f6nemli tedbirler ve verdi\u011fimiz  desteklerle pandemi s\u00fcrecini ba\u015far\u0131l\u0131 bir \u015fekilde y\u00f6netiyoruz. <br><br>Bug\u00fcn de, aziz milletimizin sa\u011fl\u0131\u011f\u0131 i\u00e7in Koronavir\u00fcs\u2019le m\u00fccadelede yeni tedbirler ald\u0131k. Hep birlikte bunun \u00fcstesinden gelece\u011fiz. <a href=\"https:\/\/t.co\/mUVhqvLVre\">pic.twitter.com\/mUVhqvLVre<\/a><\/p>&mdash; Fahrettin Altun (@fahrettinaltun) <a href=\"https:\/\/twitter.com\/fahrettinaltun\/status\/1328757726474858497?ref_src=twsrc%5Etfw\">November 17, 2020<\/a><\/blockquote><script async src=\"https:\/\/platform.twitter.com\/widgets.js\" charset=\"utf-8\"><\/script>\n<\/div><\/figure>\n\n\n\n<p>x<\/p>\n\n\n\n<p>\u00d6te yandan Cumhurbakan\u0131 Erdo\u011fan pandemi sonras\u0131 yeni d\u00fcnya d\u00fczeni ve T\u00fcrkiye&#8217;nin ekonomisi i\u00e7in f\u0131rsat olarak g\u00f6r\u00fclen yeni d\u00f6neme dair de \u015fu a\u00e7\u0131klamay\u0131 yapt\u0131. <\/p>\n\n\n\n<p>&#8220;Salg\u0131n s\u00fcrecinin h\u0131zland\u0131rd\u0131\u011f\u0131 yeni k\u00fcresel ekonomik mimaride T\u00fcrkiye&#8217;nin \u00f6n\u00fcnde a\u00e7\u0131lan f\u0131rsat pencerelerini de\u011ferlendirmekte kararl\u0131y\u0131z.&#8221;<\/p>\n\n\n\n<p>Ayn\u0131 saatlerde T\u00fcrikye&#8217;nin son durumu da payla\u015f\u0131ld\u0131.<\/p>\n\n\n\n<h4>B\u0130R G\u00dcNDE 3 B\u0130N 819 HASTA TESP\u0130T ED\u0130LD\u0130<\/h4>\n\n\n\n<p>Bakan Koca&#8217;n\u0131n payla\u015ft\u0131\u011f\u0131 tabloya g\u00f6re bug\u00fcn 156 bin 692 test yap\u0131ld\u0131. Yap\u0131lan testler sonucu 3 bin 819 yeni koronavir\u00fcs hastas\u0131 tespit edildi.<\/p>\n\n\n\n<h4>103 K\u0130\u015e\u0130 DAHA VEFAT ETT\u0130<\/h4>\n\n\n\n<p>Hastanede tedavi alt\u0131ndaki 2 bin 688 ki\u015fi taburcu edilirken, 103 ki\u015fi daha ya\u015fam\u0131n\u0131 yitirdi.<\/p>\n\n\n\n<p>Bakan Koca, tabloyu, &#8220;B<strong><em>ug\u00fcn tespit edilen 3.819 hastam\u0131z var. M\u00fccadelenin kritik akt\u00f6rleri sa\u011fl\u0131k \u00e7al\u0131\u015fanlar\u0131m\u0131z. En kritik sava\u015f\u00e7\u0131lar\u0131m\u0131z\u0131 g\u00fc\u00e7l\u00fc tutmak zorunday\u0131z. Tedbirlere uymak hepimiz i\u00e7in bir zorunluluk. Sa\u011fl\u0131k ordumuzun yan\u0131nda oldu\u011funuzu g\u00f6sterin. M\u00fccadeleye g\u00fc\u00e7 verin.&#8221;<\/em><\/strong>&nbsp;notuyla payla\u015ft\u0131.<\/p>\n","protected":false},"excerpt":{"rendered":"<p>Vaka say\u0131lar\u0131 artt\u0131. Pandemi t\u00fcm T\u00fcrkiye&#8217;de h\u0131zla yay\u0131ld\u0131. G\u00f6zler kabine toplant\u0131s\u0131ndan \u00e7\u0131kacak karardayd\u0131. T\u00fcrkiye Cumhurba\u015fkan\u0131 Recep Tayyip Erdo\u011fan, Cumhurba\u015fkanl\u0131\u011f\u0131 K\u00fclliyesi&#8217;nde kabine toplant\u0131s\u0131n\u0131n ard\u0131ndan a\u00e7\u0131klamalarda bulundu. Soka\u011fa \u00e7\u0131kma yasa\u011f\u0131 geri geldi Hafta sonlar\u0131n ak\u015fam 20.00&#8217;de ba\u015flayacak soka\u011fa \u00e7\u0131kma yasa\u011f\u0131 sabah 10.00&#8217;a kadar devam edecek. Erdo\u011fan yeni karar\u0131 \u015fu \u015fekilde a\u00e7\u0131klad\u0131: &#8220;Hafta sonlar\u0131 tedarik ve \u00fcretim zincirleri &hellip;<\/p>\n","protected":false},"author":1,"featured_media":0,"comment_status":"open","ping_status":"open","sticky":false,"template":"","format":"standard","meta":[],"categories":[5],"tags":[],"_links":{"self":[{"href":"http:\/\/www.habertelgraf.com\/index.php?rest_route=\/wp\/v2\/posts\/500"}],"collection":[{"href":"http:\/\/www.habertelgraf.com\/index.php?rest_route=\/wp\/v2\/posts"}],"about":[{"href":"http:\/\/www.habertelgraf.com\/index.php?rest_route=\/wp\/v2\/types\/post"}],"author":[{"embeddable":true,"href":"http:\/\/www.habertelgraf.com\/index.php?rest_route=\/wp\/v2\/users\/1"}],"replies":[{"embeddable":true,"href":"http:\/\/www.habertelgraf.com\/index.php?rest_route=%2Fwp%2Fv2%2Fcomments&post=500"}],"version-history":[{"count":2,"href":"http:\/\/www.habertelgraf.com\/index.php?rest_route=\/wp\/v2\/posts\/500\/revisions"}],"predecessor-version":[{"id":505,"href":"http:\/\/www.habertelgraf.com\/index.php?rest_route=\/wp\/v2\/posts\/500\/revisions\/505"}],"wp:attachment":[{"href":"http:\/\/www.habertelgraf.com\/index.php?rest_route=%2Fwp%2Fv2%2Fmedia&parent=500"}],"wp:term":[{"taxonomy":"category","embeddable":true,"href":"http:\/\/www.habertelgraf.com\/index.php?rest_route=%2Fwp%2Fv2%2Fcategories&post=500"},{"taxonomy":"post_tag","embeddable":true,"href":"http:\/\/www.habertelgraf.com\/index.php?rest_route=%2Fwp%2Fv2%2Ftags&post=500"}],"curies":[{"name":"wp","href":"https:\/\/api.w.org\/{rel}","templated":true}]}}