{"id":506,"date":"2020-11-19T08:53:50","date_gmt":"2020-11-19T05:53:50","guid":{"rendered":"http:\/\/www.habertelgraf.com\/?p=506"},"modified":"2020-11-19T08:53:52","modified_gmt":"2020-11-19T05:53:52","slug":"onumuzdeki-yillarda-uganda-daha-cok-konusulacak","status":"publish","type":"post","link":"http:\/\/www.habertelgraf.com\/?p=506","title":{"rendered":"\u00d6n\u00fcm\u00fczdeki y\u0131llarda Uganda daha \u00e7ok konu\u015fulacak"},"content":{"rendered":"\n<p>UGANDA&#8217;DA 2021&#8217;DE YAPILACAK CUMHURBA\u015eKANLI\u011eI SE\u00c7\u0130MLER\u0130NE ADAY OLAN MUHAL\u0130F BOB\u0130 WAYN&#8217;IN TUTUKLANMASININ ARDINDAN \u00dcLKE \u00c7APINDA PROTESTO G\u00d6STER\u0130LER\u0130 D\u00dcZENLEN\u0130YOR.. G\u00d6STER\u0130C\u0130LERE ATE\u015e A\u00c7ILMASI SONUCU 3 K\u0130\u015e\u0130 HAYATINI KAYBETT\u0130, 34 K\u0130\u015e\u0130 DE YARALANDI.<br><br>Uganda&#8217;da 14 Ocak tarihinde yap\u0131lmas\u0131 planlanan Cumhurba\u015fkanl\u0131\u011f\u0131 se\u00e7imlerine aday olan \u015fark\u0131c\u0131 ve muhalif politikac\u0131 Bobi Vayn tutukland\u0131..<br><br>Ger\u00e7ek ad\u0131 Robert Kya-gulanyi olan Vayn&#8217;\u0131n destek\u00e7ileri ba\u015fkent Kampala ve di\u011fer kentlerde protesto g\u00f6sterileri d\u00fczenledi.. Muhalifler, yollar\u0131 kapatarak lastik yakt\u0131.<br><br>Polis, yollara barikatlar kuran ve Vayn&#8217;\u0131n serbest b\u0131rak\u0131lmas\u0131n\u0131 talep eden protestocular\u0131 da\u011f\u0131tmak i\u00e7in g\u00f6z ya\u015fart\u0131c\u0131 gaz ve ger\u00e7ek mermi kulland\u0131.<br><br>G\u00f6stericilere ate\u015f a\u00e7\u0131lmas\u0131 sonucu 3 ki\u015fi hayat\u0131n\u0131 kaybetti, 34 ki\u015fi de yaraland\u0131.<br><br>Polis S\u00f6zc\u00fcs\u00fc, \u00e7ok say\u0131da ki\u015finin Kovid-19 kurallar\u0131n\u0131 ihlal etti\u011fi gerek\u00e7esiyle tutukland\u0131\u011f\u0131n\u0131 duyurdu\u2026.<br><br>Daha \u00f6nce bir\u00e7ok kez tutuklanan Vayn, \u00fclkeyi 36 y\u0131ld\u0131r y\u00f6neten Cumhurba\u015fkan\u0131 Yoweri Museveni&#8217;nin g\u00f6revini b\u0131rakmas\u0131n\u0131 talep ediyor.. Vayn, Museveni&#8217;nin kar\u015f\u0131s\u0131nda g\u00fc\u00e7l\u00fc bir aday olarak g\u00f6r\u00fcl\u00fcyor..<\/p>\n","protected":false},"excerpt":{"rendered":"<p>UGANDA&#8217;DA 2021&#8217;DE YAPILACAK CUMHURBA\u015eKANLI\u011eI SE\u00c7\u0130MLER\u0130NE ADAY OLAN MUHAL\u0130F BOB\u0130 WAYN&#8217;IN TUTUKLANMASININ ARDINDAN \u00dcLKE \u00c7APINDA PROTESTO G\u00d6STER\u0130LER\u0130 D\u00dcZENLEN\u0130YOR.. G\u00d6STER\u0130C\u0130LERE ATE\u015e A\u00c7ILMASI SONUCU 3 K\u0130\u015e\u0130 HAYATINI KAYBETT\u0130, 34 K\u0130\u015e\u0130 DE YARALANDI. Uganda&#8217;da 14 Ocak tarihinde yap\u0131lmas\u0131 planlanan Cumhurba\u015fkanl\u0131\u011f\u0131 se\u00e7imlerine aday olan \u015fark\u0131c\u0131 ve muhalif politikac\u0131 Bobi Vayn tutukland\u0131.. Ger\u00e7ek ad\u0131 Robert Kya-gulanyi olan Vayn&#8217;\u0131n destek\u00e7ileri ba\u015fkent Kampala &hellip;<\/p>\n","protected":false},"author":1,"featured_media":0,"comment_status":"open","ping_status":"open","sticky":false,"template":"","format":"standard","meta":[],"categories":[1],"tags":[],"_links":{"self":[{"href":"http:\/\/www.habertelgraf.com\/index.php?rest_route=\/wp\/v2\/posts\/506"}],"collection":[{"href":"http:\/\/www.habertelgraf.com\/index.php?rest_route=\/wp\/v2\/posts"}],"about":[{"href":"http:\/\/www.habertelgraf.com\/index.php?rest_route=\/wp\/v2\/types\/post"}],"author":[{"embeddable":true,"href":"http:\/\/www.habertelgraf.com\/index.php?rest_route=\/wp\/v2\/users\/1"}],"replies":[{"embeddable":true,"href":"http:\/\/www.habertelgraf.com\/index.php?rest_route=%2Fwp%2Fv2%2Fcomments&post=506"}],"version-history":[{"count":1,"href":"http:\/\/www.habertelgraf.com\/index.php?rest_route=\/wp\/v2\/posts\/506\/revisions"}],"predecessor-version":[{"id":507,"href":"http:\/\/www.habertelgraf.com\/index.php?rest_route=\/wp\/v2\/posts\/506\/revisions\/507"}],"wp:attachment":[{"href":"http:\/\/www.habertelgraf.com\/index.php?rest_route=%2Fwp%2Fv2%2Fmedia&parent=506"}],"wp:term":[{"taxonomy":"category","embeddable":true,"href":"http:\/\/www.habertelgraf.com\/index.php?rest_route=%2Fwp%2Fv2%2Fcategories&post=506"},{"taxonomy":"post_tag","embeddable":true,"href":"http:\/\/www.habertelgraf.com\/index.php?rest_route=%2Fwp%2Fv2%2Ftags&post=506"}],"curies":[{"name":"wp","href":"https:\/\/api.w.org\/{rel}","templated":true}]}}