{"id":508,"date":"2020-11-19T09:10:23","date_gmt":"2020-11-19T06:10:23","guid":{"rendered":"http:\/\/www.habertelgraf.com\/?p=508"},"modified":"2020-11-19T09:10:23","modified_gmt":"2020-11-19T06:10:23","slug":"asi-savaslari-basliyor","status":"publish","type":"post","link":"http:\/\/www.habertelgraf.com\/?p=508","title":{"rendered":"A\u015f\u0131 sava\u015flar\u0131 ba\u015fl\u0131yor"},"content":{"rendered":"\n<p><\/p>\n\n\n\n<p>covid-19 a\u015f\u0131s\u0131 piyasaya s\u00fcr\u00fclmek \u00fczere.. Ruhsat verilmesinin ard\u0131ndan a\u015f\u0131 da\u011f\u0131t\u0131m\u0131na ge\u00e7ilecek. D\u00fcnyada t\u00fcm \u00fclkeler a\u015f\u0131 i\u00e7in kuyru\u011fa girmi\u015f durumda.<\/p>\n\n\n\n<p>T\u00fcrkiye&#8217;de Sa\u011fl\u0131k Bakan\u0131 Fahrettin Koca, yerli a\u015f\u0131 i\u00e7in tarih verdi&#8212; \/\/\/\/<\/p>\n\n\n\n<p>Sa\u011fl\u0131k Bakan\u0131 Fahrettin Koca yerli a\u015f\u0131yla ilgili yapt\u0131\u011f\u0131 a\u00e7\u0131klamada, &#8220;Bizim a\u015f\u0131m\u0131z\u0131n devreye girmesi Nisan ay\u0131 gibi olur.&#8221; dedi.<\/p>\n\n\n\n<p>??==-<\/p>\n\n\n\n<p>YERL\u0130 A\u015eI N\u0130SANDA HAZIR<\/p>\n\n\n\n<p>Bakan Koca ayr\u0131ca, koronavir\u00fcs a\u015f\u0131s\u0131n\u0131n \u00fclkeye geli\u015f s\u00fcreci ve yerli a\u015f\u0131 \u00e7al\u0131\u015fmalar\u0131yla da ilgili konu\u015ftu.<\/p>\n\n\n\n<p>Yerli a\u015f\u0131n\u0131n devreye girmesinin nisan ay\u0131nda ger\u00e7ekle\u015fece\u011fini s\u00f6yleyen Fahrettin Koca, Pfizer&#8217;\u0131n a\u015f\u0131s\u0131na da de\u011findi.<\/p>\n\n\n\n<p>RUHSATI ARALIKTA \u00c7IKARSA, 1 M\u0130LYON A\u015eI VER\u0130LECEK<br>Bakan Koca, &#8220;Pfizer ((a\u015f\u0131) ile ilgili Aral\u0131k ay\u0131nda olma ihtimali zay\u0131f g\u00f6r\u00fcn\u00fcyor. Ruhsat\u0131n Aral\u0131k&#8217;ta olmama ihtimali y\u00fcksek oldu. Olursa T\u00fcrkiye&#8217;ye verebilece\u011fi rakam 1 milyon. Y\u0131l i\u00e7inde de 25 milyona olabilirli\u011fi \u015feklinde g\u00f6r\u00fc\u015fmelerimiz var.&#8221; dedi.<\/p>\n\n\n\n<p>Bat\u0131 d\u00fcnyas\u0131n\u0131n \u015fimdiye kadar s\u00f6z\u00fcnde durmad\u011f\u0131 g\u00f6z \u00f6n\u00fcne al\u0131nd\u0131\u011f\u0131nda T\u00fcrkiye&#8217;nin ihtiyatl\u0131 bir yol izledi\u011fi g\u00f6zleniyor. c<\/p>\n\n\n\n<p>\u00c7in&#8217;in \u00fcretti\u011fi a\u015f\u0131yla ilgili de a\u00e7\u0131klamaya yapan Koca, &#8220;\u00c7in a\u015f\u0131s\u0131 i\u00e7in de Aral\u0131k ay\u0131nda 10 milyon a\u015f\u0131 alabilece\u011fiz Ocak ay\u0131nda da b\u00f6yle olacak bu say\u0131 2 kat\u0131na \u00e7\u0131kabilir bir iki g\u00fcn i\u00e7inde s\u00f6zle\u015fmeler imzalanacak.&#8221; ifadelerini kulland\u0131.<\/p>\n\n\n\n<p>Dolay\u0131s\u0131yla y\u0131l\u0131n ilk \u00e7eyre\u011finde a\u015f\u0131n\u0131n T\u00fcrkiye&#8217;de de uygulanmaya ba\u015flayaca\u011f\u0131 s\u00f6ylenebilir.<\/p>\n\n\n\n<p>Pandeminin ilk g\u00fcnlerinde \u00fclkelerin birbirlerinden maske \u00e7ald\u0131\u011f\u0131 g\u00fcndeme gelmi\u015fti. Benzer olaylar\u0131n a\u015f\u0131 konusunda da ya\u015fan\u0131p ya\u015fanmayaca\u011f\u0131n\u0131 zaman g\u00f6sterecek.<\/p>\n","protected":false},"excerpt":{"rendered":"<p>covid-19 a\u015f\u0131s\u0131 piyasaya s\u00fcr\u00fclmek \u00fczere.. Ruhsat verilmesinin ard\u0131ndan a\u015f\u0131 da\u011f\u0131t\u0131m\u0131na ge\u00e7ilecek. D\u00fcnyada t\u00fcm \u00fclkeler a\u015f\u0131 i\u00e7in kuyru\u011fa girmi\u015f durumda. T\u00fcrkiye&#8217;de Sa\u011fl\u0131k Bakan\u0131 Fahrettin Koca, yerli a\u015f\u0131 i\u00e7in tarih verdi&#8212; \/\/\/\/ Sa\u011fl\u0131k Bakan\u0131 Fahrettin Koca yerli a\u015f\u0131yla ilgili yapt\u0131\u011f\u0131 a\u00e7\u0131klamada, &#8220;Bizim a\u015f\u0131m\u0131z\u0131n devreye girmesi Nisan ay\u0131 gibi olur.&#8221; dedi. ??==- YERL\u0130 A\u015eI N\u0130SANDA HAZIR Bakan Koca &hellip;<\/p>\n","protected":false},"author":1,"featured_media":37,"comment_status":"open","ping_status":"open","sticky":false,"template":"","format":"standard","meta":[],"categories":[5],"tags":[],"_links":{"self":[{"href":"http:\/\/www.habertelgraf.com\/index.php?rest_route=\/wp\/v2\/posts\/508"}],"collection":[{"href":"http:\/\/www.habertelgraf.com\/index.php?rest_route=\/wp\/v2\/posts"}],"about":[{"href":"http:\/\/www.habertelgraf.com\/index.php?rest_route=\/wp\/v2\/types\/post"}],"author":[{"embeddable":true,"href":"http:\/\/www.habertelgraf.com\/index.php?rest_route=\/wp\/v2\/users\/1"}],"replies":[{"embeddable":true,"href":"http:\/\/www.habertelgraf.com\/index.php?rest_route=%2Fwp%2Fv2%2Fcomments&post=508"}],"version-history":[{"count":1,"href":"http:\/\/www.habertelgraf.com\/index.php?rest_route=\/wp\/v2\/posts\/508\/revisions"}],"predecessor-version":[{"id":509,"href":"http:\/\/www.habertelgraf.com\/index.php?rest_route=\/wp\/v2\/posts\/508\/revisions\/509"}],"wp:featuredmedia":[{"embeddable":true,"href":"http:\/\/www.habertelgraf.com\/index.php?rest_route=\/wp\/v2\/media\/37"}],"wp:attachment":[{"href":"http:\/\/www.habertelgraf.com\/index.php?rest_route=%2Fwp%2Fv2%2Fmedia&parent=508"}],"wp:term":[{"taxonomy":"category","embeddable":true,"href":"http:\/\/www.habertelgraf.com\/index.php?rest_route=%2Fwp%2Fv2%2Fcategories&post=508"},{"taxonomy":"post_tag","embeddable":true,"href":"http:\/\/www.habertelgraf.com\/index.php?rest_route=%2Fwp%2Fv2%2Ftags&post=508"}],"curies":[{"name":"wp","href":"https:\/\/api.w.org\/{rel}","templated":true}]}}