{"id":512,"date":"2020-11-20T14:44:35","date_gmt":"2020-11-20T11:44:35","guid":{"rendered":"http:\/\/www.habertelgraf.com\/?p=512"},"modified":"2020-11-20T14:53:37","modified_gmt":"2020-11-20T11:53:37","slug":"unlu-uzman-panikle-kur-yuksekken-dolar-alanlari-uyardi","status":"publish","type":"post","link":"http:\/\/www.habertelgraf.com\/?p=512","title":{"rendered":"\u00dcnl\u00fc uzman panikle kur y\u00fcksekken dolar alanlar\u0131 uyard\u0131!"},"content":{"rendered":"\n<p><strong>Alt\u0131n ve Para piyasalar\u0131 uzman\u0131 \u0130slam Memi\u015f son d\u00f6nemde kurlardaki dalgalanmay\u0131 de\u011ferlendirdi. \u00dclke Tv&#8217;de yay\u0131nlanan \u00dclkede Bug\u00fcn program\u0131na konuk olan Memi\u015f, y\u00fcksek kurdan dolar alanlar\u0131 bekleyen tehlikeye dikkat \u00e7ekti.<\/strong><\/p>\n\n\n\n<p><\/p>\n\n\n\n<p><\/p>\n\n\n\n<p><\/p>\n\n\n\n<p><\/p>\n\n\n\n<p><\/p>\n\n\n\n<figure class=\"wp-block-embed-youtube wp-block-embed is-type-video is-provider-youtube wp-embed-aspect-16-9 wp-has-aspect-ratio\"><div class=\"wp-block-embed__wrapper\">\n<iframe loading=\"lazy\" title=\"KUR Y\u00dcKSEKKEN ALTIN ALANLAR \u0130SLAM MEM\u0130\u015e \/ M. MUSTAFA YILDIZ\" width=\"960\" height=\"540\" src=\"https:\/\/www.youtube.com\/embed\/uuXQ9aQcZt0?feature=oembed\" frameborder=\"0\" allow=\"accelerometer; autoplay; clipboard-write; encrypted-media; gyroscope; picture-in-picture\" allowfullscreen><\/iframe>\n<\/div><\/figure>\n\n\n\n<p><\/p>\n\n\n\n<p><\/p>\n\n\n\n<p><\/p>\n\n\n\n<p><\/p>\n\n\n\n<p><strong>Memi\u015f&#8217;in a\u00e7\u0131klamalar\u0131 \u015f\u00f6yle:<\/strong><\/p>\n\n\n\n<p>&#8220;Kapal\u0131\u00e7ar\u015f\u0131 piyasas\u0131nda d\u00f6viz b\u00fcfelerinde Kuyruk var. Kuyumcular g\u00f6rd\u00fcm. Kuyruk var yok sat\u0131yorlar ya!<br>Bildi\u011fin yok yok yani!<br>Zaman en y\u00fcksek oldu\u011fu zaman\u2026 Gram 520 ve 540 zaman\u0131nda alt\u0131n yok yani.<br>Herkes dolara ko\u015fuyor dolar 8.30 zaten. Yani d\u00fc\u015f\u00fck de\u011fil ki!<br>Buradaki alg\u0131 ve yap\u0131lmas\u0131 istenen \u015fey \u00e7ok farkl\u0131 asl\u0131nda. Burada \u00f6nemli olan vatanda\u015f\u0131n psikolojik anlamda gaza gelmi\u015f olmas\u0131.<br>Di\u011fer yandan da vatanda\u015flar\u0131n \u00d6zellikle bu s\u00fcre\u00e7te maliyet a\u00e7\u0131s\u0131ndan T\u00fcrk paras\u0131n\u0131 tercih edecek T\u00fcrkiye ekonomisini tercih edecek yoksa ba\u015fka \u00fclkenin ekonomisine destek vermek i\u00e7in gidecek d\u00f6viz mi sat\u0131n alacak?<br>Buradaki alg\u0131 \u00e7ok \u00f6nemliydi. Ve ger\u00e7ekten zarar vermek isteyenler kazand\u0131.<\/p>\n\n\n\n<p>Say\u0131n Cumhurba\u015fkan\u0131m Merkez Bankas\u0131 ba\u015fkan\u0131n\u0131 g\u00f6revden ald\u0131, maliye bakan\u0131na de\u011fi\u015fiklik oldu ve sonu\u00e7ta piyasalara bir mesaj geldi.<\/p>\n\n\n\n<p>Burada bir sorun mu var? Bu sorunu \u00e7\u00f6zmek i\u00e7in bir de\u011fi\u015fikli\u011fe gidiliyor. Tak tak tak tak d\u00f6viz kurlar\u0131nda de\u011fi\u015fiklik oldu. Bir de Hafta sonuna denk geldi.<\/p>\n\n\n\n<p>Evet do\u011fru karde\u015fim! T\u00fcrk paras\u0131 de\u011fer kazanmaya ba\u015flad\u0131. Bu sefer de cuma g\u00fcn\u00fc herkes kapal\u0131\u00e7ar\u015f\u0131 piyasas\u0131nda kuyruk olu\u015fturmu\u015ftu. D\u00f6viz almak i\u00e7in\u2026<\/p>\n\n\n\n<p>7 Kas\u0131m tarihi Pazartesi g\u00fcn\u00fc geliyorsun bu sefer de millet satmak i\u00e7in geri geliyor piyasada ne kadar \u00e7abuk dolar kuru 7,62 lira seviyesine kadar geriledi ciddi bir d\u00fc\u015f\u00fc\u015f oldu&#8221;<\/p>\n\n\n\n<p><\/p>\n\n\n\n<p><strong>Alt\u0131n ve Para Politikalar\u0131 Uzman\u0131 \u0130slam Memi\u015f ayr\u0131ca: &#8220;D\u00fcnyaya k\u00fcresel bir kriz geliyor.&#8221; dedi.<\/strong><\/p>\n\n\n\n<p><\/p>\n\n\n\n<figure class=\"wp-block-embed-twitter wp-block-embed is-type-rich is-provider-twitter\"><div class=\"wp-block-embed__wrapper\">\n<blockquote class=\"twitter-tweet\" data-width=\"550\" data-dnt=\"true\"><p lang=\"tr\" dir=\"ltr\">Merkez Bankas\u0131 faizi y\u00fckseltti.<br>Alt\u0131n ve Para Politikalar\u0131 Uzman\u0131 \u0130slam Memi\u015f: &quot;D\u00fcnyaya k\u00fcresel bir kriz geliyor.&quot; <a href=\"https:\/\/twitter.com\/buulkeninsesi?ref_src=twsrc%5Etfw\">@buulkeninsesi<\/a> <a href=\"https:\/\/twitter.com\/memuyi?ref_src=twsrc%5Etfw\">@memuyi<\/a> <a href=\"https:\/\/twitter.com\/islammemiss?ref_src=twsrc%5Etfw\">@islammemiss<\/a> <a href=\"https:\/\/t.co\/gU75ddUKeY\">pic.twitter.com\/gU75ddUKeY<\/a><\/p>&mdash; \u00dcLKE TV (@ulketv) <a href=\"https:\/\/twitter.com\/ulketv\/status\/1329723897969782784?ref_src=twsrc%5Etfw\">November 20, 2020<\/a><\/blockquote><script async src=\"https:\/\/platform.twitter.com\/widgets.js\" charset=\"utf-8\"><\/script>\n<\/div><\/figure>\n","protected":false},"excerpt":{"rendered":"<p>Alt\u0131n ve Para piyasalar\u0131 uzman\u0131 \u0130slam Memi\u015f son d\u00f6nemde kurlardaki dalgalanmay\u0131 de\u011ferlendirdi. \u00dclke Tv&#8217;de yay\u0131nlanan \u00dclkede Bug\u00fcn program\u0131na konuk olan Memi\u015f, y\u00fcksek kurdan dolar alanlar\u0131 bekleyen tehlikeye dikkat \u00e7ekti. Memi\u015f&#8217;in a\u00e7\u0131klamalar\u0131 \u015f\u00f6yle: &#8220;Kapal\u0131\u00e7ar\u015f\u0131 piyasas\u0131nda d\u00f6viz b\u00fcfelerinde Kuyruk var. Kuyumcular g\u00f6rd\u00fcm. Kuyruk var yok sat\u0131yorlar ya!Bildi\u011fin yok yok yani!Zaman en y\u00fcksek oldu\u011fu zaman\u2026 Gram 520 ve &hellip;<\/p>\n","protected":false},"author":1,"featured_media":48,"comment_status":"open","ping_status":"open","sticky":false,"template":"","format":"standard","meta":[],"categories":[3],"tags":[],"_links":{"self":[{"href":"http:\/\/www.habertelgraf.com\/index.php?rest_route=\/wp\/v2\/posts\/512"}],"collection":[{"href":"http:\/\/www.habertelgraf.com\/index.php?rest_route=\/wp\/v2\/posts"}],"about":[{"href":"http:\/\/www.habertelgraf.com\/index.php?rest_route=\/wp\/v2\/types\/post"}],"author":[{"embeddable":true,"href":"http:\/\/www.habertelgraf.com\/index.php?rest_route=\/wp\/v2\/users\/1"}],"replies":[{"embeddable":true,"href":"http:\/\/www.habertelgraf.com\/index.php?rest_route=%2Fwp%2Fv2%2Fcomments&post=512"}],"version-history":[{"count":4,"href":"http:\/\/www.habertelgraf.com\/index.php?rest_route=\/wp\/v2\/posts\/512\/revisions"}],"predecessor-version":[{"id":516,"href":"http:\/\/www.habertelgraf.com\/index.php?rest_route=\/wp\/v2\/posts\/512\/revisions\/516"}],"wp:featuredmedia":[{"embeddable":true,"href":"http:\/\/www.habertelgraf.com\/index.php?rest_route=\/wp\/v2\/media\/48"}],"wp:attachment":[{"href":"http:\/\/www.habertelgraf.com\/index.php?rest_route=%2Fwp%2Fv2%2Fmedia&parent=512"}],"wp:term":[{"taxonomy":"category","embeddable":true,"href":"http:\/\/www.habertelgraf.com\/index.php?rest_route=%2Fwp%2Fv2%2Fcategories&post=512"},{"taxonomy":"post_tag","embeddable":true,"href":"http:\/\/www.habertelgraf.com\/index.php?rest_route=%2Fwp%2Fv2%2Ftags&post=512"}],"curies":[{"name":"wp","href":"https:\/\/api.w.org\/{rel}","templated":true}]}}