{"id":517,"date":"2020-11-22T00:11:07","date_gmt":"2020-11-21T21:11:07","guid":{"rendered":"http:\/\/www.habertelgraf.com\/?p=517"},"modified":"2020-11-22T00:19:35","modified_gmt":"2020-11-21T21:19:35","slug":"517","status":"publish","type":"post","link":"http:\/\/www.habertelgraf.com\/?p=517","title":{"rendered":"ANAL\u0130Z &#8211; CHP bu a\u00e7\u0131klamalar\u0131 neden yap\u0131yor?"},"content":{"rendered":"\n<p><\/p>\n\n\n\n<p class=\"has-medium-font-size\">CHP D\u0131\u015f \u0130li\u015fkilerden Sorumlu Genel Ba\u015fkan Yard\u0131mc\u0131s\u0131 Emekli B\u00fcy\u00fckel\u00e7i \u00dcnal \u00c7evik\u00f6z,&nbsp;Amerikan Alman Marshall Fonu (GMF) adl\u0131 d\u00fc\u015f\u00fcnce kurulu\u015funun&nbsp;<strong><em>&#8220;T\u00fcrkiye&#8217;nin 2021&#8217;de D\u0131\u015f Politika \u00d6ncelikleri: Ana Muhalefet Partisinden Bir Bak\u0131\u015f&#8221;<\/em><\/strong>&nbsp;ba\u015fl\u0131kl\u0131 online paneline kat\u0131ld\u0131.<\/p>\n\n\n\n<p><\/p>\n\n\n\n<p class=\"has-medium-font-size\"><strong>Kat\u0131ld\u0131\u011f\u0131 panelde T\u00fcrk-Amerikan ili\u015fkileri \u00fczerine sorulan bir soruya \u00c7evik\u00f6z, Biden y\u00f6netiminden ilk beklentilerinin domokrasiye g\u00fc\u00e7l\u00fc bir vurgu yap\u0131lmas\u0131 olaca\u011f\u0131n\u0131 s\u00f6yledi.<\/strong><\/p>\n\n\n\n<p class=\"has-medium-font-size\">Ayr\u0131ca CHP Genel Ba\u015fkan Yard\u0131mc\u0131s\u0131 \u00dcnal \u00c7evik\u00f6z, kat\u0131ld\u0131\u011f\u0131 panelde T\u00fcrkiye d\u0131\u015f politikas\u0131na ili\u015fkin de\u011ferlendirmeler yaparken, S-400&#8217;lerin aktif hale getirilmemesi gerekti\u011fini s\u00f6yledi.<\/p>\n\n\n\n<p>\u00dcnal \u00c7evik\u00f6z, Suriye&#8217;de demokratik d\u00f6n\u00fc\u015f\u00fcm\u00fcn sa\u011flanmas\u0131, Suriye g\u00fcvenlik g\u00fc\u00e7lerinin \u00fclkelerinde g\u00fcvenlik ve istikrar\u0131 sa\u011flamas\u0131 halinde T\u00fcrk askerlerinin de \u00e7ekilmesi gerekti\u011fini, uluslararas\u0131 toplumun g\u00f6z\u00fcnde orada&nbsp;<strong><em>&#8220;i\u015fgalci&#8221;<\/em><\/strong>&nbsp;gibi bir g\u00f6r\u00fcm\u00fcn\u00fcn yarat\u0131lmamas\u0131n\u0131n \u00f6nemli oldu\u011funu belirtti.<\/p>\n\n\n\n<p>CHP&#8217;li \u00c7evik\u00f6z&#8217;\u00fcn s\u00f6zleri b\u00fcy\u00fck tepki \u00e7ekti.<\/p>\n\n\n\n<p><\/p>\n\n\n\n<p>\u0130leti\u015fim Ba\u015fkan\u0131 Fahrettin Altun sosyal medya hesab\u0131ndan \u015fu payla\u015f\u0131m\u0131 yapt\u0131:<br>\u201cMuhalefet, T\u00fcrkiye\u2019nin milli bir d\u0131\u015f politikas\u0131 olmasa d\u0131\u015f ili\u015fkilerini daha iyi y\u00f6netirdi diyor.<\/p>\n\n\n\n<p>T\u00fcrkiye, Cumhurba\u015fkan\u0131m\u0131z liderli\u011finde ba\u011f\u0131ms\u0131z ve \u00e7ok y\u00f6nl\u00fc bir d\u0131\u015f politika izlemeye devam ediyor.<\/p>\n\n\n\n<p>Muhataplar\u0131m\u0131z ile ilkelerimiz, \u00f6nceliklerimiz ve milli \u00e7\u0131karlar\u0131m\u0131z \u0131\u015f\u0131\u011f\u0131nda ili\u015fkiler s\u00fcrd\u00fcr\u00fcyoruz.<\/p>\n\n\n\n<p>M\u00fcttefiklerimiz ile uyu\u015fmazl\u0131k ve sorunlar\u0131m\u0131z\u0131 etkin ve enerjik diplomasimizle m\u00fczakere ediyoruz.<\/p>\n\n\n\n<p>Cumhurba\u015fkan\u0131m\u0131z\u0131n ifade etti\u011fi gibi kimsenin hakk\u0131nda g\u00f6z\u00fcm\u00fcz yok, kimseye hakk\u0131m\u0131z\u0131 da yedirmiyoruz.<\/p>\n\n\n\n<p>Bu kriterlerden rahats\u0131z olanlar, elbette ba\u015fka \u00fclkelere T\u00fcrkiye ile ili\u015fkiler konusunda tavsiyelerde bulunacakt\u0131r. Onlar\u0131 milletimizin vicdan\u0131na havale ediyoruz.\u201d<\/p>\n\n\n\n<figure class=\"wp-block-embed-twitter wp-block-embed is-type-rich is-provider-twitter\"><div class=\"wp-block-embed__wrapper\">\n<blockquote class=\"twitter-tweet\" data-width=\"550\" data-dnt=\"true\"><p lang=\"tr\" dir=\"ltr\">Muhalefet, T\u00fcrkiye\u2019nin milli bir d\u0131\u015f politikas\u0131 olmasa d\u0131\u015f ili\u015fkilerini daha iyi y\u00f6netirdi diyor. <br> <br>T\u00fcrkiye, Cumhurba\u015fkan\u0131m\u0131z liderli\u011finde ba\u011f\u0131ms\u0131z ve \u00e7ok y\u00f6nl\u00fc bir d\u0131\u015f politika izlemeye devam ediyor.<\/p>&mdash; Fahrettin Altun (@fahrettinaltun) <a href=\"https:\/\/twitter.com\/fahrettinaltun\/status\/1330245664035528705?ref_src=twsrc%5Etfw\">November 21, 2020<\/a><\/blockquote><script async src=\"https:\/\/platform.twitter.com\/widgets.js\" charset=\"utf-8\"><\/script>\n<\/div><\/figure>\n\n\n\n<p><\/p>\n\n\n\n<h2 id=\"Biden-ne-dedi-\">Biden ne dedi?<\/h2>\n\n\n\n<p>Joe Biden New York Times&#8217;a \u015fu a\u00e7\u0131klamay\u0131 yapm\u0131\u015ft\u0131. :<\/p>\n\n\n\n<p>&#8220;Bence yapmam\u0131z gereken ona (Erdo\u011fan&#8217;a) kar\u015f\u0131 farkl\u0131 bir yakla\u015f\u0131m izlemek. Muhalefetin liderlerini destekledi\u011fimizi a\u00e7\u0131k \u015fekilde belirtmeliyiz. A\u00e7\u0131k\u00e7a pozisyonumuzun parlamentoda da yer edinmek isteyen K\u00fcrt n\u00fcfusun entegrasyonunu sa\u011flamak oldu\u011funu s\u00f6ylemeliyiz. Yanl\u0131\u015f oldu\u011funu d\u00fc\u015f\u00fcnd\u00fc\u011f\u00fcm\u00fcz \u015feyler hakk\u0131nda sesimizi \u00e7\u0131karmal\u0131y\u0131z. Yapt\u0131klar\u0131n\u0131n bedelini \u00f6demeli. Baz\u0131 silahlar\u0131 ona sat\u0131p satmayaca\u011f\u0131m\u0131zla ilgili, bir bedel \u00f6demeli. \u00d6zellikle de \u00fczerinde F-15 u\u00e7urarak \u00e7\u00f6zmeye \u00e7al\u0131\u015ft\u0131klar\u0131 bir hava savunma sistemleri oldu\u011funu d\u00fc\u015f\u00fcnd\u00fc\u011f\u00fcm\u00fczde. Bunlar hakk\u0131nda \u00e7ok endi\u015feliyim.&#8221;<\/p>\n\n\n\n<p>&#8220;Ama h\u00e2l\u00e2, ge\u00e7mi\u015fte yapt\u0131\u011f\u0131m gibi, onlarla (muhalefet) do\u011frudan ileti\u015fimde olup, h\u00e2l\u00e2 var olan unsurlar\u0131n\u0131 destekleyip onlar\u0131 Erdo\u011fan&#8217;\u0131 ma\u011flup etmeleri i\u00e7in cesaretlendirebiliriz. Darbe ile de\u011fil, darbe ile de\u011fil, se\u00e7imle.&#8221;<\/p>\n\n\n\n<p>&#8220;(Erdo\u011fan ve partisi) Da\u011f\u0131ld\u0131, \u0130stanbul&#8217;da da\u011f\u0131ld\u0131, peki biz ne yap\u0131yoruz? Oturup teslim mi olaca\u011f\u0131z? Yapaca\u011f\u0131m son \u015fey ona K\u00fcrtler konusunda boyun e\u011fmek olurdu. Onunla K\u00fcrtler konusunda birka\u00e7 kez g\u00f6r\u00fc\u015fm\u00fc\u015ft\u00fcm. O d\u00f6nemde hen\u00fcz \u00fczerlerine gitmiyorlard\u0131.&#8221;<\/p>\n\n\n\n<p>&#8220;Her neyse, \u015funu a\u00e7\u0131k\u00e7a belirtmeliyiz\u2026 G\u00fcn\u00fcn sonunda T\u00fcrkiye de Rusya&#8217;ya ba\u011f\u0131ml\u0131 olmak istemez.&#8221;<\/p>\n\n\n\n<p>&#8220;\u00c7ok endi\u015feliyim, \u00e7ok endi\u015feliyim. Hava sahalar\u0131m\u0131z ve onlara eri\u015fimimiz konusunda da \u00e7ok endi\u015feliyim. B\u00f6lgedeki m\u00fcttefiklerimizle bir araya gelerek onun b\u00f6lgedeki faaliyetlerini tecrit etmek bizim i\u00e7in \u00e7ok \u00e7aba gerektiren bir i\u015f. \u00d6zellikle de Do\u011fu Akdeniz&#8217;deki petrol faaliyetleri gibi u\u011fra\u015fmas\u0131 \u00e7ok uzun s\u00fcren bir\u00e7ok di\u011fer konu\u2026 Ama cevab\u0131m \u015fu; evet endi\u015feliyim.&#8221;<\/p>\n\n\n\n<p><\/p>\n\n\n\n<p>CHP&#8217;nin ise bu s\u00f6ylemler sonras\u0131 tak\u0131nd\u0131\u011f\u0131 tav\u0131r olduk\u00e7a d\u00fc\u015f\u00fcnd\u00fcr\u00fcc\u00fc.<\/p>\n\n\n\n<p>Yap\u0131lan son a\u00e7\u0131klamalar da Biden&#8217;a mesaj olarak de\u011ferlendiriliyor.<\/p>\n","protected":false},"excerpt":{"rendered":"<p>CHP D\u0131\u015f \u0130li\u015fkilerden Sorumlu Genel Ba\u015fkan Yard\u0131mc\u0131s\u0131 Emekli B\u00fcy\u00fckel\u00e7i \u00dcnal \u00c7evik\u00f6z,&nbsp;Amerikan Alman Marshall Fonu (GMF) adl\u0131 d\u00fc\u015f\u00fcnce kurulu\u015funun&nbsp;&#8220;T\u00fcrkiye&#8217;nin 2021&#8217;de D\u0131\u015f Politika \u00d6ncelikleri: Ana Muhalefet Partisinden Bir Bak\u0131\u015f&#8221;&nbsp;ba\u015fl\u0131kl\u0131 online paneline kat\u0131ld\u0131. Kat\u0131ld\u0131\u011f\u0131 panelde T\u00fcrk-Amerikan ili\u015fkileri \u00fczerine sorulan bir soruya \u00c7evik\u00f6z, Biden y\u00f6netiminden ilk beklentilerinin domokrasiye g\u00fc\u00e7l\u00fc bir vurgu yap\u0131lmas\u0131 olaca\u011f\u0131n\u0131 s\u00f6yledi. Ayr\u0131ca CHP Genel Ba\u015fkan Yard\u0131mc\u0131s\u0131 &hellip;<\/p>\n","protected":false},"author":1,"featured_media":0,"comment_status":"open","ping_status":"open","sticky":false,"template":"","format":"standard","meta":[],"categories":[1],"tags":[],"_links":{"self":[{"href":"http:\/\/www.habertelgraf.com\/index.php?rest_route=\/wp\/v2\/posts\/517"}],"collection":[{"href":"http:\/\/www.habertelgraf.com\/index.php?rest_route=\/wp\/v2\/posts"}],"about":[{"href":"http:\/\/www.habertelgraf.com\/index.php?rest_route=\/wp\/v2\/types\/post"}],"author":[{"embeddable":true,"href":"http:\/\/www.habertelgraf.com\/index.php?rest_route=\/wp\/v2\/users\/1"}],"replies":[{"embeddable":true,"href":"http:\/\/www.habertelgraf.com\/index.php?rest_route=%2Fwp%2Fv2%2Fcomments&post=517"}],"version-history":[{"count":4,"href":"http:\/\/www.habertelgraf.com\/index.php?rest_route=\/wp\/v2\/posts\/517\/revisions"}],"predecessor-version":[{"id":521,"href":"http:\/\/www.habertelgraf.com\/index.php?rest_route=\/wp\/v2\/posts\/517\/revisions\/521"}],"wp:attachment":[{"href":"http:\/\/www.habertelgraf.com\/index.php?rest_route=%2Fwp%2Fv2%2Fmedia&parent=517"}],"wp:term":[{"taxonomy":"category","embeddable":true,"href":"http:\/\/www.habertelgraf.com\/index.php?rest_route=%2Fwp%2Fv2%2Fcategories&post=517"},{"taxonomy":"post_tag","embeddable":true,"href":"http:\/\/www.habertelgraf.com\/index.php?rest_route=%2Fwp%2Fv2%2Ftags&post=517"}],"curies":[{"name":"wp","href":"https:\/\/api.w.org\/{rel}","templated":true}]}}