{"id":528,"date":"2020-11-24T20:45:04","date_gmt":"2020-11-24T17:45:04","guid":{"rendered":"http:\/\/www.habertelgraf.com\/?p=528"},"modified":"2020-11-24T20:45:06","modified_gmt":"2020-11-24T17:45:06","slug":"analiz-asi-calismalarinda-onay-mucadelesi","status":"publish","type":"post","link":"http:\/\/www.habertelgraf.com\/?p=528","title":{"rendered":"ANAL\u0130Z &#8211; A\u015f\u0131 \u00e7al\u0131\u015fmalar\u0131nda onay m\u00fccadelesi"},"content":{"rendered":"\n<p>A\u015f\u0131 \u00e7al\u0131\u015fmalar\u0131 t\u00fcm d\u00fcnyada h\u0131zl\u0131 bir \u015fekilde s\u00fcrerken ila\u00e7 firmalar\u0131n\u0131n bulduklar\u0131 a\u015f\u0131lara onay almak m\u00fccadelesi de devam ediyor.<\/p>\n\n\n\n<p>Rusya kendi a\u015f\u0131s\u0131n\u0131 d\u00fcnya piyasas\u0131na erkenden s\u00fcrerken ABD ve \u00c7in ba\u015fta olmak \u00fczere di\u011fer \u00e7al\u0131\u015fmalar da onay s\u00fcrecinde.<\/p>\n\n\n\n<figure class=\"wp-block-embed-twitter wp-block-embed is-type-rich is-provider-twitter\"><div class=\"wp-block-embed__wrapper\">\n<blockquote class=\"twitter-tweet\" data-width=\"550\" data-dnt=\"true\"><p lang=\"en\" dir=\"ltr\">How do some of the coronavirus vaccines which have published trial data compare?<a href=\"https:\/\/t.co\/48bGpArErd\">https:\/\/t.co\/48bGpArErd<\/a> <a href=\"https:\/\/t.co\/CkR1Bcn460\">pic.twitter.com\/CkR1Bcn460<\/a><\/p>&mdash; BBC News (UK) (@BBCNews) <a href=\"https:\/\/twitter.com\/BBCNews\/status\/1331241398440505350?ref_src=twsrc%5Etfw\">November 24, 2020<\/a><\/blockquote><script async src=\"https:\/\/platform.twitter.com\/widgets.js\" charset=\"utf-8\"><\/script>\n<\/div><\/figure>\n\n\n\n<p>\u0130ngiliz ila\u00e7 devi AstraZeneca, Oxford \u00dcniversitesi ile birlikte geli\u015ftirdi\u011fi Covid-19 a\u015f\u0131s\u0131n\u0131n \u0130ngiltere ve Brezilya&#8217;da ger\u00e7ekle\u015ftirilen geni\u015f kat\u0131l\u0131ml\u0131 testlerinin sonu\u00e7lar\u0131n\u0131 a\u00e7\u0131klad\u0131.<\/p>\n\n\n\n<p>Yap\u0131lan a\u00e7\u0131klamaya g\u00f6re, kat\u0131l\u0131mc\u0131lar\u0131n \u00f6nce yar\u0131m doz, takip eden 14 g\u00fcn veya daha uzun s\u00fcre sonras\u0131nda tam doz a\u015f\u0131 uyguland\u0131\u011f\u0131nda etkinlik y\u00fczde 90 olarak \u00f6l\u00e7\u00fcld\u00fc. Bir ay ara ile uygulanan iki tam dozda ise etkinlik y\u00fczde 62 olarak belirlendi<\/p>\n\n\n\n<figure class=\"wp-block-embed-twitter wp-block-embed is-type-rich is-provider-twitter\"><div class=\"wp-block-embed__wrapper\">\n<blockquote class=\"twitter-tweet\" data-width=\"550\" data-dnt=\"true\"><p lang=\"en\" dir=\"ltr\">The 8 Pharmaceutical companies leading the way for Coronavirus vaccines <a href=\"https:\/\/t.co\/CDTphHAW47\">https:\/\/t.co\/CDTphHAW47<\/a> <a href=\"https:\/\/t.co\/2oma9LHfeN\">pic.twitter.com\/2oma9LHfeN<\/a><\/p>&mdash; BusinessDay (@BusinessDayNg) <a href=\"https:\/\/twitter.com\/BusinessDayNg\/status\/1331271716321038336?ref_src=twsrc%5Etfw\">November 24, 2020<\/a><\/blockquote><script async src=\"https:\/\/platform.twitter.com\/widgets.js\" charset=\"utf-8\"><\/script>\n<\/div><\/figure>\n\n\n\n<p>ABD\u2019nin Covid-19 A\u015f\u0131 Program\u0131 Ba\u015fkan\u0131 Dr. Moncef Slaoui, Pfizer ve BioNTech taraf\u0131ndan geli\u015ftirilen Covid-19 a\u015f\u0131s\u0131n\u0131n 11 Aral\u0131k\u2019ta vatanda\u015flara uygulanmaya ba\u015flayabilece\u011fini belirtti.<\/p>\n\n\n\n<p><\/p>\n\n\n\n<p>Almanya Sa\u011fl\u0131k Bakan\u0131 Jens Spahn da COVID-19&#8217;a kar\u015f\u0131 \u00fclke \u00e7ap\u0131nda a\u015f\u0131laman\u0131n y\u0131l sonundan \u00f6nce ba\u015flayabilece\u011fini s\u00f6yledi. Redaktions Netzwerk Deutschland&#8217;a konu\u015fan Spahn, &#8220;Avrupa&#8217;da bir a\u015f\u0131n\u0131n bu y\u0131l onaylanmas\u0131 konusunda iyimser olmak i\u00e7in nedenler var. Onay\u0131n ard\u0131ndan a\u015f\u0131lamaya ba\u015flayabiliriz&#8221; dedi.&nbsp;<\/p>\n\n\n\n<p>\u0130spanya Ba\u015fbakan\u0131 Pedro Sanchez de COVID-19&#8217;a kar\u015f\u0131 \u00fclke \u00e7ap\u0131nda a\u015f\u0131lamaya Ocak ay\u0131nda ba\u015flama\u015f\u0131 planlad\u0131klar\u0131n\u0131 duyurdu. Sanchez, a\u015f\u0131lama i\u00e7in 13 bin merkez kuracaklar\u0131n\u0131 ve halk\u0131n \u00e7o\u011funlu\u011funun 2021&#8217;in ilk yar\u0131s\u0131 i\u00e7inde a\u015f\u0131lanmas\u0131n\u0131 hedeflediklerini de belirtti.<\/p>\n\n\n\n<p>Telegraph gazetesinihn haberine g\u00f6re Pfizer ve BioNTech&#8217;in birlikte geli\u015ftirdikleri Covid-19 a\u015f\u0131s\u0131n\u0131n ABD&#8217;den \u00f6nce \u0130ngiltere&#8217;den onay almas\u0131 olas\u0131l\u0131\u011f\u0131n\u0131 bulunuyor.<\/p>\n\n\n\n<p>Habere g\u00f6re \u0130ngiltere Ulusal Sa\u011fl\u0131k Servisi&#8217;in Pfizer&#8217;\u0131n Covid-9a\u015f\u0131s\u0131na bu ay sonundan \u00f6nce onay vermesi b\u00fcy\u00fck olas\u0131l\u0131k. Pfizer&#8217;\u0131n geli\u015ftirdi\u011fi a\u015f\u0131n\u0131n ABD&#8217;den FDA&#8217;dan ise Aral\u0131k ay\u0131 ortalar\u0131na do\u011fru onay almas\u0131 ve onaydan birka\u00e7 g\u00fcn sonra ABD&#8217;de a\u015f\u0131laman\u0131n ba\u015flamas\u0131 bekleniyor.<\/p>\n\n\n\n<p><\/p>\n\n\n\n<p><\/p>\n\n\n\n<p>Avrupa \u0130la\u00e7 Ajans\u0131 (EMA) ABD merkezli ila\u00e7 \u00fcreticisi Moderna&#8217;n\u0131n COVID-19&#8217;a kar\u015f\u0131 geli\u015ftirdi\u011fi MRNA-1273 adl\u0131 a\u015f\u0131n\u0131n verilerini g\u00f6zden ge\u00e7irmeye ba\u015flad\u0131\u011f\u0131n\u0131 duyurdu.<\/p>\n\n\n\n<p><\/p>\n\n\n\n<p>EMA, g\u00f6zden ge\u00e7irmede a\u015fn\u0131n etkinli\u011fi, g\u00fcvenli\u011fi ve kalitesinin de g\u00f6zden ge\u00e7irilece\u011fini vurgulad\u0131.<\/p>\n\n\n\n<p>Moderna, MRNA-1273 a\u015f\u0131s\u0131n\u0131n testlerinin g\u00f6zden ge\u00e7irilmesi i\u00e7in ge\u00e7ti\u011fimizi hafta da \u0130svi\u00e7re&#8217;ye ba\u015fvuruda bulunmu\u015ftu.<\/p>\n\n\n\n<p>ABD merkezli ila\u00e7 \u00fcreticisi Moderna, COVID-19&#8217;a kar\u015f\u0131 geli\u015ftirdikleri a\u015f\u0131 aday\u0131 MRNA-1273&#8217;\u00fcn Faz 3 klinik test sonu\u00e7lar\u0131n\u0131n a\u015f\u0131n\u0131n y\u00fczde 94,5oran\u0131nda etkili oldu\u011funu g\u00f6sterdi\u011fini bildirdi.<\/p>\n\n\n\n<p>Moderna geli\u015ftirdikleri a\u015f\u0131 aday\u0131n\u0131n 2-8 derece aral\u0131\u011f\u0131ndaki standard buzdolab\u0131 s\u0131cakl\u0131\u011f\u0131nda etkinli\u011fini 30 g\u00fcn s\u00fcre ile korudu\u011funu da duyurdu.<\/p>\n\n\n\n<p>Pfizer ile BioNTech7in ge\u00e7ti\u011fimiz hafta duyurduklar\u0131 a\u015f\u0131 ise depolama ve nakliye i\u00e7in -70 dereceye ihtiya\u00e7 duyuyor, buzdolab\u0131nda 5 g\u00fcn s\u00fcre ile saklanabiliyordu.<\/p>\n\n\n\n<p>Moderna yapt\u0131\u011f\u0131 a\u00e7\u0131klamada ayr\u0131ca , geli\u015ftirdikleri a\u015f\u0131 aday\u0131n\u0131n g\u00fcvenli ve iyi tolere edilir oldu\u011funu- yan etkileri aras\u0131nda yorgunluk, ba\u015f ve kas a\u011fr\u0131s\u0131n\u0131n oldu\u011funu da belirtti.<\/p>\n","protected":false},"excerpt":{"rendered":"<p>A\u015f\u0131 \u00e7al\u0131\u015fmalar\u0131 t\u00fcm d\u00fcnyada h\u0131zl\u0131 bir \u015fekilde s\u00fcrerken ila\u00e7 firmalar\u0131n\u0131n bulduklar\u0131 a\u015f\u0131lara onay almak m\u00fccadelesi de devam ediyor. Rusya kendi a\u015f\u0131s\u0131n\u0131 d\u00fcnya piyasas\u0131na erkenden s\u00fcrerken ABD ve \u00c7in ba\u015fta olmak \u00fczere di\u011fer \u00e7al\u0131\u015fmalar da onay s\u00fcrecinde. \u0130ngiliz ila\u00e7 devi AstraZeneca, Oxford \u00dcniversitesi ile birlikte geli\u015ftirdi\u011fi Covid-19 a\u015f\u0131s\u0131n\u0131n \u0130ngiltere ve Brezilya&#8217;da ger\u00e7ekle\u015ftirilen geni\u015f kat\u0131l\u0131ml\u0131 testlerinin sonu\u00e7lar\u0131n\u0131 &hellip;<\/p>\n","protected":false},"author":1,"featured_media":0,"comment_status":"open","ping_status":"open","sticky":false,"template":"","format":"standard","meta":[],"categories":[3],"tags":[],"_links":{"self":[{"href":"http:\/\/www.habertelgraf.com\/index.php?rest_route=\/wp\/v2\/posts\/528"}],"collection":[{"href":"http:\/\/www.habertelgraf.com\/index.php?rest_route=\/wp\/v2\/posts"}],"about":[{"href":"http:\/\/www.habertelgraf.com\/index.php?rest_route=\/wp\/v2\/types\/post"}],"author":[{"embeddable":true,"href":"http:\/\/www.habertelgraf.com\/index.php?rest_route=\/wp\/v2\/users\/1"}],"replies":[{"embeddable":true,"href":"http:\/\/www.habertelgraf.com\/index.php?rest_route=%2Fwp%2Fv2%2Fcomments&post=528"}],"version-history":[{"count":1,"href":"http:\/\/www.habertelgraf.com\/index.php?rest_route=\/wp\/v2\/posts\/528\/revisions"}],"predecessor-version":[{"id":529,"href":"http:\/\/www.habertelgraf.com\/index.php?rest_route=\/wp\/v2\/posts\/528\/revisions\/529"}],"wp:attachment":[{"href":"http:\/\/www.habertelgraf.com\/index.php?rest_route=%2Fwp%2Fv2%2Fmedia&parent=528"}],"wp:term":[{"taxonomy":"category","embeddable":true,"href":"http:\/\/www.habertelgraf.com\/index.php?rest_route=%2Fwp%2Fv2%2Fcategories&post=528"},{"taxonomy":"post_tag","embeddable":true,"href":"http:\/\/www.habertelgraf.com\/index.php?rest_route=%2Fwp%2Fv2%2Ftags&post=528"}],"curies":[{"name":"wp","href":"https:\/\/api.w.org\/{rel}","templated":true}]}}