{"id":530,"date":"2020-11-24T21:33:41","date_gmt":"2020-11-24T18:33:41","guid":{"rendered":"http:\/\/www.habertelgraf.com\/?p=530"},"modified":"2020-11-24T21:33:42","modified_gmt":"2020-11-24T18:33:42","slug":"ogretmenler-eskiden-boyle-anilmazdi","status":"publish","type":"post","link":"http:\/\/www.habertelgraf.com\/?p=530","title":{"rendered":"\u00d6\u011fretmenler eskiden b\u00f6yle an\u0131lmazd\u0131"},"content":{"rendered":"\n<p>\u0130leti\u015fim Ba\u015fkan\u0131 Prof. Dr. Fahrettin Altun payla\u015f\u0131m\u0131yla b\u00fcy\u00fck be\u011feni kazand\u0131.<\/p>\n\n\n\n<p>\u00d6\u011fretmenler g\u00fcn\u00fcnde \u015fehit olan e\u011fitimcilerle ilgili payla\u015f\u0131m yapan Altun herkesi duyguland\u0131rd\u0131.<\/p>\n\n\n\n<p>Altun \u015funlar\u0131 payla\u015ft\u0131:<\/p>\n\n\n\n<p>&#8220;Bir kez daha e\u011fitim-\u00f6\u011fretim u\u011fruna, milletimizin gelece\u011finin in\u015fas\u0131 yolunda, g\u00f6revlerinin ba\u015f\u0131nda \u015fehit olan t\u00fcm \u00f6\u011fretmenlerimizi rahmet ve minnetle an\u0131yoruz. Ter\u00f6r \u00f6rg\u00fctlerine, onlar\u0131n hamilerine ve i\u015fbirlik\u00e7ilerine inat \u015fehitlerimizin miras\u0131n\u0131 ya\u015fataca\u011f\u0131z.Mekanlar\u0131 cennet olsun&#8221;<\/p>\n\n\n\n<p><\/p>\n\n\n\n<figure class=\"wp-block-embed-twitter wp-block-embed is-type-rich is-provider-twitter\"><div class=\"wp-block-embed__wrapper\">\n<blockquote class=\"twitter-tweet\" data-width=\"550\" data-dnt=\"true\"><p lang=\"tr\" dir=\"ltr\">Bir kez daha e\u011fitim-\u00f6\u011fretim u\u011fruna, milletimizin gelece\u011finin in\u015fas\u0131 yolunda, g\u00f6revlerinin ba\u015f\u0131nda \u015fehit olan t\u00fcm \u00f6\u011fretmenlerimizi rahmet ve minnetle an\u0131yoruz. Ter\u00f6r \u00f6rg\u00fctlerine, onlar\u0131n hamilerine ve i\u015fbirlik\u00e7ilerine inat \u015fehitlerimizin miras\u0131n\u0131 ya\u015fataca\u011f\u0131z.Mekanlar\u0131 cennet olsun <a href=\"https:\/\/t.co\/JjBXFfLXsX\">pic.twitter.com\/JjBXFfLXsX<\/a><\/p>&mdash; Fahrettin Altun (@fahrettinaltun) <a href=\"https:\/\/twitter.com\/fahrettinaltun\/status\/1331301721537191941?ref_src=twsrc%5Etfw\">November 24, 2020<\/a><\/blockquote><script async src=\"https:\/\/platform.twitter.com\/widgets.js\" charset=\"utf-8\"><\/script>\n<\/div><\/figure>\n","protected":false},"excerpt":{"rendered":"<p>\u0130leti\u015fim Ba\u015fkan\u0131 Prof. Dr. Fahrettin Altun payla\u015f\u0131m\u0131yla b\u00fcy\u00fck be\u011feni kazand\u0131. \u00d6\u011fretmenler g\u00fcn\u00fcnde \u015fehit olan e\u011fitimcilerle ilgili payla\u015f\u0131m yapan Altun herkesi duyguland\u0131rd\u0131. Altun \u015funlar\u0131 payla\u015ft\u0131: &#8220;Bir kez daha e\u011fitim-\u00f6\u011fretim u\u011fruna, milletimizin gelece\u011finin in\u015fas\u0131 yolunda, g\u00f6revlerinin ba\u015f\u0131nda \u015fehit olan t\u00fcm \u00f6\u011fretmenlerimizi rahmet ve minnetle an\u0131yoruz. Ter\u00f6r \u00f6rg\u00fctlerine, onlar\u0131n hamilerine ve i\u015fbirlik\u00e7ilerine inat \u015fehitlerimizin miras\u0131n\u0131 ya\u015fataca\u011f\u0131z.Mekanlar\u0131 cennet olsun&#8221;<\/p>\n","protected":false},"author":1,"featured_media":0,"comment_status":"open","ping_status":"open","sticky":false,"template":"","format":"standard","meta":[],"categories":[1],"tags":[],"_links":{"self":[{"href":"http:\/\/www.habertelgraf.com\/index.php?rest_route=\/wp\/v2\/posts\/530"}],"collection":[{"href":"http:\/\/www.habertelgraf.com\/index.php?rest_route=\/wp\/v2\/posts"}],"about":[{"href":"http:\/\/www.habertelgraf.com\/index.php?rest_route=\/wp\/v2\/types\/post"}],"author":[{"embeddable":true,"href":"http:\/\/www.habertelgraf.com\/index.php?rest_route=\/wp\/v2\/users\/1"}],"replies":[{"embeddable":true,"href":"http:\/\/www.habertelgraf.com\/index.php?rest_route=%2Fwp%2Fv2%2Fcomments&post=530"}],"version-history":[{"count":1,"href":"http:\/\/www.habertelgraf.com\/index.php?rest_route=\/wp\/v2\/posts\/530\/revisions"}],"predecessor-version":[{"id":531,"href":"http:\/\/www.habertelgraf.com\/index.php?rest_route=\/wp\/v2\/posts\/530\/revisions\/531"}],"wp:attachment":[{"href":"http:\/\/www.habertelgraf.com\/index.php?rest_route=%2Fwp%2Fv2%2Fmedia&parent=530"}],"wp:term":[{"taxonomy":"category","embeddable":true,"href":"http:\/\/www.habertelgraf.com\/index.php?rest_route=%2Fwp%2Fv2%2Fcategories&post=530"},{"taxonomy":"post_tag","embeddable":true,"href":"http:\/\/www.habertelgraf.com\/index.php?rest_route=%2Fwp%2Fv2%2Ftags&post=530"}],"curies":[{"name":"wp","href":"https:\/\/api.w.org\/{rel}","templated":true}]}}