{"id":532,"date":"2020-11-25T22:06:41","date_gmt":"2020-11-25T19:06:41","guid":{"rendered":"http:\/\/www.habertelgraf.com\/?p=532"},"modified":"2020-11-25T22:06:46","modified_gmt":"2020-11-25T19:06:46","slug":"bir-efsane-oldu-maradona","status":"publish","type":"post","link":"http:\/\/www.habertelgraf.com\/?p=532","title":{"rendered":"Bir efsane \u00f6ld\u00fc: Maradona"},"content":{"rendered":"\n<p>Futbol tarihinin efsanesi Diego Armando Maradona hayat\u0131n\u0131 kaybetti.<\/p>\n\n\n\n<p>Sosyal medya Madarona payla\u015f\u0131mlar\u0131yla doldu ta\u015ft\u0131. <\/p>\n\n\n\n<p>Herkes Maradona&#8217;n\u0131n efsane gollerini payla\u015ft\u0131.<\/p>\n\n\n\n<p>Kiminin \u00e7ocukluk an\u0131s\u0131yd\u0131. Kiminin gen\u00e7lik&#8230;<\/p>\n\n\n\n<p><\/p>\n\n\n\n<p>\u015eu bir ger\u00e7ek ki Maradona gibi bir futbol dehas\u0131 bir daha d\u00fcnyaya gelmeyecek.<\/p>\n\n\n\n<p><\/p>\n\n\n\n<p><\/p>\n\n\n\n<p><\/p>\n\n\n\n<figure class=\"wp-block-embed-twitter wp-block-embed is-type-rich is-provider-twitter\"><div class=\"wp-block-embed__wrapper\">\n<blockquote class=\"twitter-tweet\" data-width=\"550\" data-dnt=\"true\"><p lang=\"tr\" dir=\"ltr\">Futbolun en b\u00fcy\u00fck efsanelerinden biri aram\u0131zdan ayr\u0131ld\u0131, huzur i\u00e7inde yat <a href=\"https:\/\/twitter.com\/hashtag\/Maradona?src=hash&amp;ref_src=twsrc%5Etfw\">#Maradona<\/a> \ud83d\udc99\ud83d\ude4f\ud83c\udffb<br><br>One of the biggest football legend passed away, RIP <a href=\"https:\/\/twitter.com\/hashtag\/Maradona?src=hash&amp;ref_src=twsrc%5Etfw\">#Maradona<\/a> \ud83d\udc99\ud83d\ude4f\ud83c\udffb <a href=\"https:\/\/t.co\/fncFr0LR6l\">pic.twitter.com\/fncFr0LR6l<\/a><\/p>&mdash; TFF (@TFF_Org) <a href=\"https:\/\/twitter.com\/TFF_Org\/status\/1331664325052932097?ref_src=twsrc%5Etfw\">November 25, 2020<\/a><\/blockquote><script async src=\"https:\/\/platform.twitter.com\/widgets.js\" charset=\"utf-8\"><\/script>\n<\/div><\/figure>\n\n\n\n<p><\/p>\n\n\n\n<figure class=\"wp-block-embed-twitter wp-block-embed is-type-rich is-provider-twitter\"><div class=\"wp-block-embed__wrapper\">\n<blockquote class=\"twitter-tweet\" data-width=\"550\" data-dnt=\"true\"><p lang=\"tr\" dir=\"ltr\">\u015eu 8 saniye bile yeter, herkesten farkl\u0131yd\u0131.<a href=\"https:\/\/twitter.com\/hashtag\/Maradona?src=hash&amp;ref_src=twsrc%5Etfw\">#Maradona<\/a> <a href=\"https:\/\/t.co\/HeQh9BcvAR\">pic.twitter.com\/HeQh9BcvAR<\/a><\/p>&mdash; \u00d6mer Ar\u0131soy (@omerrarisoy) <a href=\"https:\/\/twitter.com\/omerrarisoy\/status\/1331652595992113152?ref_src=twsrc%5Etfw\">November 25, 2020<\/a><\/blockquote><script async src=\"https:\/\/platform.twitter.com\/widgets.js\" charset=\"utf-8\"><\/script>\n<\/div><\/figure>\n\n\n\n<p><\/p>\n\n\n\n<figure class=\"wp-block-embed-twitter wp-block-embed is-type-rich is-provider-twitter\"><div class=\"wp-block-embed__wrapper\">\n<blockquote class=\"twitter-tweet\" data-width=\"550\" data-dnt=\"true\"><p lang=\"tr\" dir=\"ltr\">Diego Maradona, Napoli\u2019yi \u015fampiyon yapt\u0131ktan sonra Napoli taraftar\u0131n\u0131n Napoli\u2019deki en b\u00fcy\u00fck mezarl\u0131\u011f\u0131n duvar\u0131na ast\u0131\u011f\u0131 yaz\u0131 \u201cNe ka\u00e7\u0131rd\u0131\u011f\u0131n\u0131z\u0131 bilmiyorsunuz.\u201d <a href=\"https:\/\/twitter.com\/hashtag\/Maradona?src=hash&amp;ref_src=twsrc%5Etfw\">#Maradona<\/a> <a href=\"https:\/\/t.co\/TgphSNxwOu\">pic.twitter.com\/TgphSNxwOu<\/a><\/p>&mdash; Efsane Sporcu S\u00f6zleri (@EfsaneSporcuSoz) <a href=\"https:\/\/twitter.com\/EfsaneSporcuSoz\/status\/1331666488554557442?ref_src=twsrc%5Etfw\">November 25, 2020<\/a><\/blockquote><script async src=\"https:\/\/platform.twitter.com\/widgets.js\" charset=\"utf-8\"><\/script>\n<\/div><\/figure>\n\n\n\n<p><\/p>\n\n\n\n<p><\/p>\n\n\n\n<p><\/p>\n\n\n\n<figure class=\"wp-block-embed-twitter wp-block-embed is-type-rich is-provider-twitter\"><div class=\"wp-block-embed__wrapper\">\n<blockquote class=\"twitter-tweet\" data-width=\"550\" data-dnt=\"true\"><p lang=\"tr\" dir=\"ltr\">Ger\u00e7ekten do\u011fru, 10 numara ba\u015fka kimseye bu kadar yak\u0131\u015fmad\u0131, yak\u0131\u015fmayacak.. Elveda b\u00fcy\u00fck usta \ud83d\ude4f\ud83c\udffb R\u0130P<a href=\"https:\/\/twitter.com\/hashtag\/maradona?src=hash&amp;ref_src=twsrc%5Etfw\">#maradona<\/a> <a href=\"https:\/\/t.co\/nMvgAdOgVu\">pic.twitter.com\/nMvgAdOgVu<\/a><\/p>&mdash; Pascal Nouma (@pnouma21) <a href=\"https:\/\/twitter.com\/pnouma21\/status\/1331670599316418566?ref_src=twsrc%5Etfw\">November 25, 2020<\/a><\/blockquote><script async src=\"https:\/\/platform.twitter.com\/widgets.js\" charset=\"utf-8\"><\/script>\n<\/div><\/figure>\n","protected":false},"excerpt":{"rendered":"<p>Futbol tarihinin efsanesi Diego Armando Maradona hayat\u0131n\u0131 kaybetti. Sosyal medya Madarona payla\u015f\u0131mlar\u0131yla doldu ta\u015ft\u0131. Herkes Maradona&#8217;n\u0131n efsane gollerini payla\u015ft\u0131. Kiminin \u00e7ocukluk an\u0131s\u0131yd\u0131. Kiminin gen\u00e7lik&#8230; \u015eu bir ger\u00e7ek ki Maradona gibi bir futbol dehas\u0131 bir daha d\u00fcnyaya gelmeyecek.<\/p>\n","protected":false},"author":1,"featured_media":0,"comment_status":"open","ping_status":"open","sticky":false,"template":"","format":"standard","meta":[],"categories":[4],"tags":[],"_links":{"self":[{"href":"http:\/\/www.habertelgraf.com\/index.php?rest_route=\/wp\/v2\/posts\/532"}],"collection":[{"href":"http:\/\/www.habertelgraf.com\/index.php?rest_route=\/wp\/v2\/posts"}],"about":[{"href":"http:\/\/www.habertelgraf.com\/index.php?rest_route=\/wp\/v2\/types\/post"}],"author":[{"embeddable":true,"href":"http:\/\/www.habertelgraf.com\/index.php?rest_route=\/wp\/v2\/users\/1"}],"replies":[{"embeddable":true,"href":"http:\/\/www.habertelgraf.com\/index.php?rest_route=%2Fwp%2Fv2%2Fcomments&post=532"}],"version-history":[{"count":2,"href":"http:\/\/www.habertelgraf.com\/index.php?rest_route=\/wp\/v2\/posts\/532\/revisions"}],"predecessor-version":[{"id":534,"href":"http:\/\/www.habertelgraf.com\/index.php?rest_route=\/wp\/v2\/posts\/532\/revisions\/534"}],"wp:attachment":[{"href":"http:\/\/www.habertelgraf.com\/index.php?rest_route=%2Fwp%2Fv2%2Fmedia&parent=532"}],"wp:term":[{"taxonomy":"category","embeddable":true,"href":"http:\/\/www.habertelgraf.com\/index.php?rest_route=%2Fwp%2Fv2%2Fcategories&post=532"},{"taxonomy":"post_tag","embeddable":true,"href":"http:\/\/www.habertelgraf.com\/index.php?rest_route=%2Fwp%2Fv2%2Ftags&post=532"}],"curies":[{"name":"wp","href":"https:\/\/api.w.org\/{rel}","templated":true}]}}