{"id":537,"date":"2020-12-03T09:26:27","date_gmt":"2020-12-03T06:26:27","guid":{"rendered":"http:\/\/www.habertelgraf.com\/?p=537"},"modified":"2020-12-03T09:26:28","modified_gmt":"2020-12-03T06:26:28","slug":"hamsi-yiyen-korona-olmaz-dediler","status":"publish","type":"post","link":"http:\/\/www.habertelgraf.com\/?p=537","title":{"rendered":"&#8216;HAMS\u0130 Y\u0130YEN KORONA OLMAZ&#8217; DED\u0130LER"},"content":{"rendered":"\n<p><\/p>\n\n\n\n<p>Palamuttan \u00e7inekopa..<br>Mezgitten hamsiye..<br>Karadeniz&#8217;de tezgahlarda bal\u0131k bollu\u011fu ya\u015fan\u0131yor.<\/p>\n\n\n\n<p><\/p>\n\n\n\n<figure class=\"wp-block-embed-twitter wp-block-embed is-type-rich is-provider-twitter\"><div class=\"wp-block-embed__wrapper\">\n<blockquote class=\"twitter-tweet\" data-width=\"550\" data-dnt=\"true\"><p lang=\"tr\" dir=\"ltr\">Havalar so\u011fudu bal\u0131k bollu\u011fu ba\u015flad\u0131 <a href=\"https:\/\/t.co\/yIZuouooJz\">pic.twitter.com\/yIZuouooJz<\/a><\/p>&mdash; habertelgraf (@habertelgraf1) <a href=\"https:\/\/twitter.com\/habertelgraf1\/status\/1334383284361383936?ref_src=twsrc%5Etfw\">December 3, 2020<\/a><\/blockquote><script async src=\"https:\/\/platform.twitter.com\/widgets.js\" charset=\"utf-8\"><\/script>\n<\/div><\/figure>\n\n\n\n<p><\/p>\n\n\n\n<p><\/p>\n\n\n\n<p>Havalar so\u011fudu.<br>Bal\u0131k\u00e7\u0131lar vira bismillah dedi.<br>A\u011flara tonlarca hamsi tak\u0131ld\u0131.<br>Fiyatlar yar\u0131 yar\u0131ya d\u00fc\u015ft\u00fc..<br>Hem t\u00fcketicinin hem de \u00fcreticinin y\u00fcz\u00fc g\u00fcld\u00fc.<\/p>\n\n\n\n<p>Bal\u0131k\u00e7\u0131lar: &#8220;\u0130nsanlar als\u0131n yesin. do\u011fal antibiyotik. Sudan \u00e7\u0131k\u0131yor. Denizden babam \u00e7\u0131ksa babam\u0131 yerim.&#8221; diye konu\u015ftu<\/p>\n\n\n\n<p>Karadeniz\u2019de tezgahlar hamsi ile doldu ta\u015ft\u0131.<br>Vatanda\u015flar ise kilogram fiyat\u0131 8 TL olan hamsiye yo\u011fun ilgi g\u00f6steriyor.<\/p>\n\n\n\n<p>Bir ba\u015fka bal\u0131k\u00e7\u0131 ise &#8220;\u015eu anda en \u00e7ok ra\u011fbet hamsiye. \u0130\u015flerimiz de iyi. Bal\u0131kta iyi. Karadeniz&#8217;de hamsi ucuz. 8 TL iki kilosu 15 TL&#8221; \u015feklinde a\u00e7\u0131klama yapt\u0131.<\/p>\n\n\n\n<p>Bollu\u011fundan dolay\u0131 fiyat\u0131 8 TL&#8217;ye kadar d\u00fc\u015fen Karadeniz hamsisi T\u00fcrkiye&#8217;nin farkl\u0131 \u015fehirlerine de g\u00f6nderiliyor.<\/p>\n\n\n\n<p>&#8220;Sabahtan beri do\u011fuya paket yapt\u0131k. ANKARA.\u0130STANBUL.MARD\u0130N.\u015eIRNAK her yere yollad\u0131k. &#8221; diye konu\u015fan bal\u0131k\u00e7\u0131lar bolluktan memnun.<\/p>\n","protected":false},"excerpt":{"rendered":"<p>Palamuttan \u00e7inekopa..Mezgitten hamsiye..Karadeniz&#8217;de tezgahlarda bal\u0131k bollu\u011fu ya\u015fan\u0131yor. Havalar so\u011fudu.Bal\u0131k\u00e7\u0131lar vira bismillah dedi.A\u011flara tonlarca hamsi tak\u0131ld\u0131.Fiyatlar yar\u0131 yar\u0131ya d\u00fc\u015ft\u00fc..Hem t\u00fcketicinin hem de \u00fcreticinin y\u00fcz\u00fc g\u00fcld\u00fc. Bal\u0131k\u00e7\u0131lar: &#8220;\u0130nsanlar als\u0131n yesin. do\u011fal antibiyotik. Sudan \u00e7\u0131k\u0131yor. Denizden babam \u00e7\u0131ksa babam\u0131 yerim.&#8221; diye konu\u015ftu Karadeniz\u2019de tezgahlar hamsi ile doldu ta\u015ft\u0131.Vatanda\u015flar ise kilogram fiyat\u0131 8 TL olan hamsiye yo\u011fun ilgi g\u00f6steriyor. &hellip;<\/p>\n","protected":false},"author":1,"featured_media":0,"comment_status":"open","ping_status":"open","sticky":false,"template":"","format":"standard","meta":[],"categories":[5],"tags":[],"_links":{"self":[{"href":"http:\/\/www.habertelgraf.com\/index.php?rest_route=\/wp\/v2\/posts\/537"}],"collection":[{"href":"http:\/\/www.habertelgraf.com\/index.php?rest_route=\/wp\/v2\/posts"}],"about":[{"href":"http:\/\/www.habertelgraf.com\/index.php?rest_route=\/wp\/v2\/types\/post"}],"author":[{"embeddable":true,"href":"http:\/\/www.habertelgraf.com\/index.php?rest_route=\/wp\/v2\/users\/1"}],"replies":[{"embeddable":true,"href":"http:\/\/www.habertelgraf.com\/index.php?rest_route=%2Fwp%2Fv2%2Fcomments&post=537"}],"version-history":[{"count":1,"href":"http:\/\/www.habertelgraf.com\/index.php?rest_route=\/wp\/v2\/posts\/537\/revisions"}],"predecessor-version":[{"id":538,"href":"http:\/\/www.habertelgraf.com\/index.php?rest_route=\/wp\/v2\/posts\/537\/revisions\/538"}],"wp:attachment":[{"href":"http:\/\/www.habertelgraf.com\/index.php?rest_route=%2Fwp%2Fv2%2Fmedia&parent=537"}],"wp:term":[{"taxonomy":"category","embeddable":true,"href":"http:\/\/www.habertelgraf.com\/index.php?rest_route=%2Fwp%2Fv2%2Fcategories&post=537"},{"taxonomy":"post_tag","embeddable":true,"href":"http:\/\/www.habertelgraf.com\/index.php?rest_route=%2Fwp%2Fv2%2Ftags&post=537"}],"curies":[{"name":"wp","href":"https:\/\/api.w.org\/{rel}","templated":true}]}}