{"id":547,"date":"2020-12-07T09:40:05","date_gmt":"2020-12-07T06:40:05","guid":{"rendered":"http:\/\/www.habertelgraf.com\/?p=547"},"modified":"2020-12-07T09:42:37","modified_gmt":"2020-12-07T06:42:37","slug":"bir-bisiklet-300-kisilik-koyun-musluman-olmasina-yetti","status":"publish","type":"post","link":"http:\/\/www.habertelgraf.com\/?p=547","title":{"rendered":"Bir bisiklet 300 ki\u015filik k\u00f6y\u00fcn M\u00fcsl\u00fcman olmas\u0131na yetti!"},"content":{"rendered":"\n<p>^<\/p>\n\n\n\n<p class=\"has-medium-font-size\"><strong>Bir bisiklet 300 ki\u015filik k\u00f6y\u00fcn M\u00fcsl\u00fcman olmas\u0131na yetti. Uganda&#8217;da bir k\u00f6y\u2026 Bir bisikletle k\u00f6y\u00fcn imam\u0131 bak\u0131n neler yapt\u0131?<\/strong><\/p>\n\n\n\n<p class=\"has-medium-font-size\">Eller semaya a\u00e7\u0131ld\u0131\u2026<br>Dualar edildi\u2026<br>\u0130slam ile yeni tan\u0131\u015fan Ugandal\u0131lar sevin\u00e7le ba\u011f\u0131rlara bas\u0131ld\u0131.<\/p>\n\n\n\n<p class=\"has-medium-font-size\">Ya\u015fananlar\u0131 ba\u015fa sard\u0131\u011f\u0131m\u0131zda ise kar\u015f\u0131m\u0131za ilgin\u00e7 bir tablo \u00e7\u0131kt\u0131.<br>Bunlar\u0131n hepsine bir bisiklet neden oldu.<\/p>\n\n\n\n<p class=\"has-medium-font-size\">Ke\u015fk\u00fcl Derne\u011finin organize etti\u011fi yard\u0131mlar mazlum co\u011frafyaya umut oldu. Ke\u015fk\u00fcl Derne\u011fi Ba\u015fkan\u0131 Sema Co\u015fkun bir bisiklet ile b\u00f6lgede y\u00fczlerce ki\u015fiye \u0130slam&#8217;\u0131n tan\u0131t\u0131ld\u0131\u011f\u0131n\u0131n alt\u0131n\u0131 \u00e7izdi. Yap\u0131lan yard\u0131mlar\u0131n ne kadar \u00f6nemli oldu\u011funu vurgulad\u0131.<\/p>\n\n\n\n<p>\/\/\/\/\/\/\/****<\/p>\n\n\n\n<p class=\"has-medium-font-size\">T\u00fcrkiye&#8217;den ve Avrupal\u0131 T\u00fcrklerden giden yard\u0131mlarla al\u0131nan bisikletler onlarca ki\u015finin \u0130slam&#8217;\u0131 tercih etmesine vesile oldu.<\/p>\n\n\n\n<p class=\"has-medium-font-size\">Bisikletlerine kavu\u015fan Ugandal\u0131 imamlar tebli\u011f i\u00e7in yollara d\u00fc\u015ft\u00fc.<\/p>\n\n\n\n<p class=\"has-medium-font-size\">Ugandal\u0131 \u0130mam &#8220;Bisikletlerle i\u015fimiz kolayla\u015f\u0131yor. 5 kilometre \u00f6tedeki k\u00f6ylere gidip dinimizi anlatabiliyorum. \u015eimdi bize bir okul gerekli. Gen\u00e7lerimize \u0130slam dinini anlatmam\u0131z i\u00e7in daha \u00e7ok \u00e7aba g\u00f6stermeliyiz.&#8221; diye konu\u015ftu.<\/p>\n\n\n\n<p class=\"has-medium-font-size\">\u00dcmmetin sahip \u00e7\u0131kt\u0131\u011f\u0131 topraklarda \u0130slam&#8217;\u0131n h\u0131zl\u0131 bir \u015fekilde yay\u0131lmas\u0131 gelecek i\u00e7in umut verdi.<\/p>\n\n\n\n<p><\/p>\n\n\n\n<figure class=\"wp-block-embed-youtube wp-block-embed is-type-video is-provider-youtube wp-embed-aspect-4-3 wp-has-aspect-ratio\"><div class=\"wp-block-embed__wrapper\">\n<iframe loading=\"lazy\" title=\"UGANDA&#039;DA B\u0130S\u0130KLET \u0130LE \u0130SLAM&#039;I TANITTILAR \/ M. MUSTAFA YILDIZ\" width=\"960\" height=\"720\" src=\"https:\/\/www.youtube.com\/embed\/qu2AM_I1Bmo?feature=oembed\" frameborder=\"0\" allow=\"accelerometer; autoplay; clipboard-write; encrypted-media; gyroscope; picture-in-picture\" allowfullscreen><\/iframe>\n<\/div><\/figure>\n","protected":false},"excerpt":{"rendered":"<p>^ Bir bisiklet 300 ki\u015filik k\u00f6y\u00fcn M\u00fcsl\u00fcman olmas\u0131na yetti. Uganda&#8217;da bir k\u00f6y\u2026 Bir bisikletle k\u00f6y\u00fcn imam\u0131 bak\u0131n neler yapt\u0131? Eller semaya a\u00e7\u0131ld\u0131\u2026Dualar edildi\u2026\u0130slam ile yeni tan\u0131\u015fan Ugandal\u0131lar sevin\u00e7le ba\u011f\u0131rlara bas\u0131ld\u0131. Ya\u015fananlar\u0131 ba\u015fa sard\u0131\u011f\u0131m\u0131zda ise kar\u015f\u0131m\u0131za ilgin\u00e7 bir tablo \u00e7\u0131kt\u0131.Bunlar\u0131n hepsine bir bisiklet neden oldu. Ke\u015fk\u00fcl Derne\u011finin organize etti\u011fi yard\u0131mlar mazlum co\u011frafyaya umut oldu. Ke\u015fk\u00fcl Derne\u011fi &hellip;<\/p>\n","protected":false},"author":1,"featured_media":0,"comment_status":"open","ping_status":"open","sticky":false,"template":"","format":"standard","meta":[],"categories":[1],"tags":[],"_links":{"self":[{"href":"http:\/\/www.habertelgraf.com\/index.php?rest_route=\/wp\/v2\/posts\/547"}],"collection":[{"href":"http:\/\/www.habertelgraf.com\/index.php?rest_route=\/wp\/v2\/posts"}],"about":[{"href":"http:\/\/www.habertelgraf.com\/index.php?rest_route=\/wp\/v2\/types\/post"}],"author":[{"embeddable":true,"href":"http:\/\/www.habertelgraf.com\/index.php?rest_route=\/wp\/v2\/users\/1"}],"replies":[{"embeddable":true,"href":"http:\/\/www.habertelgraf.com\/index.php?rest_route=%2Fwp%2Fv2%2Fcomments&post=547"}],"version-history":[{"count":1,"href":"http:\/\/www.habertelgraf.com\/index.php?rest_route=\/wp\/v2\/posts\/547\/revisions"}],"predecessor-version":[{"id":548,"href":"http:\/\/www.habertelgraf.com\/index.php?rest_route=\/wp\/v2\/posts\/547\/revisions\/548"}],"wp:attachment":[{"href":"http:\/\/www.habertelgraf.com\/index.php?rest_route=%2Fwp%2Fv2%2Fmedia&parent=547"}],"wp:term":[{"taxonomy":"category","embeddable":true,"href":"http:\/\/www.habertelgraf.com\/index.php?rest_route=%2Fwp%2Fv2%2Fcategories&post=547"},{"taxonomy":"post_tag","embeddable":true,"href":"http:\/\/www.habertelgraf.com\/index.php?rest_route=%2Fwp%2Fv2%2Ftags&post=547"}],"curies":[{"name":"wp","href":"https:\/\/api.w.org\/{rel}","templated":true}]}}