{"id":552,"date":"2020-12-15T09:12:42","date_gmt":"2020-12-15T06:12:42","guid":{"rendered":"http:\/\/www.habertelgraf.com\/?p=552"},"modified":"2020-12-15T09:12:43","modified_gmt":"2020-12-15T06:12:43","slug":"pkk-eriyor","status":"publish","type":"post","link":"http:\/\/www.habertelgraf.com\/?p=552","title":{"rendered":"PKK eriyor!.."},"content":{"rendered":"\n<p>\u0130kna \u00e7al\u0131\u015fmas\u0131 sonucu, 1 \u00f6rg\u00fct mensubu daha g\u00fcvenlik g\u00fc\u00e7lerine teslim oldu<\/p>\n\n\n\n<p>\u0130\u00e7i\u015fleri Bakanl\u0131\u011f\u0131 koordinesinde Emniyet Genel M\u00fcd\u00fcrl\u00fc\u011f\u00fc taraf\u0131ndan y\u00fcr\u00fct\u00fclen ikna \u00e7al\u0131\u015fmalar\u0131 neticesinde; PKK\/KCK ter\u00f6r \u00f6rg\u00fct\u00fcnden ka\u00e7an 1 \u00f6rg\u00fct mensubu, g\u00fcvenlik g\u00fc\u00e7lerine teslim oldu.<\/p>\n\n\n\n<p>Teslim olan \u00f6rg\u00fct mensubunun son olarak Suriye&#8217;de faaliyet y\u00fcr\u00fctt\u00fc\u011f\u00fc belirlendi.<\/p>\n\n\n\n<p>B\u00f6ylelikle; 2020 y\u0131l\u0131 i\u00e7erisinde ikna yoluyla PKK\/KCK ter\u00f6r \u00f6rg\u00fct\u00fcnden ka\u00e7arak \u00fclkemize teslim olanlar\u0131n say\u0131s\u0131 231\u2019e y\u00fckseldi.<\/p>\n","protected":false},"excerpt":{"rendered":"<p>\u0130kna \u00e7al\u0131\u015fmas\u0131 sonucu, 1 \u00f6rg\u00fct mensubu daha g\u00fcvenlik g\u00fc\u00e7lerine teslim oldu \u0130\u00e7i\u015fleri Bakanl\u0131\u011f\u0131 koordinesinde Emniyet Genel M\u00fcd\u00fcrl\u00fc\u011f\u00fc taraf\u0131ndan y\u00fcr\u00fct\u00fclen ikna \u00e7al\u0131\u015fmalar\u0131 neticesinde; PKK\/KCK ter\u00f6r \u00f6rg\u00fct\u00fcnden ka\u00e7an 1 \u00f6rg\u00fct mensubu, g\u00fcvenlik g\u00fc\u00e7lerine teslim oldu. Teslim olan \u00f6rg\u00fct mensubunun son olarak Suriye&#8217;de faaliyet y\u00fcr\u00fctt\u00fc\u011f\u00fc belirlendi. B\u00f6ylelikle; 2020 y\u0131l\u0131 i\u00e7erisinde ikna yoluyla PKK\/KCK ter\u00f6r \u00f6rg\u00fct\u00fcnden ka\u00e7arak \u00fclkemize teslim &hellip;<\/p>\n","protected":false},"author":1,"featured_media":54,"comment_status":"open","ping_status":"open","sticky":false,"template":"","format":"standard","meta":[],"categories":[2],"tags":[],"_links":{"self":[{"href":"http:\/\/www.habertelgraf.com\/index.php?rest_route=\/wp\/v2\/posts\/552"}],"collection":[{"href":"http:\/\/www.habertelgraf.com\/index.php?rest_route=\/wp\/v2\/posts"}],"about":[{"href":"http:\/\/www.habertelgraf.com\/index.php?rest_route=\/wp\/v2\/types\/post"}],"author":[{"embeddable":true,"href":"http:\/\/www.habertelgraf.com\/index.php?rest_route=\/wp\/v2\/users\/1"}],"replies":[{"embeddable":true,"href":"http:\/\/www.habertelgraf.com\/index.php?rest_route=%2Fwp%2Fv2%2Fcomments&post=552"}],"version-history":[{"count":1,"href":"http:\/\/www.habertelgraf.com\/index.php?rest_route=\/wp\/v2\/posts\/552\/revisions"}],"predecessor-version":[{"id":553,"href":"http:\/\/www.habertelgraf.com\/index.php?rest_route=\/wp\/v2\/posts\/552\/revisions\/553"}],"wp:featuredmedia":[{"embeddable":true,"href":"http:\/\/www.habertelgraf.com\/index.php?rest_route=\/wp\/v2\/media\/54"}],"wp:attachment":[{"href":"http:\/\/www.habertelgraf.com\/index.php?rest_route=%2Fwp%2Fv2%2Fmedia&parent=552"}],"wp:term":[{"taxonomy":"category","embeddable":true,"href":"http:\/\/www.habertelgraf.com\/index.php?rest_route=%2Fwp%2Fv2%2Fcategories&post=552"},{"taxonomy":"post_tag","embeddable":true,"href":"http:\/\/www.habertelgraf.com\/index.php?rest_route=%2Fwp%2Fv2%2Ftags&post=552"}],"curies":[{"name":"wp","href":"https:\/\/api.w.org\/{rel}","templated":true}]}}