{"id":554,"date":"2020-12-15T21:34:23","date_gmt":"2020-12-15T18:34:23","guid":{"rendered":"http:\/\/www.habertelgraf.com\/?p=554"},"modified":"2020-12-15T21:34:26","modified_gmt":"2020-12-15T18:34:26","slug":"yilbasinda-kisitlama-nasil-olacak-merak-edilen-tum-sorularin-yaniti","status":"publish","type":"post","link":"http:\/\/www.habertelgraf.com\/?p=554","title":{"rendered":"Y\u0131lba\u015f\u0131nda k\u0131s\u0131tlama nas\u0131l olacak? Merak edilen t\u00fcm sorular\u0131n yan\u0131t\u0131"},"content":{"rendered":"\n<p>Y\u0131lba\u015f\u0131nda k\u0131s\u0131tlama nas\u0131l olacak? <\/p>\n\n\n\n<p>Nereler a\u00e7\u0131k olacak? E\u011flence mekanlar\u0131 a\u00e7\u0131k olacak m\u0131? \u0130stiklal Caddesi a\u00e7\u0131k olacak m\u0131?<\/p>\n\n\n\n<p>Ni\u015fanta\u015f\u0131 mekanlar a\u00e7\u0131k olacak m\u0131?  Merak edilen t\u00fcm sorular\u0131n yan\u0131t\u0131 bu haberde&#8230;<\/p>\n\n\n\n<p><\/p>\n\n\n\n<p>\u0130\u00e7i\u015fleri Bakanl\u0131\u011f\u0131 81 \u0130l Valili\u011fine \u201cCovid-19 Salg\u0131n\u0131\u201d konulu ek genelge g\u00f6nderdi. Genelgede kontroll\u00fc sosyal hayat d\u00f6neminin temel prensipleri olan temizlik, maske ve mesafe kurallar\u0131n\u0131n yan\u0131 s\u0131ra hayat\u0131n her alan\u0131na y\u00f6nelik uyulmas\u0131 gereken kurallar ve \u00f6nlemlerin Sa\u011fl\u0131k Bakanl\u0131\u011f\u0131 ve Koronavir\u00fcs Bilim Kurulunun \u00f6nerileri, Say\u0131n Cumhurba\u015fkan\u0131\u2019n\u0131n talimatlar\u0131 do\u011frultusunda belirlenerek uygulamaya ge\u00e7irildi\u011fi hat\u0131rlat\u0131ld\u0131.<\/p>\n\n\n\n<p>Genelgede, 14 Aral\u0131k\u2019ta Say\u0131n Cumhurba\u015fkan\u0131\u2019n\u0131n ba\u015fkanl\u0131\u011f\u0131nda toplanan Cumhurba\u015fkanl\u0131\u011f\u0131 Kabinesinde, Covid-19 salg\u0131n\u0131yla m\u00fccadelede gelinen a\u015faman\u0131n de\u011ferlendirilmesi sonucunda ek kararlar al\u0131nd\u0131\u011f\u0131 ifade edilerek, al\u0131nan ek kararlar \u015fu \u015fekilde s\u0131raland\u0131:<\/p>\n\n\n\n<p>31 Aral\u0131k 2020 &#8211; 4 Ocak 2021 tarihleri aras\u0131nda uygulanacak soka\u011fa \u00e7\u0131kma k\u0131s\u0131tlamas\u0131<br>Hafta sonlar\u0131 uygulanan soka\u011fa \u00e7\u0131kma k\u0131s\u0131tlamas\u0131 kapsam\u0131nda, 1 Ocak 2021 Cuma g\u00fcn\u00fcn\u00fcn resmi tatil olmas\u0131 da g\u00f6z \u00f6n\u00fcnde bulundurularak, 31 Aral\u0131k 2020 Per\u015fembe g\u00fcn\u00fc saat 21.00\u2019den ba\u015flayacak, 1 Ocak Cuma, 2 Ocak Cumartesi, 3 Ocak Pazar g\u00fcnlerinin tamam\u0131n\u0131 kapsayacak ve 4 Ocak 2021 Pazartesi g\u00fcn\u00fc saat 05.00\u2019de tamamlanacak \u015fekilde soka\u011fa \u00e7\u0131kma k\u0131s\u0131tlamas\u0131 uygulanacak.<\/p>\n\n\n\n<p>31 Aral\u0131k 2020 &#8211; 4 Ocak 2021 tarihleri aras\u0131nda uygulanacak soka\u011fa \u00e7\u0131kma k\u0131s\u0131tlamas\u0131 s\u0131ras\u0131nda, hafta sonlar\u0131nda (Cumartesi ve Pazar g\u00fcnleri) uygulanan soka\u011fa \u00e7\u0131kma k\u0131s\u0131tlamalar\u0131na dair daha \u00f6nce illere g\u00f6nderdi\u011fimiz genelge kapsam\u0131nda belirlenen usul ve esaslar\u0131n, 1 Ocak Cuma, 2 Ocak Cumartesi ve 3 Ocak Pazar g\u00fcnleri i\u00e7in de ge\u00e7erli olacak.<\/p>\n\n\n\n<p>Hafta sonlar\u0131 bal\u0131k\u00e7\u0131\/bal\u0131k tezgahlar\u0131 10.00-17.00 saatleri aras\u0131nda a\u00e7\u0131k olabilecek<br>Yeni bir karar al\u0131n\u0131ncaya kadar hafta sonlar\u0131 uygulanan soka\u011fa k\u0131s\u0131tlamas\u0131 s\u00fcresince bal\u0131k\u00e7\u0131\/bal\u0131k tezgah\u0131 \u015feklindeki i\u015fyerlerinin de Cumartesi ve Pazar g\u00fcnleri 10.00-17.00 saatleri aras\u0131nda vatanda\u015flara hizmet sunabilecek.<\/p>\n\n\n\n<p>Soka\u011fa \u00e7\u0131kma k\u0131s\u0131tlamas\u0131 uygulanan s\u00fcre ve g\u00fcnlerde m\u00fcdafi\/vekil, duru\u015fma, ifade gibi yarg\u0131sal g\u00f6revlerin icras\u0131yla s\u0131n\u0131rl\u0131 kalmak kayd\u0131yla avukatlar ve yakla\u015fan y\u0131lsonu i\u015flemlerindeki yo\u011funlu\u011fun ticari hayat\u0131 olumsuz etkilememesi amac\u0131yla noterler, belirtilen g\u00f6revlere dair zaman ve g\u00fczergahla s\u0131n\u0131rl\u0131 olacak \u015fekilde istisna kapsam\u0131ndaki ki\u015filer ve yerler aras\u0131na eklendi. Yarg\u0131sal g\u00f6revlerin icras\u0131 gere\u011fi avukatlar\u0131n \u00f6zel ara\u00e7lar\u0131yla \u015fehirleraras\u0131 seyahatlerine de izin verilecek.<\/p>\n\n\n\n<p>Yeni bir karar al\u0131n\u0131ncaya kadar faaliyetlerine ara verilen ana s\u0131n\u0131flar\u0131 ile ilgili uygulaman\u0131n devam\u0131 sa\u011flanacak.Tam g\u00fcn hizmet veren resmi ve \u00f6zel t\u00fcm anaokullar\u0131 ise bug\u00fcnden itibaren y\u00fcz y\u00fcze e\u011fitime ge\u00e7ebilecek.<\/p>\n\n\n\n<p>Sendikalar\u0131n yapaca\u011f\u0131 genel kurul ve etkinliklerde ertelendi<br>Daha \u00f6nce illere g\u00f6nderilen genelge ile 1 Mart 2021 tarihine kadar sivil toplum kurulu\u015flar\u0131, kamu kurumu niteli\u011findeki meslek kurulu\u015flar\u0131 ve \u00fcst kurulu\u015flar\u0131, birlikler ve kooperatiflerde genel kurul dahil etkinlikler ertelenmi\u015fti. Bu kapsama sendikalar\u0131n yapaca\u011f\u0131 genel kurul dahil etkinlikler de eklendi.<\/p>\n\n\n\n<p>\u015eartland\u0131r\u0131lm\u0131\u015f havaland\u0131rma sistemi olmayan konaklama tesislerinde mekanik havaland\u0131rma\/klima sistemlerine UV filtre tak\u0131lacak, bak\u0131mlar\u0131n\u0131n d\u00fczenli ve s\u0131k yap\u0131lmas\u0131 sa\u011flanacak.<\/p>\n\n\n\n<p>Havaland\u0131rma\/klima sistemi bulunmayan konaklama tesislerinin kapal\u0131 genel mahallerinde, mahallin metrek\u00fcp\u00fcne uygun say\u0131da ve g\u00fc\u00e7te mobil HEPA filtreler kullan\u0131lacak. Bak\u0131mlar\u0131 d\u00fczenli olarak yap\u0131lacak ve filtreleri s\u0131k s\u0131k de\u011fi\u015ftirilecek.<\/p>\n\n\n\n<p>Umumi H\u0131fz\u0131ss\u0131hha Kanununun 27\u2019nci ve 72\u2019nci maddeleri uyar\u0131nca \u0130l\/\u0130l\u00e7e Umumi H\u0131fz\u0131ss\u0131hha Kurullar\u0131nca bu kararlar ivedilikle al\u0131nacak.<\/p>\n\n\n\n<p>Uygulamada herhangi bir aksakl\u0131\u011fa meydan verilmeyecek ve ma\u011fduriyete neden olunmayacak. Al\u0131nan kararlara uymayanlara Umumi H\u0131fz\u0131ss\u0131hha Kanununun ilgili maddeleri gere\u011fince idari i\u015flem tesis edilecek. Konusu su\u00e7 te\u015fkil eden davran\u0131\u015flara ili\u015fkin T\u00fcrk Ceza Kanununun 195\u2019inci maddesi kapsam\u0131nda gerekli adli i\u015flemler ba\u015flat\u0131lacak.<\/p>\n","protected":false},"excerpt":{"rendered":"<p>Y\u0131lba\u015f\u0131nda k\u0131s\u0131tlama nas\u0131l olacak? Nereler a\u00e7\u0131k olacak? E\u011flence mekanlar\u0131 a\u00e7\u0131k olacak m\u0131? \u0130stiklal Caddesi a\u00e7\u0131k olacak m\u0131? Ni\u015fanta\u015f\u0131 mekanlar a\u00e7\u0131k olacak m\u0131? Merak edilen t\u00fcm sorular\u0131n yan\u0131t\u0131 bu haberde&#8230; \u0130\u00e7i\u015fleri Bakanl\u0131\u011f\u0131 81 \u0130l Valili\u011fine \u201cCovid-19 Salg\u0131n\u0131\u201d konulu ek genelge g\u00f6nderdi. Genelgede kontroll\u00fc sosyal hayat d\u00f6neminin temel prensipleri olan temizlik, maske ve mesafe kurallar\u0131n\u0131n yan\u0131 s\u0131ra &hellip;<\/p>\n","protected":false},"author":1,"featured_media":0,"comment_status":"open","ping_status":"open","sticky":false,"template":"","format":"standard","meta":[],"categories":[5],"tags":[],"_links":{"self":[{"href":"http:\/\/www.habertelgraf.com\/index.php?rest_route=\/wp\/v2\/posts\/554"}],"collection":[{"href":"http:\/\/www.habertelgraf.com\/index.php?rest_route=\/wp\/v2\/posts"}],"about":[{"href":"http:\/\/www.habertelgraf.com\/index.php?rest_route=\/wp\/v2\/types\/post"}],"author":[{"embeddable":true,"href":"http:\/\/www.habertelgraf.com\/index.php?rest_route=\/wp\/v2\/users\/1"}],"replies":[{"embeddable":true,"href":"http:\/\/www.habertelgraf.com\/index.php?rest_route=%2Fwp%2Fv2%2Fcomments&post=554"}],"version-history":[{"count":1,"href":"http:\/\/www.habertelgraf.com\/index.php?rest_route=\/wp\/v2\/posts\/554\/revisions"}],"predecessor-version":[{"id":555,"href":"http:\/\/www.habertelgraf.com\/index.php?rest_route=\/wp\/v2\/posts\/554\/revisions\/555"}],"wp:attachment":[{"href":"http:\/\/www.habertelgraf.com\/index.php?rest_route=%2Fwp%2Fv2%2Fmedia&parent=554"}],"wp:term":[{"taxonomy":"category","embeddable":true,"href":"http:\/\/www.habertelgraf.com\/index.php?rest_route=%2Fwp%2Fv2%2Fcategories&post=554"},{"taxonomy":"post_tag","embeddable":true,"href":"http:\/\/www.habertelgraf.com\/index.php?rest_route=%2Fwp%2Fv2%2Ftags&post=554"}],"curies":[{"name":"wp","href":"https:\/\/api.w.org\/{rel}","templated":true}]}}