{"id":556,"date":"2020-12-17T09:09:52","date_gmt":"2020-12-17T06:09:52","guid":{"rendered":"http:\/\/www.habertelgraf.com\/?p=556"},"modified":"2020-12-17T09:09:53","modified_gmt":"2020-12-17T06:09:53","slug":"dar-vadinin-gizli-hazinesi-yusufeli-barajinda-son-15-metre","status":"publish","type":"post","link":"http:\/\/www.habertelgraf.com\/?p=556","title":{"rendered":"DAR VAD\u0130N\u0130N G\u0130ZL\u0130 HAZ\u0130NES\u0130 YUSUFEL\u0130 BARAJINDA SON 15 METRE"},"content":{"rendered":"\n<p><\/p>\n\n\n\n<p><strong>BAKAN PAKDEM\u0130RL\u0130:<\/strong><\/p>\n\n\n\n<p><strong>\u201cTAMAMLANDI\u011eINDA T\u00dcRK\u0130YE\u2019N\u0130N EN Y\u00dcKSE\u011e\u0130, D\u00dcNYANIN 3\u2019\u00dcNC\u00dc Y\u00dcKSE\u011e\u0130 OLACAK<\/strong><\/p>\n\n\n\n<p><strong>EKONOM\u0130YE YILDA 1,5 M\u0130LYAR L\u0130RA KATKI SA\u011eLAYACAK\u201d<\/strong><\/p>\n\n\n\n<p>Tar\u0131m ve Orman Bakan\u0131 Dr. Bekir Pakdemirli, in\u015faat \u00e7al\u0131\u015fmalar\u0131 devam eden Yusufeli Baraj\u0131\u2019n\u0131n 260 metre y\u00fcksekli\u011fe ula\u015f\u0131ld\u0131\u011f\u0131n\u0131 ve son 15 metreye girildi\u011fini belirterek, \u201cTamamland\u0131\u011f\u0131nda yakla\u015f\u0131k 2,5 milyon n\u00fcfuslu bir \u015fehrin y\u0131ll\u0131k enerji ihtiyac\u0131n\u0131 kar\u015f\u0131layacak ve ekonomiye y\u0131lda 1 milyar 500 milyon lira katk\u0131 sa\u011flayacak\u201d dedi.<\/p>\n\n\n\n<p>Yusufeli Baraj\u0131\u2019nda yap\u0131lan \u00e7al\u0131\u015fmalara ili\u015fkin a\u00e7\u0131klama yapan Tar\u0131m ve Orman Bakan\u0131 Dr. T\u00fcrkiye\u2019nin vizyon projelerinden olan Yusufeli Baraj\u0131\u2019n\u0131n tamamland\u0131\u011f\u0131nda 275 metre y\u00fcksekli\u011fi ile \u00e7ift e\u011frilikli beton kemer kategorisinde T\u00fcrkiye\u2019nin en y\u00fcksek, d\u00fcnyan\u0131n 3. y\u00fcksek baraj\u0131 olaca\u011f\u0131n\u0131 dile getirdi.<\/p>\n\n\n\n<p><strong>\u201cYUSUFEL\u0130, M\u00dcHEND\u0130SL\u0130K HAR\u0130KASI B\u0130R PROJE\u201d<\/strong><\/p>\n\n\n\n<p>Ge\u00e7en y\u0131l Cumhurba\u015fkan\u0131m\u0131z Recep Tayyip Erdo\u011fan\u2019\u0131n baraj in\u015faat\u0131n\u0131 ziyaret ederek \u2018Muhte\u015fem Bir Eser Ortaya \u00c7\u0131k\u0131yor\u2019 de\u011ferlendirmesinde bulundu\u011funu hat\u0131rlatan Bakan Pakdemirli, Yusufeli Baraj\u0131 in\u015faat\u0131nda \u00e7al\u0131\u015fmalar\u0131n yo\u011fun bir \u015fekilde devam etti\u011fini belirterek, \u201cZor co\u011frafi ko\u015fullar alt\u0131nda b\u00f6yle bir mega projeye imza at\u0131yoruz. Belgesellik ve m\u00fchendislik harikas\u0131 projedir\u201d dedi.<\/p>\n\n\n\n<p>Yusufeli Baraj\u0131 ve HES tesisinin kurulu g\u00fcc\u00fcn\u00fcn 558 MW ve y\u0131ll\u0131k enerji \u00fcretiminin 1 milyar 888 milyon KWh olaca\u011f\u0131n\u0131 dile getiren Pakdemirli, santral binas\u0131 ve enerji yap\u0131lar\u0131nda betonlama \u00e7al\u0131\u015fmalar\u0131n\u0131n planlad\u0131\u011f\u0131 \u015fekilde devam etti\u011fini belirtti. Baraj\u0131n tamamlanmas\u0131 ile milli b\u00fct\u00e7eye y\u0131ll\u0131k 1 milyar 500 milyon TL katk\u0131 sa\u011flanaca\u011f\u0131n\u0131 kaydeden Pakdemirli, proje sayesinde yakla\u015f\u0131k 2,5 milyon n\u00fcfuslu bir \u015fehrin y\u0131ll\u0131k enerji ihtiyac\u0131n\u0131n kar\u015f\u0131lanaca\u011f\u0131n\u0131 s\u00f6yledi.<\/p>\n\n\n\n<p><strong>G\u00d6VDE Y\u00dcKSEKL\u0130\u011e\u0130 260 METREYE ULA\u015eTI<\/strong><\/p>\n\n\n\n<p>Yusufeli Baraj\u0131nda g\u00fcnl\u00fck ortalama 4.400 metrek\u00fcp beton d\u00f6k\u00fcl\u00fcyor. G\u00f6vde betonunda ger\u00e7ekle\u015fme oran\u0131 y\u00fczde 93 oldu ve baraj 260 metre y\u00fcksekli\u011fe ula\u015fm\u0131\u015f durumda. Baraj g\u00f6vde y\u00fcksekli\u011fi in\u015faat\u0131nda son 15 metre kald\u0131.<\/p>\n\n\n\n<p>Yusufeli Baraj\u0131n\u0131n 275 metre g\u00f6vde y\u00fcksekli\u011fi ile Eyfel Kulesinden 25 metre k\u0131sad\u0131r. Baraj\u0131n g\u00f6vdesi 100 katl\u0131 bir g\u00f6kdelen y\u00fcksekli\u011findedir. Yusufeli Baraj\u0131n\u0131n g\u00f6vdesinde kullan\u0131lacak olan 4 milyon metrek\u00fcp beton ile Artvin\u2019den Edirne\u2019ye 13 metre platform geni\u015fli\u011finde beton yol yap\u0131labilir.<\/p>\n\n\n\n<p>Baraj tamamland\u0131\u011f\u0131nda 275 metre ile T\u00fcrkiye\u2019nin en y\u00fcksek baraj\u0131 olacak.<\/p>\n\n\n\n<p><strong>\u00c7ORUH\u2019TA TA\u015eKIN R\u0130SK\u0130 DE AZALTILACAK<\/strong><\/p>\n\n\n\n<p>Yusufeli Baraj\u0131 \u00fcretece\u011fi enerjinin yan\u0131 s\u0131ra di\u011fer barajlara da su kayna\u011f\u0131 olacak. Di\u011fer taraftan \u00c7oruh nehrinin getirece\u011fi rusubat\u0131 \u00f6nemli \u00f6l\u00e7\u00fcde tutarak di\u011fer barajlar\u0131n \u00f6mr\u00fcn\u00fcn uzamas\u0131na ve \u00c7oruh Nehrinde olu\u015fabilecek ta\u015fk\u0131n riskini de azaltacak.<\/p>\n","protected":false},"excerpt":{"rendered":"<p>BAKAN PAKDEM\u0130RL\u0130: \u201cTAMAMLANDI\u011eINDA T\u00dcRK\u0130YE\u2019N\u0130N EN Y\u00dcKSE\u011e\u0130, D\u00dcNYANIN 3\u2019\u00dcNC\u00dc Y\u00dcKSE\u011e\u0130 OLACAK EKONOM\u0130YE YILDA 1,5 M\u0130LYAR L\u0130RA KATKI SA\u011eLAYACAK\u201d Tar\u0131m ve Orman Bakan\u0131 Dr. Bekir Pakdemirli, in\u015faat \u00e7al\u0131\u015fmalar\u0131 devam eden Yusufeli Baraj\u0131\u2019n\u0131n 260 metre y\u00fcksekli\u011fe ula\u015f\u0131ld\u0131\u011f\u0131n\u0131 ve son 15 metreye girildi\u011fini belirterek, \u201cTamamland\u0131\u011f\u0131nda yakla\u015f\u0131k 2,5 milyon n\u00fcfuslu bir \u015fehrin y\u0131ll\u0131k enerji ihtiyac\u0131n\u0131 kar\u015f\u0131layacak ve ekonomiye y\u0131lda 1 &hellip;<\/p>\n","protected":false},"author":1,"featured_media":0,"comment_status":"open","ping_status":"open","sticky":false,"template":"","format":"standard","meta":[],"categories":[3],"tags":[],"_links":{"self":[{"href":"http:\/\/www.habertelgraf.com\/index.php?rest_route=\/wp\/v2\/posts\/556"}],"collection":[{"href":"http:\/\/www.habertelgraf.com\/index.php?rest_route=\/wp\/v2\/posts"}],"about":[{"href":"http:\/\/www.habertelgraf.com\/index.php?rest_route=\/wp\/v2\/types\/post"}],"author":[{"embeddable":true,"href":"http:\/\/www.habertelgraf.com\/index.php?rest_route=\/wp\/v2\/users\/1"}],"replies":[{"embeddable":true,"href":"http:\/\/www.habertelgraf.com\/index.php?rest_route=%2Fwp%2Fv2%2Fcomments&post=556"}],"version-history":[{"count":1,"href":"http:\/\/www.habertelgraf.com\/index.php?rest_route=\/wp\/v2\/posts\/556\/revisions"}],"predecessor-version":[{"id":558,"href":"http:\/\/www.habertelgraf.com\/index.php?rest_route=\/wp\/v2\/posts\/556\/revisions\/558"}],"wp:attachment":[{"href":"http:\/\/www.habertelgraf.com\/index.php?rest_route=%2Fwp%2Fv2%2Fmedia&parent=556"}],"wp:term":[{"taxonomy":"category","embeddable":true,"href":"http:\/\/www.habertelgraf.com\/index.php?rest_route=%2Fwp%2Fv2%2Fcategories&post=556"},{"taxonomy":"post_tag","embeddable":true,"href":"http:\/\/www.habertelgraf.com\/index.php?rest_route=%2Fwp%2Fv2%2Ftags&post=556"}],"curies":[{"name":"wp","href":"https:\/\/api.w.org\/{rel}","templated":true}]}}