{"id":562,"date":"2020-12-23T09:30:59","date_gmt":"2020-12-23T06:30:59","guid":{"rendered":"http:\/\/www.habertelgraf.com\/?p=562"},"modified":"2020-12-23T09:31:10","modified_gmt":"2020-12-23T06:31:10","slug":"petrol-fiyatlari-borsayi-nasil-etkiler","status":"publish","type":"post","link":"http:\/\/www.habertelgraf.com\/?p=562","title":{"rendered":"Petrol fiyatlar\u0131 borsay\u0131 nas\u0131l etkiler?"},"content":{"rendered":"\n<p>K\u00fcresel piyasalarda vadeli petrol fiyatlar\u0131, \u0130ngiltere&#8217;de koronavir\u00fcs\u00fcn mutasyon ge\u00e7irdi\u011finin ortaya \u00e7\u0131kmas\u0131yla ba\u015flayan seyahat yasaklar\u0131n\u0131n, k\u00fcresel yak\u0131t talebini bast\u0131raca\u011f\u0131na ili\u015fkin endi\u015feleri tetikleyince, vadeli petrol fiyatlar\u0131 Sal\u0131 g\u00fcn\u00fc y\u00fczde 1.0&#8217;\u0131n \u00fczerine d\u00fc\u015ft\u00fc. <\/p>\n\n\n\n<p>Seyahat yasaklar\u0131n\u0131n yan\u0131nda, Rusya Ba\u015fbakan Yard\u0131mc\u0131 Alexander Novak&#8217;\u0131n, petrol talebinde toparlanman\u0131n \u00fc\u00e7 y\u0131l\u0131 bulaca\u011f\u0131na ili\u015fkin a\u00e7\u0131klamalar\u0131 da, fiyatlar \u00fczerinde bask\u0131 olu\u015fturdu. <\/p>\n\n\n\n<p>Coronavir\u00fcste mutasyonun ortaya \u00e7\u0131kmas\u0131n\u0131n etkisiyle Birle\u015fik Krall\u0131k u\u00e7u\u015flar\u0131n\u0131 durdurdu\u011funa i\u015faret eden Novak, bu geli\u015fmenin de petrol fiyatlar\u0131 \u00fczerinde oumsuz etki yaratt\u0131\u011f\u0131na i\u015faret etti. <\/p>\n\n\n\n<p>Novak, buna kar\u015f\u0131n Covid-19 pandemisinde ikinci dalgan\u0131n petrol talebi \u00fczerindeki etkisinin ik dalgaya g\u00f6re daha yumu\u015fak oldu\u011funa dikkat \u00e7ekti. <\/p>\n\n\n\n<p>Geli\u015fmelerle, \u015eubat teslimi Brent petrol\u00fcn varil fiyat\u0131 y\u00fczde 1.77 d\u00fc\u015f\u00fc\u015fle 50.01 dolara kadar gerilerken, ayn\u0131 vadeli Teksas ham petrol\u00fcn\u00fcn varil fiyat\u0131 da y\u00fczde 1.94 d\u00fc\u015f\u00fc\u015fle 47.04 dolara indi.<\/p>\n","protected":false},"excerpt":{"rendered":"<p>K\u00fcresel piyasalarda vadeli petrol fiyatlar\u0131, \u0130ngiltere&#8217;de koronavir\u00fcs\u00fcn mutasyon ge\u00e7irdi\u011finin ortaya \u00e7\u0131kmas\u0131yla ba\u015flayan seyahat yasaklar\u0131n\u0131n, k\u00fcresel yak\u0131t talebini bast\u0131raca\u011f\u0131na ili\u015fkin endi\u015feleri tetikleyince, vadeli petrol fiyatlar\u0131 Sal\u0131 g\u00fcn\u00fc y\u00fczde 1.0&#8217;\u0131n \u00fczerine d\u00fc\u015ft\u00fc. Seyahat yasaklar\u0131n\u0131n yan\u0131nda, Rusya Ba\u015fbakan Yard\u0131mc\u0131 Alexander Novak&#8217;\u0131n, petrol talebinde toparlanman\u0131n \u00fc\u00e7 y\u0131l\u0131 bulaca\u011f\u0131na ili\u015fkin a\u00e7\u0131klamalar\u0131 da, fiyatlar \u00fczerinde bask\u0131 olu\u015fturdu. Coronavir\u00fcste mutasyonun ortaya \u00e7\u0131kmas\u0131n\u0131n &hellip;<\/p>\n","protected":false},"author":1,"featured_media":0,"comment_status":"open","ping_status":"open","sticky":false,"template":"","format":"standard","meta":[],"categories":[3],"tags":[],"_links":{"self":[{"href":"http:\/\/www.habertelgraf.com\/index.php?rest_route=\/wp\/v2\/posts\/562"}],"collection":[{"href":"http:\/\/www.habertelgraf.com\/index.php?rest_route=\/wp\/v2\/posts"}],"about":[{"href":"http:\/\/www.habertelgraf.com\/index.php?rest_route=\/wp\/v2\/types\/post"}],"author":[{"embeddable":true,"href":"http:\/\/www.habertelgraf.com\/index.php?rest_route=\/wp\/v2\/users\/1"}],"replies":[{"embeddable":true,"href":"http:\/\/www.habertelgraf.com\/index.php?rest_route=%2Fwp%2Fv2%2Fcomments&post=562"}],"version-history":[{"count":1,"href":"http:\/\/www.habertelgraf.com\/index.php?rest_route=\/wp\/v2\/posts\/562\/revisions"}],"predecessor-version":[{"id":563,"href":"http:\/\/www.habertelgraf.com\/index.php?rest_route=\/wp\/v2\/posts\/562\/revisions\/563"}],"wp:attachment":[{"href":"http:\/\/www.habertelgraf.com\/index.php?rest_route=%2Fwp%2Fv2%2Fmedia&parent=562"}],"wp:term":[{"taxonomy":"category","embeddable":true,"href":"http:\/\/www.habertelgraf.com\/index.php?rest_route=%2Fwp%2Fv2%2Fcategories&post=562"},{"taxonomy":"post_tag","embeddable":true,"href":"http:\/\/www.habertelgraf.com\/index.php?rest_route=%2Fwp%2Fv2%2Ftags&post=562"}],"curies":[{"name":"wp","href":"https:\/\/api.w.org\/{rel}","templated":true}]}}