{"id":564,"date":"2020-12-23T09:36:05","date_gmt":"2020-12-23T06:36:05","guid":{"rendered":"http:\/\/www.habertelgraf.com\/?p=564"},"modified":"2020-12-23T09:36:23","modified_gmt":"2020-12-23T06:36:23","slug":"analiz-tarimda-tehlike-canlari","status":"publish","type":"post","link":"http:\/\/www.habertelgraf.com\/?p=564","title":{"rendered":"ANAL\u0130Z &#8211; Tar\u0131mda tehlike \u00e7anlar\u0131"},"content":{"rendered":"\n<p>Tar\u0131msal girdi fiyatlar\u0131 (Tar\u0131m-GFE) Ekim&#8217;de ayl\u0131k bazda y\u00fczde 2.74, y\u0131ll\u0131k bazda da y\u00fczde 12.64 y\u00fckseldi. <\/p>\n\n\n\n<p>T\u00fcrkiye \u0130statistik Kurumu&#8217;nun (T\u00dc\u0130K) verilerine g\u00f6re, tar\u0131msal girdi fiyatlar\u0131 Ocak-Ekim d\u00f6neminde y\u00fczde 10.82 ve 12 ayl\u0131k ortalamalara g\u00f6re y\u00fczde 8.62 y\u00fckseldi. <\/p>\n\n\n\n<p><\/p>\n\n\n\n<p>Ayl\u0131k bazda, tar\u0131msal yat\u0131r\u0131ma katk\u0131 sa\u011flayan mal ve hizmet fiyatlar\u0131 y\u00fczde 2.41, tar\u0131mda kullan\u0131lan mal ve hizmet fiyatlar\u0131 y\u00fczde 2.79 artt\u0131. <\/p>\n\n\n\n<p><\/p>\n\n\n\n<p>Y\u0131ll\u0131k bazda da, tar\u0131mda kullan\u0131lan mal ve hizmet fiyatlar\u0131 y\u00fczde 12.18, tar\u0131msal yat\u0131r\u0131ma katk\u0131 sa\u011flayan mal ve hizmet fiyatlar\u0131 y\u00fczde 15.46 y\u00fckseldi. <\/p>\n\n\n\n<p><\/p>\n\n\n\n<p>Buna g\u00f6re, y\u0131ll\u0131k en fazla azal\u0131\u015f y\u00fczde 3.61 ile veteriner harcamalar\u0131 alt grubunda oldu. <\/p>\n\n\n\n<p><\/p>\n\n\n\n<p>Y\u0131ll\u0131k bazda fiyatlar\u0131 azalan alt gruplar ise, y\u00fczde 1.16 ile enerji ve ya\u011flar ve y\u00fczde 0.12 ile tohum ve dikim materyali oldu. Buna kar\u015f\u0131l\u0131k, y\u0131ll\u0131k bazda en fazla art\u0131\u015f s\u0131ras\u0131yla y\u00fczde 30.58 ile makine bak\u0131m masraflar\u0131, y\u00fczde 20.18 ile hayvan yemi alt gruplar\u0131nda ger\u00e7ekle\u015fti. <\/p>\n\n\n\n<p>Tar\u0131msal girdi fiyatlar\u0131nda ayl\u0131k en az art\u0131\u015f y\u00fczde 0.78 ile tar\u0131msal ila\u00e7lar alt grubunda oldu. Ayl\u0131k bazda en az art\u0131\u015f g\u00f6steren di\u011fer alt gruplar ise y\u00fczde 1.46 ile di\u011fer mal ve hizmetler ve y\u00fczde 1.62 ile veteriner harcamalar\u0131 oldu.<\/p>\n","protected":false},"excerpt":{"rendered":"<p>Tar\u0131msal girdi fiyatlar\u0131 (Tar\u0131m-GFE) Ekim&#8217;de ayl\u0131k bazda y\u00fczde 2.74, y\u0131ll\u0131k bazda da y\u00fczde 12.64 y\u00fckseldi. T\u00fcrkiye \u0130statistik Kurumu&#8217;nun (T\u00dc\u0130K) verilerine g\u00f6re, tar\u0131msal girdi fiyatlar\u0131 Ocak-Ekim d\u00f6neminde y\u00fczde 10.82 ve 12 ayl\u0131k ortalamalara g\u00f6re y\u00fczde 8.62 y\u00fckseldi. Ayl\u0131k bazda, tar\u0131msal yat\u0131r\u0131ma katk\u0131 sa\u011flayan mal ve hizmet fiyatlar\u0131 y\u00fczde 2.41, tar\u0131mda kullan\u0131lan mal ve hizmet fiyatlar\u0131 y\u00fczde &hellip;<\/p>\n","protected":false},"author":1,"featured_media":41,"comment_status":"open","ping_status":"open","sticky":false,"template":"","format":"standard","meta":[],"categories":[3],"tags":[],"_links":{"self":[{"href":"http:\/\/www.habertelgraf.com\/index.php?rest_route=\/wp\/v2\/posts\/564"}],"collection":[{"href":"http:\/\/www.habertelgraf.com\/index.php?rest_route=\/wp\/v2\/posts"}],"about":[{"href":"http:\/\/www.habertelgraf.com\/index.php?rest_route=\/wp\/v2\/types\/post"}],"author":[{"embeddable":true,"href":"http:\/\/www.habertelgraf.com\/index.php?rest_route=\/wp\/v2\/users\/1"}],"replies":[{"embeddable":true,"href":"http:\/\/www.habertelgraf.com\/index.php?rest_route=%2Fwp%2Fv2%2Fcomments&post=564"}],"version-history":[{"count":1,"href":"http:\/\/www.habertelgraf.com\/index.php?rest_route=\/wp\/v2\/posts\/564\/revisions"}],"predecessor-version":[{"id":565,"href":"http:\/\/www.habertelgraf.com\/index.php?rest_route=\/wp\/v2\/posts\/564\/revisions\/565"}],"wp:featuredmedia":[{"embeddable":true,"href":"http:\/\/www.habertelgraf.com\/index.php?rest_route=\/wp\/v2\/media\/41"}],"wp:attachment":[{"href":"http:\/\/www.habertelgraf.com\/index.php?rest_route=%2Fwp%2Fv2%2Fmedia&parent=564"}],"wp:term":[{"taxonomy":"category","embeddable":true,"href":"http:\/\/www.habertelgraf.com\/index.php?rest_route=%2Fwp%2Fv2%2Fcategories&post=564"},{"taxonomy":"post_tag","embeddable":true,"href":"http:\/\/www.habertelgraf.com\/index.php?rest_route=%2Fwp%2Fv2%2Ftags&post=564"}],"curies":[{"name":"wp","href":"https:\/\/api.w.org\/{rel}","templated":true}]}}